{"id":28361,"date":"2022-07-06T08:49:08","date_gmt":"2022-07-06T14:49:08","guid":{"rendered":"https:\/\/eloficiodehistoriar.com.mx\/?p=28361"},"modified":"2022-07-06T08:49:08","modified_gmt":"2022-07-06T14:49:08","slug":"en-200-textos-escritos-en-el-libro-escrituras-unam-existe-un-recorrido-intimo-y-personal-de-frida-kahlo","status":"publish","type":"post","link":"https:\/\/eloficiodehistoriar.com.mx\/?p=28361","title":{"rendered":"En 200 textos escritos en el libro \u00abEscrituras\u00bb UNAM existe un recorrido \u00edntimo y personal de Frida Kahlo"},"content":{"rendered":"<div id=\"article-cont\" class=\"main-cont article-cont actuality\">\n<div class=\"cabeza\">Redita la UNAM las cartas de Frida Kahlo con m\u00e1s de 100 materiales nuevos<\/div>\n<div class=\"sumarios\"><\/div>\n<div id=\"article-text\" class=\"text\">\n<div class=\"col col1\">\n<div class=\"credito-autor\">Alondra Flores Soto<\/div>\n<div class=\"credito-titulo\"><\/div>\n<div class=\"hemero\">Peri\u00f3dico La Jornada<br \/>\nMi\u00e9rcoles 6 de julio de 2022, p. 4<\/div>\n<p class=\"s-s\">Las cartas de Frida Kahlo est\u00e1n disponibles nuevamente en librer\u00edas mexicanas, despu\u00e9s de a\u00f1os que la publicaci\u00f3n estuvo agotada. La Universidad Nacional Aut\u00f3noma de M\u00e9xico (UNAM) redit\u00f3 el libro\u00a0<em>Escrituras<\/em>, lo que permite conocer un estilo fresco y desparpajado, la forma en que contaba an\u00e9cdotas, chismes y sus pensamientos m\u00e1s \u00edntimos para conocer a la persona real, alejada del mito que la mercadotecnia ha explotado en las \u00faltimas d\u00e9cadas.<\/p>\n<p>Diego Garc\u00eda, coordinador del programa editorial Divulgaci\u00f3n de las Humanidades de la UNAM, comenta que tras el furor mundial que ha tenido la pintora mexicana no va a cambiar la imagen que se tiene de ella. Hoy, que se cumplen 115 a\u00f1os de su aniversario, con esta correspondencia personal es posible conocer y hasta querer m\u00e1s a Frida; adem\u00e1s, la publicaci\u00f3n universitaria se ofrece a un precio muy accesible.<\/p>\n<p>En el libro se han agrupado cronol\u00f3gicamente m\u00e1s de 200 textos, escritos entre 1922 y 1954, recopilados en una labor tit\u00e1nica que hizo la cr\u00edtica de arte Raquel Tibol. El recorrido biogr\u00e1fico empieza con Frida de 15 a\u00f1os cuando dirige una carta al director de la Escuela Nacional Preparatoria, en la que solicita ser transferida a esta instituci\u00f3n. La \u00faltima, un escrito en el aniversario luctuoso de su amiga Isabel Villase\u00f1or, en marzo de 1954.\u00a0<q>Siempre estar\u00e1s sobre la tierra de M\u00e9xico viva<\/q>, le dedica. Kahlo muri\u00f3 cuatro meses despu\u00e9s.<\/p>\n<p>La lectura que se propone permite este acercamiento \u00edntimo,\u00a0<q>es fant\u00e1stico, este libro, ordenado cronol\u00f3gicamente, se lee como una novela, avanzando desde que es una chamaquita en la preparatoria. Como no tenemos las respuestas, se queda uno con la intriga<\/q>, comenta Garc\u00eda, responsable de la edici\u00f3n en el sello C\u00e1tedra Universitaria. Su encuentro con Frida fue de ni\u00f1o, recuerda, cuando en el Museo de Arte Moderno le impresion\u00f3 mucho el cuadro de las\u00a0<em>Las dos Fridas<\/em>.<\/p>\n<\/div>\n<div class=\"col col2\">\n<div class=\"foto\">\n<div class=\"pie-foto\">Entre m\u00e1s de 200 textos, escritos entre 1922 y 1954, el libro <em>Escrituras<\/em>, publicado por la Universidad Nacional Aut\u00f3noma de M\u00e9xico, ofrece un recorrido \u00edntimo y personal de la pintora Frida Kahlo, de quien hoy se celebra su 115 aniversario.<\/div>\n<\/div>\n<p>Sin embargo, despu\u00e9s surgi\u00f3 cierto prejuicio contra Frida,\u00a0<q>vino toda esta cosa mercadot\u00e9cnica por furor que me hizo verla distinto, incluso de no querer ni acercarme al personaje. Pero al momento de llegar a este libro y leer las cartas, me gan\u00f3. Pude darme cuenta del gran personaje que es, el gran sentido del humor que tiene, yo casi podr\u00eda ser otro de los fridomaniacos<\/q>.<\/p>\n<p>La pintora hace un uso del lenguaje particular,\u00a0<q>es muy divertido, con un humor muy negro cuando habla de su accidente; es una gran escritora. Tiene una alternancia del ingl\u00e9s al espa\u00f1ol que puede prefigurar la literatura de los chicanos o los cholos<\/q>.<\/p>\n<p>La recopilaci\u00f3n de cartas de Frida se public\u00f3 primero en la UNAM, pues Raquel Tibol lleg\u00f3 a ofrecerlas. Despu\u00e9s se llev\u00f3 la edici\u00f3n al circuito comercial, a Random House, comenta Diego Garc\u00eda con motivo del regreso de este texto a la m\u00e1xima casa de estudios. La redici\u00f3n cuenta con m\u00e1s de cien materiales nuevos, adem\u00e1s de que se complementaron y revisaron otros aspectos. Los herederos de Tibol, quien falleci\u00f3 en 2015, fueron los que buscaron a la editorial universitaria.<\/p>\n<p>La reaparici\u00f3n de este trabajo de la investigadora, que hizo cuando a\u00fan era joven y reci\u00e9n hab\u00eda llegado a M\u00e9xico, tambi\u00e9n es un homenaje a la cr\u00edtica de arte,\u00a0<q>su hijo y su yerno (quien falleci\u00f3 hace poco y alcanz\u00f3 a ver el libro) lo estuvieron trabajando, completaron varias de las notas originales y revisaron los archivos de Raquel<\/q>.<\/p>\n<\/div>\n<\/div>\n<div class=\"go gui\">\n<div class=\"go-up\"><\/div>\n<\/div>\n<\/div>\n<div id=\"taboola-below-content-thumbnails\" class=\" trc_related_container trc_spotlight_widget tbl-feed-container tbl-feed-frame-DIVIDER  render-late-effect\" data-feed-container-num=\"1\" data-feed-main-container-id=\"taboola-below-content-thumbnails\" data-parent-placement-name=\"Below Content Thumbnails\" data-pub-lang=\"es\">\n<div class=\" tbl-feed-header tbl-logo-right-position\">\n<div class=\"tbl-feed-header-logo\"><\/div>\n<\/div>\n<\/div>\n","protected":false},"excerpt":{"rendered":"<p>Redita la UNAM las cartas de Frida Kahlo con m\u00e1s de 100 materiales nuevos Alondra Flores Soto Peri\u00f3dico La Jornada Mi\u00e9rcoles 6 de julio de 2022, p. 4 Las cartas de Frida Kahlo est\u00e1n disponibles nuevamente en librer\u00edas mexicanas, despu\u00e9s de a\u00f1os que la publicaci\u00f3n estuvo agotada. La Universidad Nacional Aut\u00f3noma de M\u00e9xico (UNAM) redit\u00f3 [&hellip;]<\/p>\n","protected":false},"author":249,"featured_media":28362,"comment_status":"open","ping_status":"closed","sticky":false,"template":"","format":"standard","meta":{"footnotes":""},"categories":[26],"tags":[],"class_list":["post-28361","post","type-post","status-publish","format-standard","has-post-thumbnail","hentry","category-mundo"],"_links":{"self":[{"href":"https:\/\/eloficiodehistoriar.com.mx\/index.php?rest_route=\/wp\/v2\/posts\/28361","targetHints":{"allow":["GET"]}}],"collection":[{"href":"https:\/\/eloficiodehistoriar.com.mx\/index.php?rest_route=\/wp\/v2\/posts"}],"about":[{"href":"https:\/\/eloficiodehistoriar.com.mx\/index.php?rest_route=\/wp\/v2\/types\/post"}],"author":[{"embeddable":true,"href":"https:\/\/eloficiodehistoriar.com.mx\/index.php?rest_route=\/wp\/v2\/users\/249"}],"replies":[{"embeddable":true,"href":"https:\/\/eloficiodehistoriar.com.mx\/index.php?rest_route=%2Fwp%2Fv2%2Fcomments&post=28361"}],"version-history":[{"count":1,"href":"https:\/\/eloficiodehistoriar.com.mx\/index.php?rest_route=\/wp\/v2\/posts\/28361\/revisions"}],"predecessor-version":[{"id":28363,"href":"https:\/\/eloficiodehistoriar.com.mx\/index.php?rest_route=\/wp\/v2\/posts\/28361\/revisions\/28363"}],"wp:featuredmedia":[{"embeddable":true,"href":"https:\/\/eloficiodehistoriar.com.mx\/index.php?rest_route=\/wp\/v2\/media\/28362"}],"wp:attachment":[{"href":"https:\/\/eloficiodehistoriar.com.mx\/index.php?rest_route=%2Fwp%2Fv2%2Fmedia&parent=28361"}],"wp:term":[{"taxonomy":"category","embeddable":true,"href":"https:\/\/eloficiodehistoriar.com.mx\/index.php?rest_route=%2Fwp%2Fv2%2Fcategories&post=28361"},{"taxonomy":"post_tag","embeddable":true,"href":"https:\/\/eloficiodehistoriar.com.mx\/index.php?rest_route=%2Fwp%2Fv2%2Ftags&post=28361"}],"curies":[{"name":"wp","href":"https:\/\/api.w.org\/{rel}","templated":true}]}}