{"id":28364,"date":"2022-07-06T08:54:31","date_gmt":"2022-07-06T14:54:31","guid":{"rendered":"https:\/\/eloficiodehistoriar.com.mx\/?p=28364"},"modified":"2022-07-06T08:54:31","modified_gmt":"2022-07-06T14:54:31","slug":"maldita-vecindad-y-los-hijos-del-quinto-patio-en-el-zocalo-y-la-exposicion-masivos-en-mexico-tenochtitlan","status":"publish","type":"post","link":"https:\/\/eloficiodehistoriar.com.mx\/?p=28364","title":{"rendered":"Maldita Vecindad y Los Hijos del Quinto Patio en el Z\u00f3calo y la exposici\u00f3n\u00a0Masivos en M\u00e9xico-Tenochtitlan"},"content":{"rendered":"<div id=\"article-cont\" class=\"main-cont article-cont actuality\">\n<div class=\"cabeza\"><em>Masivos en M\u00e9xico-Tenochtitlan<\/em>\u00a0busca visibilizar la historia de movimientos sociales<\/div>\n<div class=\"sumarios\"><\/div>\n<div id=\"article-text\" class=\"text\">\n<div class=\"foto\">\n<div class=\"pie-foto\">De la redacci\u00f3n<\/div>\n<\/div>\n<div class=\"col col1\">\n<div class=\"credito-titulo\"><\/div>\n<div class=\"hemero\">La Jornada<\/p>\n<\/div>\n<p class=\"s-s\">El regreso de La Maldita Vecindad y Los Hijos del Quinto Patio en el Z\u00f3calo capitalino, impulsado por la Secretar\u00eda de Cultura de la Ciudad de M\u00e9xico, estar\u00e1 acompa\u00f1ado por la exposici\u00f3n\u00a0<em>Masivos en M\u00e9xico-Tenochtitlan<\/em>. Tambi\u00e9n se presentar\u00e1 una charla en el Museo de la Ciudad de M\u00e9xico que busca reivindicar al rock y otros g\u00e9neros musicales como instrumentos de transformaci\u00f3n social y cultural del pa\u00eds.<\/p>\n<p>Ser\u00e1 el pr\u00f3ximo 16 de julio a las 19 horas cuando la agrupaci\u00f3n har\u00e1 resonar emblem\u00e1ticos temas como\u00a0<em>Kumbala<\/em>,\u00a0<em>Sol\u00edn<\/em>,\u00a0<em>Don palabras<\/em>\u00a0y\u00a0<em>Pachuco<\/em>, entre otros temas, en el escenario m\u00e1s importante del pa\u00eds, al cual retorna despu\u00e9s de casi cinco a\u00f1os, y en donde tendr\u00e1 como invitados especiales a Hamac Caziim, Janeydi Molina y DJ Lalo Rapa, Brianda Danitza Romero, Lisandro Romero, Betsab\u00e9 Torres y Roberto Molina\u00a0<em>Toro Canelo<\/em>, artistas que cantar\u00e1n en lenguas originarias.<\/p>\n<p>La presentaci\u00f3n musical ser\u00e1 precedida por la exposici\u00f3n\u00a0<em>Masivos en M\u00e9xico-Tenochtitlan<\/em>\u00a0montada en el Patio Central del Museo de la Ciudad de M\u00e9xico, que se inaugurar\u00e1 el 7 de julio a las 17 horas. Dicho acto contar\u00e1 con una charla entre el vocalista y fundador de La Maldita Vecindad, Roco Pachukote, y su compa\u00f1ero Pato Montes; tambi\u00e9n estar\u00e1n presentes Argel G\u00f3mez, director de Grandes Festivales de la Secretar\u00eda de Cultura capitalina, y la cantante y conferencista Tere Estrada, quienes hablar\u00e1n de la historia de estos conciertos y la recuperaci\u00f3n del espacio p\u00fablico para la cultura.<\/p>\n<\/div>\n<div class=\"col col2\">\n<p>Mediante 12 im\u00e1genes,\u00a0<em>Masivos en M\u00e9xico-Tenochtitlan<\/em>\u00a0busca visibilizar la historia de los movimientos sociales urbanos y c\u00f3mo estos orquestaron su resistencia en las expresiones musicales combativas mediante conciertos masivos que dieron voz a las juventudes de la Ciudad de M\u00e9xico y a las expresiones art\u00edsticas musicales aliadas a sus consignas.<\/p>\n<p>La Maldita Vecindad recordar\u00e1 su nacimiento ocurrido en el contexto del movimiento del Consejo Estudiantil de 1986, acontecimiento que, entre muchos otros, forma parte de la dura batalla que ha tenido el rock y sus vertientes para marcar la escena cultural del pa\u00eds.<\/p>\n<\/div>\n<\/div>\n<div class=\"go gui\">\n<div class=\"go-up\"><\/div>\n<\/div>\n<\/div>\n<div id=\"taboola-below-content-thumbnails\" class=\" trc_related_container trc_spotlight_widget tbl-feed-container tbl-feed-frame-DIVIDER  render-late-effect\" data-feed-container-num=\"1\" data-feed-main-container-id=\"taboola-below-content-thumbnails\" data-parent-placement-name=\"Below Content Thumbnails\" data-pub-lang=\"es\">\n<div class=\" tbl-feed-header tbl-logo-right-position\">\n<div class=\"tbl-feed-header-logo\"><\/div>\n<\/div>\n<\/div>\n","protected":false},"excerpt":{"rendered":"<p>Masivos en M\u00e9xico-Tenochtitlan\u00a0busca visibilizar la historia de movimientos sociales De la redacci\u00f3n La Jornada El regreso de La Maldita Vecindad y Los Hijos del Quinto Patio en el Z\u00f3calo capitalino, impulsado por la Secretar\u00eda de Cultura de la Ciudad de M\u00e9xico, estar\u00e1 acompa\u00f1ado por la exposici\u00f3n\u00a0Masivos en M\u00e9xico-Tenochtitlan. Tambi\u00e9n se presentar\u00e1 una charla en el [&hellip;]<\/p>\n","protected":false},"author":249,"featured_media":28365,"comment_status":"open","ping_status":"closed","sticky":false,"template":"","format":"standard","meta":{"footnotes":""},"categories":[26],"tags":[],"class_list":["post-28364","post","type-post","status-publish","format-standard","has-post-thumbnail","hentry","category-mundo"],"_links":{"self":[{"href":"https:\/\/eloficiodehistoriar.com.mx\/index.php?rest_route=\/wp\/v2\/posts\/28364","targetHints":{"allow":["GET"]}}],"collection":[{"href":"https:\/\/eloficiodehistoriar.com.mx\/index.php?rest_route=\/wp\/v2\/posts"}],"about":[{"href":"https:\/\/eloficiodehistoriar.com.mx\/index.php?rest_route=\/wp\/v2\/types\/post"}],"author":[{"embeddable":true,"href":"https:\/\/eloficiodehistoriar.com.mx\/index.php?rest_route=\/wp\/v2\/users\/249"}],"replies":[{"embeddable":true,"href":"https:\/\/eloficiodehistoriar.com.mx\/index.php?rest_route=%2Fwp%2Fv2%2Fcomments&post=28364"}],"version-history":[{"count":1,"href":"https:\/\/eloficiodehistoriar.com.mx\/index.php?rest_route=\/wp\/v2\/posts\/28364\/revisions"}],"predecessor-version":[{"id":28366,"href":"https:\/\/eloficiodehistoriar.com.mx\/index.php?rest_route=\/wp\/v2\/posts\/28364\/revisions\/28366"}],"wp:featuredmedia":[{"embeddable":true,"href":"https:\/\/eloficiodehistoriar.com.mx\/index.php?rest_route=\/wp\/v2\/media\/28365"}],"wp:attachment":[{"href":"https:\/\/eloficiodehistoriar.com.mx\/index.php?rest_route=%2Fwp%2Fv2%2Fmedia&parent=28364"}],"wp:term":[{"taxonomy":"category","embeddable":true,"href":"https:\/\/eloficiodehistoriar.com.mx\/index.php?rest_route=%2Fwp%2Fv2%2Fcategories&post=28364"},{"taxonomy":"post_tag","embeddable":true,"href":"https:\/\/eloficiodehistoriar.com.mx\/index.php?rest_route=%2Fwp%2Fv2%2Ftags&post=28364"}],"curies":[{"name":"wp","href":"https:\/\/api.w.org\/{rel}","templated":true}]}}