{"id":28367,"date":"2022-07-06T09:02:04","date_gmt":"2022-07-06T15:02:04","guid":{"rendered":"https:\/\/eloficiodehistoriar.com.mx\/?p=28367"},"modified":"2022-07-06T09:02:04","modified_gmt":"2022-07-06T15:02:04","slug":"banquete-de-peliculas-llega-la-muestra-internacional-de-la-cineteca-a-xalapa","status":"publish","type":"post","link":"https:\/\/eloficiodehistoriar.com.mx\/?p=28367","title":{"rendered":"\u00a1Banquete de pel\u00edculas\u00a1 Llega la Muestra Internacional de la Cineteca a Xalapa\u00a0"},"content":{"rendered":"<div>\n<h4 class=\"title\">\u00a1Banquete de pel\u00edculas\u00a1 Llega la Muestra Internacional de la Cineteca a Xalapa<\/h4>\n<\/div>\n<h3 class=\"subtitle\">Muestra tendr\u00e1 10 pel\u00edculas de M\u00e9xico, Rusia, Ucrania, Francia, Jap\u00f3n, Israel, B\u00e9lgica y Alemania<\/h3>\n<div class=\"lead-gallery \">\n<div class=\"teaser  owl-carousel owl-theme\">\n<div class=\"owl-wrapper-outer\">\n<div class=\"owl-wrapper\">\n<div class=\"owl-item\">\n<div class=\"img-container picture\">\n<div id=\"standard_1\" class=\"st-placement standard_1 inImage\">\n<div class=\"st-adunit st-reset st-show\">Xalape\u00f1os podr\u00e1n disfrutar nuevamente la Muestra Internacional de la Cineteca<\/div>\n<\/div>\n<\/div>\n<\/div>\n<\/div>\n<\/div>\n<\/div>\n<\/div>\n<div id=\"affix-share\" class=\"sharing-menu affix\">\n<ul>\n<li>Maribel S\u00e1nchez<\/li>\n<li>Diario de Xalapa<\/li>\n<\/ul>\n<\/div>\n<div class=\"content-body clearfix \">\n<div id=\"content-body-225-8551374\">\n<p>La Muestra Internacional de\u00a0<b>Cine de la Cineteca Nacional<\/b>, considerada por los cin\u00e9filos como el banquete f\u00edlmico por excelencia, podr\u00e1 ser disfrutado nuevamente\u00a0<b>en Xalapa tras dos a\u00f1os de ausencia, del 12 al 17 de julio.<\/b><\/p>\n<p><i>Esta vez la 71\u00aa Muestra tendr\u00e1 como sede la Galer\u00eda de Arte Contempor\u00e1neo y la selecci\u00f3n incluye 10 pel\u00edculas de directores de\u00a0<b>M\u00e9xico, Rusia, Ucrania, Francia, Jap\u00f3n, Israel, B\u00e9lgica y Alemania.<\/b><\/i><\/p>\n<\/div>\n<\/div>\n<div class=\"advertisment \">\n<div id=\"dfp-nota-1x3s\" data-google-query-id=\"CNPAvd_C5PgCFReApgQdZ_cGhw\">\n<div id=\"google_ads_iframe_\/2000002\/diariodexalapa\/mexico_nota_1x3_0__container__\">De acuerdo con el programa difundido por el Instituto Veracruzano de la Cultura, los filmes est\u00e1n centrados en migraci\u00f3n, violencia de g\u00e9nero, discriminaci\u00f3n, prejuicios sociales, arte, amor y desarrollo humano.<\/div>\n<\/div>\n<\/div>\n<article class=\"content-continued-body clearfix \">\n<div id=\"content-body-5851641-8551374\">\n<div id=\"standard_12\" class=\"st-placement standard_12 inArticle\"><\/div>\n<p>Los interesados en asistir tendr\u00e1n acceso a las funciones sin costo y est\u00e1 planeado proyectar dos pel\u00edculas por d\u00eda, a las 17 y a las 19 horas, en tanto para el cierre, el domingo 17, solo a las 18 horas.\u00a0<i>La selecci\u00f3n incluye dos pel\u00edculas mexicanas, Traves\u00edas, de Sergio Flores Thorija, sobre migraci\u00f3n y fronteras, y Nudo mixteco, de \u00c1ngeles Cruz, acerca de prejuicios que enfrentan mujeres. Adem\u00e1s, \u00a1Queridos camaradas!, de Andr\u00e9i Konchalovski, en torno al clima social en la Uni\u00f3n Sovi\u00e9tica de la posguerra, y Detengan la tierra, de Kateryna Gornostai, sobre adolescencia en Ucrania.<\/i><\/p>\n<p><b>Otros filmes son La traviata, mis hermanos y yo, de Yohan Manca, sobre las artes, y Ensayo de un crimen, adaptaci\u00f3n libre de Luis Bu\u00f1uel sobre la novela de Rodolfo Usigli.<\/b><\/p>\n<p><i>Tambi\u00e9n, La ruleta de la fortuna y la fantas\u00eda, de Ryusuke Hamaguchi, quien se centra en la clase media japonesa, y Nosotras, de Filippo Meneghetti que cuestiona los prejuicios hacia la comunidad LGBT. Voces doradas, de Evgeny Ruman, presenta a una pareja jud\u00eda, y Solo una mujer, de Sherry Hormann, habla de feminicidio. La cita es en Xalape\u00f1os Ilustres 135.<\/i><\/p>\n<\/div>\n<\/article>\n","protected":false},"excerpt":{"rendered":"<p>\u00a1Banquete de pel\u00edculas\u00a1 Llega la Muestra Internacional de la Cineteca a Xalapa Muestra tendr\u00e1 10 pel\u00edculas de M\u00e9xico, Rusia, Ucrania, Francia, Jap\u00f3n, Israel, B\u00e9lgica y Alemania Xalape\u00f1os podr\u00e1n disfrutar nuevamente la Muestra Internacional de la Cineteca Maribel S\u00e1nchez Diario de Xalapa La Muestra Internacional de\u00a0Cine de la Cineteca Nacional, considerada por los cin\u00e9filos como el [&hellip;]<\/p>\n","protected":false},"author":249,"featured_media":28368,"comment_status":"open","ping_status":"closed","sticky":false,"template":"","format":"standard","meta":{"footnotes":""},"categories":[26],"tags":[],"class_list":["post-28367","post","type-post","status-publish","format-standard","has-post-thumbnail","hentry","category-mundo"],"_links":{"self":[{"href":"https:\/\/eloficiodehistoriar.com.mx\/index.php?rest_route=\/wp\/v2\/posts\/28367","targetHints":{"allow":["GET"]}}],"collection":[{"href":"https:\/\/eloficiodehistoriar.com.mx\/index.php?rest_route=\/wp\/v2\/posts"}],"about":[{"href":"https:\/\/eloficiodehistoriar.com.mx\/index.php?rest_route=\/wp\/v2\/types\/post"}],"author":[{"embeddable":true,"href":"https:\/\/eloficiodehistoriar.com.mx\/index.php?rest_route=\/wp\/v2\/users\/249"}],"replies":[{"embeddable":true,"href":"https:\/\/eloficiodehistoriar.com.mx\/index.php?rest_route=%2Fwp%2Fv2%2Fcomments&post=28367"}],"version-history":[{"count":1,"href":"https:\/\/eloficiodehistoriar.com.mx\/index.php?rest_route=\/wp\/v2\/posts\/28367\/revisions"}],"predecessor-version":[{"id":28369,"href":"https:\/\/eloficiodehistoriar.com.mx\/index.php?rest_route=\/wp\/v2\/posts\/28367\/revisions\/28369"}],"wp:featuredmedia":[{"embeddable":true,"href":"https:\/\/eloficiodehistoriar.com.mx\/index.php?rest_route=\/wp\/v2\/media\/28368"}],"wp:attachment":[{"href":"https:\/\/eloficiodehistoriar.com.mx\/index.php?rest_route=%2Fwp%2Fv2%2Fmedia&parent=28367"}],"wp:term":[{"taxonomy":"category","embeddable":true,"href":"https:\/\/eloficiodehistoriar.com.mx\/index.php?rest_route=%2Fwp%2Fv2%2Fcategories&post=28367"},{"taxonomy":"post_tag","embeddable":true,"href":"https:\/\/eloficiodehistoriar.com.mx\/index.php?rest_route=%2Fwp%2Fv2%2Ftags&post=28367"}],"curies":[{"name":"wp","href":"https:\/\/api.w.org\/{rel}","templated":true}]}}