{"id":28371,"date":"2022-07-07T09:24:46","date_gmt":"2022-07-07T15:24:46","guid":{"rendered":"https:\/\/eloficiodehistoriar.com.mx\/?p=28371"},"modified":"2022-07-07T09:24:46","modified_gmt":"2022-07-07T15:24:46","slug":"enorme-agujero-de-ozono-fue-identificado-en-la-atmosfera-del-planeta-en-la-region-tropical","status":"publish","type":"post","link":"https:\/\/eloficiodehistoriar.com.mx\/?p=28371","title":{"rendered":"Enorme\u00a0agujero de ozono fue identificado en la atm\u00f3sfera del planeta en la regi\u00f3n tropical."},"content":{"rendered":"<div id=\"article-cont\" class=\"main-cont article-cont actuality\">\n<div class=\"cabeza\">Identifican\u00a0<q>enorme<\/q>\u00a0agujero de ozono sobre la regi\u00f3n tropical del planeta<\/div>\n<div class=\"sumarios\">\n<p>Aparece desde hace unas cuatro d\u00e9cadas en todas las estaciones del a\u00f1o \/\/ Es siete veces m\u00e1s grande que el ant\u00e1rtico, que se abre cada primavera<\/p>\n<\/div>\n<div id=\"article-text\" class=\"text\">\n<div class=\"foto\">\n<div class=\"pie-foto\">Cient\u00edfico lanza un globo meteorol\u00f3gico con una sonda de ozono desde el Polo Sur, en marzo de 2021.<\/div>\n<div><\/div>\n<\/div>\n<div class=\"col col1\">\n<div class=\"credito-autor\">De la Redacci\u00f3n<\/div>\n<div class=\"credito-titulo\"><\/div>\n<div class=\"hemero\">La Jornada<\/p>\n<\/div>\n<p class=\"s-s\">Un\u00a0<q>enorme<\/q>\u00a0agujero de ozono que no se sospechaba que existiera fue identificado en la atm\u00f3sfera del planeta en casi toda la regi\u00f3n tropical.<\/p>\n<p>Es una brecha que se hace durante todo el a\u00f1o en la capa de ozono, y es siete veces m\u00e1s grande que el agujero ant\u00e1rtico m\u00e1s conocido que se abre cada primavera.<\/p>\n<p><q>La profundidad de este agujero de ozono tropical para todas las estaciones es comparable a la del conocido agujero de ozono de primavera sobre la Ant\u00e1rtida. En el centro del agujero de ozono tropical o ant\u00e1rtico m\u00e1s profundo, alrededor de 80 por ciento del valor normal de ozono se agota, mientras la reducci\u00f3n media anual del gas en la estratosfera inferior sobre los tr\u00f3picos debido a la temperatura m\u00e1s fr\u00eda es unas 1.6 veces mayor que en la Ant\u00e1rtida y 7.7 que en el \u00c1rtico<\/q>.<\/p>\n<p>Qing-Bin Lu, cient\u00edfico de la Universidad de Waterloo en Ontario, Canad\u00e1, se\u00f1al\u00f3 que seg\u00fan su investigaci\u00f3n, el agujero ha estado presente durante unos 40 a\u00f1os y cubre un \u00e1rea tan masiva que la mitad de la poblaci\u00f3n mundial podr\u00eda verse afectada.<\/p>\n<p>En entrevista con el diario ingl\u00e9s\u00a0<em>The Independent,<\/em>\u00a0afirm\u00f3:\u00a0<q>A diferencia del agujero de ozono ant\u00e1rtico, que s\u00f3lo aparece en la primavera, el tropical est\u00e1 en todas las estaciones desde los a\u00f1os 80. Podr\u00eda ser un tema preocupante para el mundo, ya que puede ocasionar aumentos en la radiaci\u00f3n ultravioleta (UV) a nivel del suelo y los riesgos asociados a c\u00e1ncer de piel y cataratas, as\u00ed como otros efectos negativos en la salud y los ecosistemas en las regiones tropicales. Estos hallazgos tienen un papel de gran alcance en la comprensi\u00f3n de los procesos atmosf\u00e9ricos fundamentales y el cambio clim\u00e1tico global<\/q>.<\/p>\n<p>Agreg\u00f3 que hay\u00a0<q>informes preliminares que muestran que los niveles de agotamiento del ozono en las regiones ecuatoriales ya est\u00e1n poniendo en peligro a grandes poblaciones, y la radiaci\u00f3n UV asociada que llega a las regiones fue mucho mayor de lo esperado. Los tr\u00f3picos constituyen la mitad de la superficie del planeta y en ellos vive aproximadamente la mitad de la poblaci\u00f3n mundial. La existencia del agujero de ozono tropical es de gran preocupaci\u00f3n mundial<\/q>.<\/p>\n<\/div>\n<div class=\"col col2\">\n<p class=\"sumario\">Desaf\u00edos<\/p>\n<p class=\"s-s\">Sostuvo:\u00a0<q>suena incre\u00edble que el gran agujero tropical no se descubriera antes. Pero existen algunos desaf\u00edos intr\u00ednsecos al lograr este hallazgo. Primero, no se esperaba que existiera ning\u00fan agujero de ozono tropical de la teor\u00eda fotoqu\u00edmica dominante. En segundo lugar, a diferencia de los agujeros de ozono ant\u00e1rticos\/\u00e1rticos que aparecen principalmente en primavera, el tropical es esencialmente sin cambios a lo largo de las estaciones y, por tanto, es invisible en los datos originales observados<\/q>.<\/p>\n<p>Al igual que con el agujero de ozono ant\u00e1rtico, se encuentra que el valor normal de ese gas se agota en alrededor de 80 por ciento en el centro del tropical, seg\u00fan la investigaci\u00f3n. El nuevo trabajo tambi\u00e9n ha puesto de relieve las diferencias en las teor\u00edas prevalecientes sobre c\u00f3mo se consume.<\/p>\n<p>En el pasado, la presencia de clorofluorocarbonos (CFC) se consideraba la mayor causa de gasto de la capa de ozono. El Protocolo de Montreal de 1987, que los prohibi\u00f3, ha visto una reducci\u00f3n importante en su uso.<\/p>\n<p>Sin embargo, a pesar de la prohibici\u00f3n global, los agujeros de ozono m\u00e1s grandes, profundos y persistentes, sobre la Ant\u00e1rtida, todav\u00eda se observaron a fines de la d\u00e9cada de 2000 y en 2020 y 2021.\u00a0<q>Esto fue algo inesperado de cualquiera de los modelos de fotoqu\u00edmica-clima<\/q>, explic\u00f3 Lu.<\/p>\n<p>Otra teor\u00eda sobre la reducci\u00f3n del ozono, conocida como reacci\u00f3n electr\u00f3nica impulsada por rayos c\u00f3smicos (CRE), en la que \u00e9stos disminuyen ese gas en la atm\u00f3sfera, fue propuesta por primera vez por Lu y sus colegas hace dos d\u00e9cadas.<\/p>\n<p>Lu asever\u00f3:\u00a0<q>Los resultados observados indican fuertemente que tanto los agujeros de ozono ant\u00e1rticos como los tropicales deben surgir de un mecanismo f\u00edsico id\u00e9ntico, y que el de CRE ha estado acorde con los datos observados. Los CFC son, sin duda, los principales gases que agotan el ozono, pero los rayos c\u00f3smicos desempe\u00f1an un papel desencadenante importante en la causa de los agujeros polares y tropicales<\/q>.<\/p>\n<p>La investigaci\u00f3n se publica en la revista\u00a0<em>AIP Advances.<\/em><\/p>\n<\/div>\n<\/div>\n<div class=\"go gui\">\n<div class=\"go-up\"><\/div>\n<\/div>\n<\/div>\n<div id=\"taboola-below-content-thumbnails\" class=\" trc_related_container trc_spotlight_widget tbl-feed-container tbl-feed-frame-DIVIDER  render-late-effect\" data-feed-container-num=\"1\" data-feed-main-container-id=\"taboola-below-content-thumbnails\" data-parent-placement-name=\"Below Content Thumbnails\" data-pub-lang=\"es\">\n<div class=\" tbl-feed-header tbl-logo-right-position\">\n<div class=\"tbl-feed-header-logo\"><\/div>\n<\/div>\n<\/div>\n","protected":false},"excerpt":{"rendered":"<p>Identifican\u00a0enorme\u00a0agujero de ozono sobre la regi\u00f3n tropical del planeta Aparece desde hace unas cuatro d\u00e9cadas en todas las estaciones del a\u00f1o \/\/ Es siete veces m\u00e1s grande que el ant\u00e1rtico, que se abre cada primavera Cient\u00edfico lanza un globo meteorol\u00f3gico con una sonda de ozono desde el Polo Sur, en marzo de 2021. De la [&hellip;]<\/p>\n","protected":false},"author":249,"featured_media":28372,"comment_status":"open","ping_status":"closed","sticky":false,"template":"","format":"standard","meta":{"footnotes":""},"categories":[26],"tags":[],"class_list":["post-28371","post","type-post","status-publish","format-standard","has-post-thumbnail","hentry","category-mundo"],"_links":{"self":[{"href":"https:\/\/eloficiodehistoriar.com.mx\/index.php?rest_route=\/wp\/v2\/posts\/28371","targetHints":{"allow":["GET"]}}],"collection":[{"href":"https:\/\/eloficiodehistoriar.com.mx\/index.php?rest_route=\/wp\/v2\/posts"}],"about":[{"href":"https:\/\/eloficiodehistoriar.com.mx\/index.php?rest_route=\/wp\/v2\/types\/post"}],"author":[{"embeddable":true,"href":"https:\/\/eloficiodehistoriar.com.mx\/index.php?rest_route=\/wp\/v2\/users\/249"}],"replies":[{"embeddable":true,"href":"https:\/\/eloficiodehistoriar.com.mx\/index.php?rest_route=%2Fwp%2Fv2%2Fcomments&post=28371"}],"version-history":[{"count":1,"href":"https:\/\/eloficiodehistoriar.com.mx\/index.php?rest_route=\/wp\/v2\/posts\/28371\/revisions"}],"predecessor-version":[{"id":28373,"href":"https:\/\/eloficiodehistoriar.com.mx\/index.php?rest_route=\/wp\/v2\/posts\/28371\/revisions\/28373"}],"wp:featuredmedia":[{"embeddable":true,"href":"https:\/\/eloficiodehistoriar.com.mx\/index.php?rest_route=\/wp\/v2\/media\/28372"}],"wp:attachment":[{"href":"https:\/\/eloficiodehistoriar.com.mx\/index.php?rest_route=%2Fwp%2Fv2%2Fmedia&parent=28371"}],"wp:term":[{"taxonomy":"category","embeddable":true,"href":"https:\/\/eloficiodehistoriar.com.mx\/index.php?rest_route=%2Fwp%2Fv2%2Fcategories&post=28371"},{"taxonomy":"post_tag","embeddable":true,"href":"https:\/\/eloficiodehistoriar.com.mx\/index.php?rest_route=%2Fwp%2Fv2%2Ftags&post=28371"}],"curies":[{"name":"wp","href":"https:\/\/api.w.org\/{rel}","templated":true}]}}