{"id":28380,"date":"2022-07-07T09:44:12","date_gmt":"2022-07-07T15:44:12","guid":{"rendered":"https:\/\/eloficiodehistoriar.com.mx\/?p=28380"},"modified":"2022-07-07T09:44:12","modified_gmt":"2022-07-07T15:44:12","slug":"las-salamandras-son-su-pasion-conoce-al-joven-biologo-de-las-altas-montanas","status":"publish","type":"post","link":"https:\/\/eloficiodehistoriar.com.mx\/?p=28380","title":{"rendered":"Las salamandras son su pasi\u00f3n; conoce al j\u00f3ven bi\u00f3logo de las Altas Monta\u00f1as"},"content":{"rendered":"<div>\n<h4 class=\"title\">Las salamandras son su pasi\u00f3n; conoce al j\u00f3ven bi\u00f3logo de las Altas Monta\u00f1as<\/h4>\n<\/div>\n<h3 class=\"subtitle\">Rafael Peralta Hern\u00e1ndez es pionero en la difusi\u00f3n de la salamandra cafetalera<\/h3>\n<div class=\"lead-gallery \">\n<div class=\"teaser  owl-carousel owl-theme\">\n<div class=\"owl-wrapper-outer\">\n<div class=\"owl-wrapper\">\n<div class=\"owl-item\">\n<div class=\"img-container picture\">\n<div id=\"standard_1\" class=\"st-placement standard_1 inImage\">\n<div class=\"st-adunit st-reset st-show\">La salamandra cafetalera no hab\u00eda sido vista en la regi\u00f3n de Orizaba<\/div>\n<\/div>\n<\/div>\n<\/div>\n<\/div>\n<\/div>\n<\/div>\n<\/div>\n<div id=\"affix-share\" class=\"sharing-menu affix\">\n<ul>\n<li>Guadalupe Castillo<\/li>\n<li>El Sol de Orizaba<\/li>\n<\/ul>\n<\/div>\n<div class=\"content-body clearfix \">\n<div id=\"content-body-225-8557601\">\n<p>Orizaba, Ver.-<\/p>\n<p><b>El avistamiento de dos salamandras en la regi\u00f3n,<\/b>\u00a0le han v\u00e1lido a Rafael Peralta Hern\u00e1ndez, originario de Orizaba que su trabajo de\u00a0<b>investigaci\u00f3n y fotograf\u00eda<\/b>\u00a0haya sido publicada en una revista llamada<i>\u00a0\u00abHerpetological Review\u00bb.<\/i><\/p>\n<p>Narra que la especie lleva por nombre\u00a0<i>\u00abAquiloeurycea cafetalera\u00bb<\/i>\u00a0o mejor conocida como\u00a0<b>salamandra cafetalera<\/b>, ya que a pensar que esta especie existe tiempo atr\u00e1s, no hab\u00eda sido vista en la regi\u00f3n, por lo que este joven en su exploraci\u00f3n la vio, la clasific\u00f3 y result\u00f3 ser de la especie antes mencionada.<\/p>\n<\/div>\n<\/div>\n<div class=\"advertisment \">\n<div id=\"dfp-nota-1x3s\" data-google-query-id=\"CM2rjsmN5_gCFcERAQodTTsKKA\">\n<div id=\"google_ads_iframe_\/2000002\/diariodexalapa\/mexico_nota_1x3_0__container__\">Este joven bi\u00f3logo de 26 a\u00f1os dijo que la vio en el Parque Nacional de R\u00edo Blanco, cuando se encontraba en exploraciones propias de su carrera profesional, pero que tambi\u00e9n se han vuelto un hobby,<i>\u00a0\u00abno hab\u00eda registros de esta especie y menos como en el \u00e1rea protegida de R\u00edo Blanco, tengo mucho el hobby de ir a caminar por las zonas y como tengo conocimiento de anfibios y reptiles, pues el poder avistar este ejemplar, lo identifique y corrobore estuviese dentro del Parque Nacional\u00bb.<\/i><\/div>\n<\/div>\n<\/div>\n<article class=\"content-continued-body clearfix \">\n<div id=\"content-body-5851641-8557601\">\n<div class=\"teads-inread sm-screen\">\n<div class=\"teads-ui-components-adchoices\"><\/div>\n<div id=\"teads0\" class=\"teads-player\">Cuestionado sobre c\u00f3mo determin\u00f3 la ubicaci\u00f3n del Parque Nacional, Rafael Peralta se\u00f1ala que <b>con su br\u00fajula sac\u00f3 las coordenadas y al llegar a su casa mediante la aplicaci\u00f3n de Google Earth<\/b>\u00a0pudo determinar la orientaci\u00f3n geogr\u00e1fica y fue llego a la conclusi\u00f3n de que esta especie estaba dentro del Parque.<\/div>\n<\/div>\n<p>Este avistamiento fue hecho en noviembre del a\u00f1o pasado, sin embargo, el \u00abdescubrimiento\u00bb fue dado a conocer en la revista de la edici\u00f3n del mes pasado en los<b>\u00a0Estados Unidos<\/b>, donde se acompa\u00f1\u00f3 la foto del joven, la cual fue hecha con su tel\u00e9fono celular con un peque\u00f1o texto en ingl\u00e9s que describe a la especie.<\/p>\n<p><i>\u00abDesde que estaba en la universidad me introdujo al mundo de las publicaciones y cuando encontr\u00e9 a la salamandra le vi potencial de ser publicado, normalmente es un proceso tardado el poder hacer la publicaci\u00f3n, por ello apenas se dio a conocer\u00bb.<\/i><\/p>\n<h2>\u00bfD\u00f3nde encontraron especies de salamandra cafetalera en Orizaba?<\/h2>\n<div class=\"doble-via_ecologia\nmedia \"><\/p>\n<div class=\"teaser \">\n<div class=\"img-container picture\">\n<div id=\"standard_9\" class=\"st-placement standard_9 inImageRestricted\">\n<div class=\"st-adunit st-reset st-show\">\n<div class=\"st-adunit-ad st-reset\">\n<div class=\"st-display-render st-reset\">\n<div class=\"st-reset\">\n<div class=\"important-styled st-canvas-container open WideSkyscraper display-standard fssquz2\">\n<div class=\"important-styled st-canvas-el fhxwyqa\">\n<div class=\"important-styled st-canvas-container undefined fssquz2\">\n<div class=\"important-styled st-canvas-el f1lu1803\">\n<div class=\"important-styled st-canvas-container undefined fssquz2\">\n<div class=\"important-styled st-canvas-el f19744ky\">\n<div class=\"important-styled f7gvnlv\">\n<div class=\"important-styled display-render-wrapper f7gvnlv\">En la edici\u00f3n del 2022, en su volumen 56 del mes pasado fue la clasificaci\u00f3n que se dio a este avistamiento hecho por un joven orizabe\u00f1o, mismo que tard\u00f3 tiempo en salir, pues toda publicaci\u00f3n lleva un proceso.<\/div>\n<\/div>\n<\/div>\n<\/div>\n<\/div>\n<\/div>\n<\/div>\n<\/div>\n<\/div>\n<\/div>\n<\/div>\n<\/div>\n<\/div>\n<\/div>\n<\/div>\n<\/div>\n<p><b>Leer m\u00e1s:\u00a0<a href=\"https:\/\/www.diariodexalapa.com.mx\/local\/reyes-de-la-ternura-nacen-dos-cachorros-de-leon-en-orizaba-te-contamos-8530351.html\" target=\"_blank\" rel=\"Follow noopener\">Reyes de la ternura: Nacen dos cachorros de le\u00f3n en Orizaba; te contamos<\/a><\/b><\/p>\n<p>Recalca que no es la primera vez que colabora para esta revista estadounidense, pues ha tenido la oportunidad de registrar a especies de esta regi\u00f3n, donde igual en esta edici\u00f3n se public\u00f3 la foto de la Salamandra color granito, esto en el municipio de Orizaba en el Cerro Pico del \u00c1guila.<\/p>\n<p>El egresado de la profesi\u00f3n de Biolog\u00eda de la Universidad Nacional Aut\u00f3noma de M\u00e9xico (UNAM) egresado hace 2 a\u00f1os, comenta que su principal motor para estudiar esto fueron los animales y la investigaci\u00f3n biol\u00f3gica y actualmente es el camino que busca tomar para posteriormente poder ser docente y ahora est\u00e1 enfocado en su maestr\u00eda en Ciencias Biol\u00f3gicas que iniciar\u00e1 en agosto.<\/p>\n<p><b>(Publicada originalmente en\u00a0<a href=\"https:\/\/www.elsoldeorizaba.com.mx\/doble-via\/ecologia\/salamandras-cafetaleras-capta-fotografo-a-anfibios-nunca-antes-vistos-en-orizaba-fotos-8557160.html\" target=\"_blank\" rel=\"Follow noopener\">El Sol de Orizaba)<\/a><\/b><\/p>\n<\/div>\n<\/article>\n","protected":false},"excerpt":{"rendered":"<p>Las salamandras son su pasi\u00f3n; conoce al j\u00f3ven bi\u00f3logo de las Altas Monta\u00f1as Rafael Peralta Hern\u00e1ndez es pionero en la difusi\u00f3n de la salamandra cafetalera La salamandra cafetalera no hab\u00eda sido vista en la regi\u00f3n de Orizaba Guadalupe Castillo El Sol de Orizaba Orizaba, Ver.- El avistamiento de dos salamandras en la regi\u00f3n,\u00a0le han v\u00e1lido [&hellip;]<\/p>\n","protected":false},"author":249,"featured_media":28381,"comment_status":"open","ping_status":"closed","sticky":false,"template":"","format":"standard","meta":{"footnotes":""},"categories":[26],"tags":[],"class_list":["post-28380","post","type-post","status-publish","format-standard","has-post-thumbnail","hentry","category-mundo"],"_links":{"self":[{"href":"https:\/\/eloficiodehistoriar.com.mx\/index.php?rest_route=\/wp\/v2\/posts\/28380","targetHints":{"allow":["GET"]}}],"collection":[{"href":"https:\/\/eloficiodehistoriar.com.mx\/index.php?rest_route=\/wp\/v2\/posts"}],"about":[{"href":"https:\/\/eloficiodehistoriar.com.mx\/index.php?rest_route=\/wp\/v2\/types\/post"}],"author":[{"embeddable":true,"href":"https:\/\/eloficiodehistoriar.com.mx\/index.php?rest_route=\/wp\/v2\/users\/249"}],"replies":[{"embeddable":true,"href":"https:\/\/eloficiodehistoriar.com.mx\/index.php?rest_route=%2Fwp%2Fv2%2Fcomments&post=28380"}],"version-history":[{"count":1,"href":"https:\/\/eloficiodehistoriar.com.mx\/index.php?rest_route=\/wp\/v2\/posts\/28380\/revisions"}],"predecessor-version":[{"id":28382,"href":"https:\/\/eloficiodehistoriar.com.mx\/index.php?rest_route=\/wp\/v2\/posts\/28380\/revisions\/28382"}],"wp:featuredmedia":[{"embeddable":true,"href":"https:\/\/eloficiodehistoriar.com.mx\/index.php?rest_route=\/wp\/v2\/media\/28381"}],"wp:attachment":[{"href":"https:\/\/eloficiodehistoriar.com.mx\/index.php?rest_route=%2Fwp%2Fv2%2Fmedia&parent=28380"}],"wp:term":[{"taxonomy":"category","embeddable":true,"href":"https:\/\/eloficiodehistoriar.com.mx\/index.php?rest_route=%2Fwp%2Fv2%2Fcategories&post=28380"},{"taxonomy":"post_tag","embeddable":true,"href":"https:\/\/eloficiodehistoriar.com.mx\/index.php?rest_route=%2Fwp%2Fv2%2Ftags&post=28380"}],"curies":[{"name":"wp","href":"https:\/\/api.w.org\/{rel}","templated":true}]}}