{"id":28494,"date":"2022-07-17T08:34:13","date_gmt":"2022-07-17T14:34:13","guid":{"rendered":"https:\/\/eloficiodehistoriar.com.mx\/?p=28494"},"modified":"2022-07-17T08:34:13","modified_gmt":"2022-07-17T14:34:13","slug":"feria-de-las-flores-en-el-parque-de-la-bombilla-una-tradicion-de-165-anos","status":"publish","type":"post","link":"https:\/\/eloficiodehistoriar.com.mx\/?p=28494","title":{"rendered":"Feria de las Flores en el parque de la Bombilla, una tradici\u00f3n de 165 a\u00f1os"},"content":{"rendered":"<div id=\"article-cont\" class=\"main-cont article-cont analysis\">\n<div class=\"cabeza\">Feria de las Flores en el parque de la Bombilla, una tradici\u00f3n de 165 a\u00f1os<\/div>\n<div class=\"sumarios\"><\/div>\n<div class=\"credito-articulo\">Elena Poniatowska<\/div>\n<div id=\"article-text\" class=\"text tbl-forkorts-article\">\n<div class=\"foto\">\n<div class=\"pie-foto\"><\/div>\n<\/div>\n<div class=\"col\">\n<div class=\"inicial\">La Feria de las Flores<em>\u00a0<\/em>es una tradici\u00f3n en el parque de la Bombilla desde hace 165 a\u00f1os. Primero una macetita con la m\u00e1s humilde de todas las flores: la margarita.<\/div>\n<p>En este 2022, para nuestro gusto y sorpresa, el empedrado en torno al monumento a \u00c1lvaro Obreg\u00f3n volvi\u00f3 a cubrirse de puestos y de toldos que protegen macetas de flores. Me pareci\u00f3 que los vendedores sonre\u00edan tanto o m\u00e1s que sus productos. Adem\u00e1s, se apersonaron se\u00f1oras comideras que ofrec\u00edan moles verdes y rojos, as\u00ed como grandes ollas de pozole que bullen de alegr\u00eda. Fue un gusto o\u00edr risas que no se oyeron durante dos a\u00f1os porque la sonrisa de los ni\u00f1os de la pandemia qued\u00f3 tras la puerta de su casa.<\/p>\n<p>Desde 1857, el presidente Ignacio Comonfort declar\u00f3 la fiesta anual de las flores. Desde entonces, los vecinos de la alcald\u00eda \u00c1lvaro Obreg\u00f3n se re\u00fanen para poner sus tendidos de flores y hasta de matas de ma\u00edz como hicieron sus bisabuelos y sus tatarabuelos. Recuerdo que hace a\u00f1os, Alejandro Aura dio mucha vida a la feria al subir a una tarima, bailar, cantar, decir poes\u00eda y ayudar a los expositores a vender sus jabones de olor y sus aguas floridas.<\/p>\n<p>Recuerdo que una se\u00f1ora que vend\u00eda miel de abejas lo cubri\u00f3 de bendiciones porque \u00e9l le ayud\u00f3 a vender. M\u00e1s que ning\u00fan otro artista, Alejandro Aura hac\u00eda cosas inesperadas. Esa tarde se puso a vocear entre cabriolas y paso de baile:\u00a0<q>Miel, miel de abejas, puritita miel en penca; cambie sus penas por miel, \u00e9chele miel a sus sue\u00f1os<\/q>.<\/p>\n<p class=\"sumario\"><q>Pregunte, sin compromiso<\/q><\/p>\n<p class=\"s-s\">Ahora, en julio de 2022, una marchanta muy activa no pierde de vista a posibles compradores y levanta una maceta de geranios.<\/p>\n<p>\u2013\u00bfHan vendido muchos geranios este a\u00f1o, se\u00f1ora?<\/p>\n<p>\u2013No nos podemos quejar, aqu\u00ed nos va bien \u2013explica detr\u00e1s de su cubrebocas\u2013. Qui\u00e9n nos vea desde el cielo, ha de sorprenderse al mirar nuestros tapabocas entre flores que nadie puede oler.<\/p>\n<p>Una vendedora le dice a todo el que se acerca a su puesto:\u00a0<q>Lo que le agrade, pregunte sin compromiso<\/q>.<\/p>\n<p>Me maravilla ver la eclosi\u00f3n verde que te quiero verde de unas lechugas que provienen de Xochimilco.\u00a0<q>Lechugas hidrop\u00f3nicas<\/q>, dice el letrero frente a tanta hoja desmelenada y apetitosa. De una estructura de tubos de PVC, surgen otras lechugas m\u00e1s peque\u00f1as e igualmente risue\u00f1as.\u00a0<q>Todo lo que est\u00e1 a la vista lo vendemos: corazones de lechugas, lechugas crecidas, betabeles hidrop\u00f3nicos, semillas de cempas\u00fachil, jitomates y r\u00e1banos<\/q>.<\/p>\n<p>M\u00e1s adelante, una mesa logra que todos nos detengamos. Sobre ella se levantan altos ramos de flores de p\u00e9talos blancos tan fr\u00e1giles que parecen papel de China. El vendedor explica:\u00a0<q>Esta flor se llama lunaria. Nosotros la cosechamos, tarda siete meses en crecer, despu\u00e9s la limpiamos de sus pecados, esperamos dos meses y hacemos los manojos o los adornos como el que est\u00e1 usted viendo. Todo lo hacemos nosotros. Por ejemplo, el florero ese flaquito cuesta 250 pesos y el grande 2 mil<\/q>.<\/p>\n<p>La se\u00f1ora Luz Mar\u00eda cuenta a Yunuhen Gonz\u00e1lez:\u00a0<q>El fin de semana s\u00ed hubo mucha gente y vend\u00ed. Estoy contenta porque gracias a Dios ya estamos aqu\u00ed otra vez<\/q>.<\/p>\n<p><q>Lo que guste, clienta; esa se llama Garra de Oso, es de sombra. El Bel\u00e9n est\u00e1 a 40 pesos, el color que le agrade. Nos vamos el s\u00e1bado 16, el d\u00eda de la virgen del Carmen, el \u00faltimo d\u00eda de la feria recogemos todo. \u00bfUsted vive por aqu\u00ed? Algunos compa\u00f1eros se quedan hasta el d\u00eda siguiente a ver si venden todo. Aqu\u00ed estamos para servirle, madre.<\/q><\/p>\n<p>En la Ciudad de M\u00e9xico, en 1942, cuando mi hermana y yo llegamos a este pa\u00eds, una revista de Estados Unidos, quiz\u00e1s el\u00a0<em>National Geographic<\/em>\u00a0propon\u00eda que los j\u00f3venes sembr\u00e1ramos Victory Gardens (jardines de alimentos) para ganar la guerra.<\/p>\n<p>Como mi pap\u00e1 se qued\u00f3 en el frente y mis primos mayores se fueron al combate (Marie-Andr\u00e9 Poniatowski muri\u00f3 en Holanda) sembr\u00e9 un Victory Garden en un rinc\u00f3n del jard\u00edn de La Morena 426, en la colonia del Valle.<\/p>\n<p>Entre los compradores y los paseantes nadie recuerda a \u00c1lvaro Obreg\u00f3n, asesinado el 17 de julio de 1928 en el momento en que se llevaba a la boca su cucharada de sopa. Ese crimen no amedrenta a nadie porque varias se\u00f1oras comideras, muy quitadas de la pena, ofrecen caldos y moles en una mesa larga.<\/p>\n<p>Al ver mi pelo blanco, una hierbera me tiende un manojo de distintas hojas y dice con voz de mando:\u00a0<q>H\u00e1gase su t\u00e9. Tengo para la diabetes, la presi\u00f3n, los ri\u00f1ones, el insomnio. Tambi\u00e9n gotitas para los nervios, todo es natural. Mire mis cremas: son superhumectantes y muy buenas para sus manos; tienen cuatro aceites que le ayudan con la piel seca. Tambi\u00e9n tengo el champ\u00fa contra la ca\u00edda del cabello y esta pomada buen\u00edsima para los dolores de espalda, cuello, rodillitas&#8230; Hu\u00e9lala, clienta, sin compromiso. Tambi\u00e9n hago acupuntura, aqu\u00ed mismo le puedo poner las agujas o voy a su domicilio, si no le gustan las agujas, tengo este cintur\u00f3n antiestr\u00e9s&#8230; Con 20 minutos que se lo ponga queda usted como nueva. Aqu\u00ed la esperamos, madre<\/q>.<\/p>\n<p class=\"email\">\n<\/div>\n<\/div>\n<\/div>\n<div id=\"taboola-below-content-thumbnails\" class=\" trc_related_container trc_spotlight_widget tbl-feed-container tbl-feed-frame-DIVIDER  render-late-effect\" data-feed-container-num=\"1\" data-feed-main-container-id=\"taboola-below-content-thumbnails\" data-parent-placement-name=\"Below Content Thumbnails\" data-pub-lang=\"es\">\n<div class=\" tbl-feed-header tbl-logo-right-position\">\n<div class=\"tbl-feed-header-logo\"><\/div>\n<\/div>\n<div id=\"taboola-below-content-thumbnails-pl1\" class=\" trc_related_container trc_spotlight_widget trc_elastic trc_elastic_organic-thumbs-feed-02  tbl-feed-card \" data-card-index=\"1\" data-batch-num=\"1\" data-placement-name=\"Below Content Thumbnails | Card 1\">\n<div class=\"trc_rbox_container\">\n<div>\n<div id=\"trc_wrapper_612\" class=\"trc_rbox organic-thumbs-feed-02 trc-content-organic \">\n<div id=\"outer_612\" class=\"trc_rbox_outer\">\n<div id=\"rbox-t2v\" class=\"trc_rbox_div trc_rbox_border_elm\">\n<div id=\"internal_trc_612\"><\/div>\n<\/div>\n<\/div>\n<\/div>\n<\/div>\n<\/div>\n<\/div>\n<div id=\"taboola-below-content-thumbnails-pl2\" class=\" trc_related_container trc_spotlight_widget trc_elastic trc_elastic_thumbs-feed-01  tbl-feed-card \" data-card-index=\"2\" data-batch-num=\"1\" data-placement-name=\"Below Content Thumbnails | Card 2\">\n<div class=\"trc_rbox_container\">\n<div>\n<div id=\"trc_wrapper_10675\" class=\"trc_rbox thumbs-feed-01 trc-content-sponsored \">\n<div id=\"outer_10675\" class=\"trc_rbox_outer\">\n<div id=\"rbox-t2v\" class=\"trc_rbox_div trc_rbox_border_elm\">\n<div id=\"internal_trc_10675\">\n<div class=\"videoCube trc_spotlight_item origin-undefined thumbnail_top syndicatedItem textItem videoCube_1_child trc-first-recommendation trc-spotlight-first-recommendation  trc_excludable \" data-item-id=\"~~V1~~-3592842452156332952~~CA4kTiZxd0a_GLcwf8d0P6u8wbGxjo8HqFEAgltizHHTxvAnL2wqac4MyzR7uD46gj3kUkbS3FhelBtnsiJV6MhkDZRZzzIqDobN6rWmCPA3hYz5D3PLat6nhIftiT1lwdxwdlxkeV_Mfb3eos_TQavImGhxk0e7psNAZxHJ9RIQhPHxBMxQb3UELa9vJHC5f9zmZrK6g3UhJQ-hckyiPF6N24n1g06wM6opewg5ijjkmc6D5JiB9BSUxm24QTwnjxfAtsj75Zm6PzSBS4yNyep2boS36fZSwdoI1Bp-njo\" data-item-title=\"\u00a1Los mexicanos nacidos entre 1940 y 1980 son elegibles para este beneficio!\" data-item-thumb=\"http:\/\/cdn.taboola.com\/libtrc\/static\/thumbnails\/d1c01ab7293cabe69f88a14f921037c9.jpg\" data-item-syndicated=\"true\">\n<div class=\" trc_user_exclude_btn \" title=\"Quitar este anuncio\"><\/div>\n<div class=\" trc_exclude_overlay trc_fade \"><\/div>\n<div class=\" trc_undo_btn \"><\/div>\n<\/div>\n<\/div>\n<\/div>\n<\/div>\n<div class=\"trc_clearer\"><\/div>\n<\/div>\n<\/div>\n<\/div>\n<\/div>\n<div id=\"taboola-below-content-thumbnails-pl3\" class=\" trc_related_container trc_spotlight_widget trc_elastic trc_elastic_thumbs-feed-01  tbl-feed-card \" data-card-index=\"3\" data-batch-num=\"1\" data-placement-name=\"Below Content Thumbnails | Card 3\">\n<div class=\"trc_rbox_container\">\n<div>\n<div id=\"trc_wrapper_16023\" class=\"trc_rbox thumbs-feed-01 trc-content-sponsored \">\n<div id=\"outer_16023\" class=\"trc_rbox_outer\">\n<div id=\"rbox-t2v\" class=\"trc_rbox_div trc_rbox_border_elm\">\n<div id=\"internal_trc_16023\">\n<div class=\"videoCube trc_spotlight_item origin-undefined thumbnail_top syndicatedItem textItem videoCube_1_child trc-first-recommendation trc-spotlight-first-recommendation  trc_excludable \" data-item-id=\"~~V1~~6760751888938202082~~VktP9WEDI36ilFHPAF7F-Rj4kJ-CZd20LQ5WYhd5f_PTxvAnL2wqac4MyzR7uD46gj3kUkbS3FhelBtnsiJV6MhkDZRZzzIqDobN6rWmCPA3hYz5D3PLat6nhIftiT1lI08Kbep-dmYGlGb2QJ5B4rcClTsQhvSWsXsfDqPOp466s7KCzMQqd8-hXPyOswZPALDTzh-oNLts9fbXhC1DNtXOtc1BIhQlx0QGrDnEhvT30ZsDV4TPEZhYUq6-neqBKjxRo48uq9Bsv10Mq4aUr0J3e9P0FOqxzd67ctpPQJ24SMifqnd0vF3gQWQAxTCW\" data-item-title=\"Calcule cu\u00e1nto podr\u00eda ganar invirtiendo $200 en Amazon y otras acciones en crecimiento\" data-item-thumb=\"http:\/\/cdn.taboola.com\/libtrc\/static\/thumbnails\/21edbc2a62440d8db7a54286e61ea876.jpg\" data-item-syndicated=\"true\">\n<div class=\"thumbBlock_holder\"><\/div>\n<\/div>\n<\/div>\n<\/div>\n<\/div>\n<\/div>\n<\/div>\n<\/div>\n<\/div>\n<\/div>\n","protected":false},"excerpt":{"rendered":"<p>Feria de las Flores en el parque de la Bombilla, una tradici\u00f3n de 165 a\u00f1os Elena Poniatowska La Feria de las Flores\u00a0es una tradici\u00f3n en el parque de la Bombilla desde hace 165 a\u00f1os. Primero una macetita con la m\u00e1s humilde de todas las flores: la margarita. En este 2022, para nuestro gusto y sorpresa, [&hellip;]<\/p>\n","protected":false},"author":249,"featured_media":28495,"comment_status":"open","ping_status":"closed","sticky":false,"template":"","format":"standard","meta":{"footnotes":""},"categories":[26],"tags":[],"class_list":["post-28494","post","type-post","status-publish","format-standard","has-post-thumbnail","hentry","category-mundo"],"_links":{"self":[{"href":"https:\/\/eloficiodehistoriar.com.mx\/index.php?rest_route=\/wp\/v2\/posts\/28494","targetHints":{"allow":["GET"]}}],"collection":[{"href":"https:\/\/eloficiodehistoriar.com.mx\/index.php?rest_route=\/wp\/v2\/posts"}],"about":[{"href":"https:\/\/eloficiodehistoriar.com.mx\/index.php?rest_route=\/wp\/v2\/types\/post"}],"author":[{"embeddable":true,"href":"https:\/\/eloficiodehistoriar.com.mx\/index.php?rest_route=\/wp\/v2\/users\/249"}],"replies":[{"embeddable":true,"href":"https:\/\/eloficiodehistoriar.com.mx\/index.php?rest_route=%2Fwp%2Fv2%2Fcomments&post=28494"}],"version-history":[{"count":1,"href":"https:\/\/eloficiodehistoriar.com.mx\/index.php?rest_route=\/wp\/v2\/posts\/28494\/revisions"}],"predecessor-version":[{"id":28496,"href":"https:\/\/eloficiodehistoriar.com.mx\/index.php?rest_route=\/wp\/v2\/posts\/28494\/revisions\/28496"}],"wp:featuredmedia":[{"embeddable":true,"href":"https:\/\/eloficiodehistoriar.com.mx\/index.php?rest_route=\/wp\/v2\/media\/28495"}],"wp:attachment":[{"href":"https:\/\/eloficiodehistoriar.com.mx\/index.php?rest_route=%2Fwp%2Fv2%2Fmedia&parent=28494"}],"wp:term":[{"taxonomy":"category","embeddable":true,"href":"https:\/\/eloficiodehistoriar.com.mx\/index.php?rest_route=%2Fwp%2Fv2%2Fcategories&post=28494"},{"taxonomy":"post_tag","embeddable":true,"href":"https:\/\/eloficiodehistoriar.com.mx\/index.php?rest_route=%2Fwp%2Fv2%2Ftags&post=28494"}],"curies":[{"name":"wp","href":"https:\/\/api.w.org\/{rel}","templated":true}]}}