{"id":28497,"date":"2022-07-17T08:41:27","date_gmt":"2022-07-17T14:41:27","guid":{"rendered":"https:\/\/eloficiodehistoriar.com.mx\/?p=28497"},"modified":"2022-07-17T08:41:27","modified_gmt":"2022-07-17T14:41:27","slug":"el-centro-de-restauracion-neurologica-de-cuba-aplica-tratamiento-exitoso-para-el-alz-heimer-y-parkinson","status":"publish","type":"post","link":"https:\/\/eloficiodehistoriar.com.mx\/?p=28497","title":{"rendered":"El Centro de Restauraci\u00f3n Neurol\u00f3gica de Cuba aplica tratamiento exitoso para el Alz-heimer y Parkinson"},"content":{"rendered":"<div id=\"article-cont\" class=\"main-cont article-cont interview\">\n<div class=\"cabeza\">Tratamiento cubano frena avance del Alzheimer y el Parkinson<\/div>\n<div class=\"sumarios\">\n<p>La sustancia NeuroEPO evita que las neuronas sigan su deterioro y mejora la calidad de vida de los pacientes, explica el especialista<\/p>\n<p>El Ciren, creado por Fidel Castro para el desarrollo de las neurociencias, cuenta con programas integrales contra enfermedades neurodegenerativas y hay pa\u00edses que est\u00e1n interesados en abrir cl\u00ednicas, se\u00f1ala el experto a\u00a0<em>La Jornada<\/em><\/p>\n<\/div>\n<div id=\"article-text\" class=\"text\">\n<div class=\"foto\">\n<div class=\"pie-foto\">H\u00e9ctor Vera Cuesta, de visita en M\u00e9xico, expone que al abrir cl\u00ednicas fuera de la isla es posible traspasar la tecnolog\u00eda que han desarrollado en el Ciren.<\/div>\n<div><\/div>\n<\/div>\n<div class=\"col col1\">\n<div class=\"credito-autor\">Carolina G\u00f3mez y Laura Poy<\/div>\n<div class=\"credito-titulo\"><\/div>\n<div class=\"hemero\">La Jornada<\/p>\n<\/div>\n<p class=\"s-s\">Pionero en el desarrollo\u00a0de nuevas tecnolog\u00edas para el tratamiento de enfermedades neurodegenerativas, el Centro Internacional de Restauraci\u00f3n Neurol\u00f3gica (Ciren) aplica un tratamiento para el Alz-heimer y el Parkinson que a partir de una mol\u00e9cula evita que las neuronas contin\u00faen el proceso de degeneraci\u00f3n.<\/p>\n<p>De visita en M\u00e9xico, H\u00e9ctor Vera Cuesta, director del Ciren, destaca el avance que representa la sustancia NeuroEPO, ya que mejora la calidad de vida de los pacientes.<\/p>\n<p><q>El mecanismo de la mol\u00e9cula es neuroprotector. Evita que las neuronas se sigan degenerando, muriendo. Lo que hace es prolongar un poco m\u00e1s la vida de estas c\u00e9lulas del sistema nervioso, por lo que los s\u00edntomas son m\u00e1s espaciados, no tiene la enfermedad una evoluci\u00f3n tan r\u00e1pida<\/q>, explica.<\/p>\n<p>El neur\u00f3logo cubano, experto en gen\u00e9tica m\u00e9dica, afirma que los resultados en pacientes con Parkinson y Alzheimer han sido\u00a0<q>espectaculares<\/q>. El estudio comenz\u00f3 en enfermos con Parkinson y detectaron que dicha sustancia mejor\u00f3 su condici\u00f3n motora, pero mucho m\u00e1s la parte cognitiva.<\/p>\n<p>Es una de las mol\u00e9culas\u00a0<q>que va a dar de qu\u00e9 hablar en el mundo. Recientemente publicamos un art\u00edculo conjunto con el Centro de Neurociencias de Cuba, el cual confirma, con un an\u00e1lisis estad\u00edstico bien desarrollado, que es efectiva. No hay duda<\/q>.<\/p>\n<p>Vera Cuesta indica que pronto NeuroEPO podr\u00e1 ser comercializada.\u00a0<q>Queremos hacer una fase IV (del estudio cl\u00ednico), porque toda mol\u00e9cula nueva tiene un proceso de investigaci\u00f3n riguroso. En esta etapa la queremos aplicar de forma masiva<\/q>.<\/p>\n<p>Sostiene que actualmente est\u00e1n identificando en la isla hospitales donde se realizar\u00e1 el estudio, pues\u00a0<q>no tiene efectos secundarios. Es muy inocua y muy f\u00e1cil de administrar, porque es por v\u00eda nasal, donde se administran unas gotitas<\/q>. Aclara que el desarrollo de este medicamento lo realizaron centros cubanos de biotecnolog\u00eda y el Ciren lo prob\u00f3 en pacientes.<\/p>\n<p>Creado hace 33 a\u00f1os por el comandante Fidel Castro Ruz, sin fines de lucro y para el desarrollo de las neurociencias,\u00a0<q>en el Ciren aplicamos un programa \u00fanico en el mundo. Reunimos a 11 especialistas en funci\u00f3n de un paciente. Es un equipo multidisciplinario que atiende a un paciente de forma integral y personalizada, lograr eso es muy dif\u00edcil<\/q>\u00a0para cualquier pa\u00eds del mundo, pero en el suyo se logra gracias al\u00a0<q>compromiso<\/q>\u00a0y la capacidad de los expertos.<\/p>\n<p class=\"sumario\">Tambi\u00e9n el poscovid<\/p>\n<p class=\"s-s\">El Ciren tambi\u00e9n ha desarrollado innovaciones tecnol\u00f3gicas y terap\u00e9uticas para la regeneraci\u00f3n neuronal, lo que incluye atenci\u00f3n a pacientes con epilepsia, trastornos del sue\u00f1o, adicciones, como tabaquismo, y recientemente para las secuelas poscovid.<\/p>\n<p>A causa de la pandemia de covid-19, el Ciren desarroll\u00f3 un innovador programa de atenci\u00f3n integral a personas con secuelas generadas por el virus, como cefaleas intensas, trastornos del sue\u00f1o, p\u00e9rdida de memoria de corto plazo, fatigas cr\u00f3nicas y dolores neurop\u00e1ticos (ocasionado por da\u00f1o al sistema nervioso), entre otros.<\/p>\n<p>En entrevista con\u00a0<em>La Jornada<\/em>, en las instalaciones de Multisalud \u2013una empresa mexicana que trabaja con los servicios de salud cubanos y el Ciren\u2013, el especialista comenta que el Centro ha realizado durante tres d\u00e9cadas programas de restauraci\u00f3n neurol\u00f3gica, encaminados a atender las secuelas de enfermedades que afectan el sistema nervioso, y por tanto \u2013asegura\u2013 no les cost\u00f3 mucho trabajo adaptarse a la atenci\u00f3n poscovid.<\/p>\n<\/div>\n<div class=\"col col2\">\n<p><q>La intervenci\u00f3n tiene la bondad de que no es un m\u00e9todo terap\u00e9utico, sino un programa, con el cual puedes flexibilizar las terapias. Es individualizado, va de acuerdo con las secuelas del paciente y, a partir de un diagn\u00f3stico, se organiza el tratamiento.<\/q><\/p>\n<p>Vera Cuesta expone que los pacientes\u00a0<q>s\u00ed mejoran, pero con una intervenci\u00f3n integral intensiva, usando todas las herramientas que tiene el Ciren, por ejemplo, la ozonoterapia, los tratamientos cognitivos y la estimulaci\u00f3n cerebral no invasiva, entre otras<\/q>.<\/p>\n<p>El experto destaca que esa intervenci\u00f3n forma parte de una estrategia de pa\u00eds para tratar el s\u00edndrome poscovid.<\/p>\n<p>\u201cFue un proceso paulatino en que fuimos creando las condiciones en los policl\u00ednicos y consultorios para ir identificando a las personas, porque muchos sal\u00edan del covid y dec\u00edan despu\u00e9s \u2018me est\u00e1 pasando tal cosa\u2019, hab\u00eda que explicarles que eran secuelas y aplicar la intervenci\u00f3n para ir mejorando.\u201d<\/p>\n<p class=\"sumario\">La epilepsia puede curarse<\/p>\n<p class=\"s-s\">El m\u00e9dico subraya que el Centro tambi\u00e9n es l\u00edder en el tratamiento de la epilepsia con cirug\u00eda.\u00a0<q>No somos los \u00fanicos en el mundo que hacemos esta intervenci\u00f3n, pero nuestros resultados son excelentes<\/q>.<\/p>\n<p>Vera Cuesta agrega que\u00a0<q>de quienes operamos, 60 por ciento queda libre de crisis, y estamos hablando de pacientes con 10 a 15 crisis diarias. Otro 15 por ciento tienen crisis muy espaciadas. En total, tenemos 75 por ciento de efectividad. Son los resultados de un servicio de neurocirug\u00eda de epilepsia de cualquier pa\u00eds desarrollado. Es parte de nuestro orgullo<\/q>.<\/p>\n<p>Afirma adem\u00e1s que\u00a0<q>puedes hasta curar al paciente, si quitas el lugar en donde se est\u00e1 generando la crisis<\/q>. Esta intervenci\u00f3n quir\u00fargica la lleva a cabo un equipo multidisciplinario, pues el objetivo es garantizar la calidad de vida de las personas, por lo que tambi\u00e9n se realiza en menores.<\/p>\n<p>El cient\u00edfico reconoce que el bloqueo a su pa\u00eds, que lleva 60 a\u00f1os, ha representado un desaf\u00edo, porque\u00a0<q>nos afecta, nos limita, pero no tenemos otra opci\u00f3n que seguir el desarrollo, pues no hay ninguna luz de que se va a eliminar y Cuba tiene que continuar adelante<\/q>.<\/p>\n<p>Cita que por esa misma raz\u00f3n, la isla desarroll\u00f3 sus propias vacunas contra el covid-19, con las que se inmuniz\u00f3 a pr\u00e1cticamente la totalidad de los 11 millones de habitantes, incluidos menores a partir de los dos a\u00f1os de edad.<\/p>\n<p>La medicina cubana es accesible para pacientes extranjeros, quienes pueden acudir al Ciren por tratamientos de cuatro a ocho semanas.\u00a0<q>Los pacientes nos escriben o a trav\u00e9s de nuestros representantes armamos los expedientes y si cumplen con los criterios, les damos la autorizaci\u00f3n de viajar al Centro<\/q>.<\/p>\n<p>Detalla que 60 por ciento de los pacientes internacionales que ha recibido el Ciren en los pasados 10 a\u00f1os son mexicanos y anuncia que\u00a0<q>hay m\u00e1s de cinco propuestas de pa\u00edses que quieren montar cl\u00ednicas Ciren: Chile, Irak, Angola y Kazajist\u00e1n. Estamos en proceso de negociaci\u00f3n. Me parece correcto tambi\u00e9n que podamos traspasar esa tecnolog\u00eda que hemos desarrollado a otros pa\u00edses<\/q>.<\/p>\n<\/div>\n<\/div>\n<div class=\"go gui\">\n<div class=\"go-up\"><\/div>\n<\/div>\n<\/div>\n<div id=\"taboola-below-content-thumbnails\" class=\" trc_related_container trc_spotlight_widget tbl-feed-container tbl-feed-frame-DIVIDER  render-late-effect\" data-feed-container-num=\"1\" data-feed-main-container-id=\"taboola-below-content-thumbnails\" data-parent-placement-name=\"Below Content Thumbnails\" data-pub-lang=\"es\">\n<div class=\" tbl-feed-header tbl-logo-right-position\">\n<div class=\"tbl-feed-header-logo\"><\/div>\n<\/div>\n<\/div>\n","protected":false},"excerpt":{"rendered":"<p>Tratamiento cubano frena avance del Alzheimer y el Parkinson La sustancia NeuroEPO evita que las neuronas sigan su deterioro y mejora la calidad de vida de los pacientes, explica el especialista El Ciren, creado por Fidel Castro para el desarrollo de las neurociencias, cuenta con programas integrales contra enfermedades neurodegenerativas y hay pa\u00edses que est\u00e1n [&hellip;]<\/p>\n","protected":false},"author":249,"featured_media":28498,"comment_status":"open","ping_status":"closed","sticky":false,"template":"","format":"standard","meta":{"footnotes":""},"categories":[26],"tags":[],"class_list":["post-28497","post","type-post","status-publish","format-standard","has-post-thumbnail","hentry","category-mundo"],"_links":{"self":[{"href":"https:\/\/eloficiodehistoriar.com.mx\/index.php?rest_route=\/wp\/v2\/posts\/28497","targetHints":{"allow":["GET"]}}],"collection":[{"href":"https:\/\/eloficiodehistoriar.com.mx\/index.php?rest_route=\/wp\/v2\/posts"}],"about":[{"href":"https:\/\/eloficiodehistoriar.com.mx\/index.php?rest_route=\/wp\/v2\/types\/post"}],"author":[{"embeddable":true,"href":"https:\/\/eloficiodehistoriar.com.mx\/index.php?rest_route=\/wp\/v2\/users\/249"}],"replies":[{"embeddable":true,"href":"https:\/\/eloficiodehistoriar.com.mx\/index.php?rest_route=%2Fwp%2Fv2%2Fcomments&post=28497"}],"version-history":[{"count":1,"href":"https:\/\/eloficiodehistoriar.com.mx\/index.php?rest_route=\/wp\/v2\/posts\/28497\/revisions"}],"predecessor-version":[{"id":28499,"href":"https:\/\/eloficiodehistoriar.com.mx\/index.php?rest_route=\/wp\/v2\/posts\/28497\/revisions\/28499"}],"wp:featuredmedia":[{"embeddable":true,"href":"https:\/\/eloficiodehistoriar.com.mx\/index.php?rest_route=\/wp\/v2\/media\/28498"}],"wp:attachment":[{"href":"https:\/\/eloficiodehistoriar.com.mx\/index.php?rest_route=%2Fwp%2Fv2%2Fmedia&parent=28497"}],"wp:term":[{"taxonomy":"category","embeddable":true,"href":"https:\/\/eloficiodehistoriar.com.mx\/index.php?rest_route=%2Fwp%2Fv2%2Fcategories&post=28497"},{"taxonomy":"post_tag","embeddable":true,"href":"https:\/\/eloficiodehistoriar.com.mx\/index.php?rest_route=%2Fwp%2Fv2%2Ftags&post=28497"}],"curies":[{"name":"wp","href":"https:\/\/api.w.org\/{rel}","templated":true}]}}