{"id":28511,"date":"2022-07-18T09:20:45","date_gmt":"2022-07-18T15:20:45","guid":{"rendered":"https:\/\/eloficiodehistoriar.com.mx\/?p=28511"},"modified":"2022-07-18T09:20:45","modified_gmt":"2022-07-18T15:20:45","slug":"se-reabrira-al-publico-el-recinto-juarez-en-palacio-nacional","status":"publish","type":"post","link":"https:\/\/eloficiodehistoriar.com.mx\/?p=28511","title":{"rendered":"Se reabrir\u00e1 al p\u00fablico el Recinto Ju\u00e1rez, en Palacio Nacional."},"content":{"rendered":"<h2 id=\"article-title-tts\" class=\"title title-default\">Reabren hoy el Recinto de Ju\u00e1rez en su 150 aniversario luctuoso<\/h2>\n<div class=\"article-info\"><a class=\"author\" href=\"https:\/\/www.jornada.com.mx\/author\/emir-olivares-y-alonso-urrutia.html\">Emir Olivares y Alonso Urrutia<\/a> .<\/div>\n<div id=\"article-content-images\" class=\"content-items-media\"><\/div>\n<div class=\"foto-pie\">El presidente Andr\u00e9s Manuel L\u00f3pez Obrador observa un retrato del Benem\u00e9rito de las Am\u00e9ricas, Benito Ju\u00e1rez, durante la conferencia matutina en Palacio Nacional, en la Ciudad de M\u00e9xico, el 18 de julio de 2022.<\/div>\n<div class=\"article-row\">\n<div class=\"social-links right\">\n<div id=\"content-sintesis-audio\" class=\"sintesis-audio\">\n<div class=\"speak-cont btn-group\">\n<form>&nbsp;<\/p>\n<p><em>Ciudad de M\u00e9xico.<\/em><\/p>\n<p>En el 150 aniversario luctuoso del presidente Benito Ju\u00e1rez, el gobierno federal realizar\u00e1 un ceremonia oficial para resaltar la relevancia de este hist\u00f3rico personaje para el pa\u00eds, con esto se reabrir\u00e1 al p\u00fablico el Recinto Ju\u00e1rez, en Palacio Nacional.<\/p>\n<\/form>\n<\/div>\n<\/div>\n<\/div>\n<div class=\"article-main\">\n<div class=\"row\">\n<div id=\"article-content-tts\" class=\"article-content ljn-nota-contenido\">\n<div id=\"content_nitf\">\n<div class=\"teads-inread\">\n<div id=\"teads0\" class=\"teads-player\">As\u00ed lo inform\u00f3 el presidente Andr\u00e9s Manuel L\u00f3pez Obrador para abrir la ma\u00f1anera de este lunes, donde inform\u00f3 que dicho espacio dedicado al Benem\u00e9rito de las Am\u00e9ricas fue remodelado a fin de abrirlo nuevamente.<\/div>\n<\/div>\n<p>\u201cHoy es un d\u00eda hist\u00f3rico, vamos a recordar los 150 a\u00f1os del fallecimiento del presidente Ju\u00e1rez, el mejor presidente en la historia de M\u00e9xico. Vamos a tener una ceremonia en Palacio Nacional. Vamos a reabrir el recinto Ju\u00e1rez, todo el espacio de Palacio Nacional que est\u00e1 dedicado al presidente Ju\u00e1rez se rehabilit\u00f3 y se abre para visitas p\u00fablicas\u201d.<\/p>\n<p>La ceremonia se realizar\u00e1 hoy a las 11 de la ma\u00f1ana en Palacio Nacional, y ser\u00e1 encabezada por L\u00f3pez Obrador \u2013cuyo uno de sus mayores referentes es precisamente Ju\u00e1rez.<\/p>\n<\/div>\n<\/div>\n<\/div>\n<\/div>\n<\/div>\n","protected":false},"excerpt":{"rendered":"<p>Reabren hoy el Recinto de Ju\u00e1rez en su 150 aniversario luctuoso Emir Olivares y Alonso Urrutia . El presidente Andr\u00e9s Manuel L\u00f3pez Obrador observa un retrato del Benem\u00e9rito de las Am\u00e9ricas, Benito Ju\u00e1rez, durante la conferencia matutina en Palacio Nacional, en la Ciudad de M\u00e9xico, el 18 de julio de 2022. &nbsp; Ciudad de M\u00e9xico. [&hellip;]<\/p>\n","protected":false},"author":249,"featured_media":28512,"comment_status":"open","ping_status":"closed","sticky":false,"template":"","format":"standard","meta":{"footnotes":""},"categories":[26],"tags":[],"class_list":["post-28511","post","type-post","status-publish","format-standard","has-post-thumbnail","hentry","category-mundo"],"_links":{"self":[{"href":"https:\/\/eloficiodehistoriar.com.mx\/index.php?rest_route=\/wp\/v2\/posts\/28511","targetHints":{"allow":["GET"]}}],"collection":[{"href":"https:\/\/eloficiodehistoriar.com.mx\/index.php?rest_route=\/wp\/v2\/posts"}],"about":[{"href":"https:\/\/eloficiodehistoriar.com.mx\/index.php?rest_route=\/wp\/v2\/types\/post"}],"author":[{"embeddable":true,"href":"https:\/\/eloficiodehistoriar.com.mx\/index.php?rest_route=\/wp\/v2\/users\/249"}],"replies":[{"embeddable":true,"href":"https:\/\/eloficiodehistoriar.com.mx\/index.php?rest_route=%2Fwp%2Fv2%2Fcomments&post=28511"}],"version-history":[{"count":1,"href":"https:\/\/eloficiodehistoriar.com.mx\/index.php?rest_route=\/wp\/v2\/posts\/28511\/revisions"}],"predecessor-version":[{"id":28513,"href":"https:\/\/eloficiodehistoriar.com.mx\/index.php?rest_route=\/wp\/v2\/posts\/28511\/revisions\/28513"}],"wp:featuredmedia":[{"embeddable":true,"href":"https:\/\/eloficiodehistoriar.com.mx\/index.php?rest_route=\/wp\/v2\/media\/28512"}],"wp:attachment":[{"href":"https:\/\/eloficiodehistoriar.com.mx\/index.php?rest_route=%2Fwp%2Fv2%2Fmedia&parent=28511"}],"wp:term":[{"taxonomy":"category","embeddable":true,"href":"https:\/\/eloficiodehistoriar.com.mx\/index.php?rest_route=%2Fwp%2Fv2%2Fcategories&post=28511"},{"taxonomy":"post_tag","embeddable":true,"href":"https:\/\/eloficiodehistoriar.com.mx\/index.php?rest_route=%2Fwp%2Fv2%2Ftags&post=28511"}],"curies":[{"name":"wp","href":"https:\/\/api.w.org\/{rel}","templated":true}]}}