{"id":28517,"date":"2022-07-18T09:36:59","date_gmt":"2022-07-18T15:36:59","guid":{"rendered":"https:\/\/eloficiodehistoriar.com.mx\/?p=28517"},"modified":"2022-07-18T09:36:59","modified_gmt":"2022-07-18T15:36:59","slug":"la-exposicion-cortejo-funebre-de-1872-documentos-fotografias-acuarelas-litografias-y-periodicos","status":"publish","type":"post","link":"https:\/\/eloficiodehistoriar.com.mx\/?p=28517","title":{"rendered":"la exposici\u00f3n \u00abCortejo f\u00fanebre de 1872\u00bb documentos, fotograf\u00edas, acuarelas, litograf\u00edas y peri\u00f3dicos"},"content":{"rendered":"<div id=\"article-cont\" class=\"main-cont article-cont actuality\">\n<div class=\"cabeza\">Relata Museo Pante\u00f3n de San Fernando los cinco d\u00edas de las exequias a Benito Ju\u00e1rez<\/div>\n<div class=\"sumarios\">\n<p>Exhibe tambi\u00e9n una cronolog\u00eda hist\u00f3rica para entender el contexto de la \u00e9poca<\/p>\n<\/div>\n<div id=\"article-text\" class=\"text\">\n<div class=\"foto\">\n<div class=\"pie-foto\">En conmemoraci\u00f3n del 150 aniversario luctuoso del presidente Benito Ju\u00e1rez, la exposici\u00f3n <em>Cortejo f\u00fanebre de 1872<\/em> re\u00fane reproducciones digitales de documentos hist\u00f3ricos, fotograf\u00edas, acuarelas, litograf\u00edas y peri\u00f3dicos de esa \u00e9poca.<\/div>\n<div><\/div>\n<\/div>\n<div class=\"col col1\">\n<div class=\"credito-autor\">Carlos Paul<\/div>\n<div class=\"credito-titulo\"><\/div>\n<div class=\"hemero\">La Jornada<\/p>\n<\/div>\n<p class=\"s-s\">Con motivo del 150 aniversario luctuoso del presidente Benito Ju\u00e1rez que justo se conmemora hoy, el Museo Pante\u00f3n de San Fernando \u2013donde se encuentran los restos del llamado Benem\u00e9rito de las Am\u00e9ricas\u2013 inaugurar\u00e1 en su galer\u00eda abierta la exposici\u00f3n\u00a0<em>Cortejo F\u00fanebre de 1872<\/em>, muestra en la que se entretejen tres discursos narrativos: algunos de los momentos pol\u00edticos m\u00e1s cruciales que le toc\u00f3 vivir a Ju\u00e1rez como presidente, descritos de pu\u00f1o y letra por \u00e9l mismo, el relato de los cinco d\u00edas que duraron las exequias en su honor, y una cronolog\u00eda hist\u00f3rica que sirve de contexto a aquellos momentos.<\/p>\n<p>La exposici\u00f3n se acompa\u00f1a con reproducciones digitales de documentos hist\u00f3ricos, fotograf\u00edas, acuarelas, litograf\u00edas y diarios de la \u00e9poca que ilustran este periodo hist\u00f3rico del pa\u00eds.<\/p>\n<p>De acuerdo con Jos\u00e9 Antonio Cort\u00e9s Mu\u00f1oz, coordinador de proyectos del Museo Pante\u00f3n de San Fernando, Ju\u00e1rez (1806-1872) vivi\u00f3 una \u00e9poca crucial en la formaci\u00f3n del Estado mexicano, considerada por muchos historiadores como la consolidaci\u00f3n de la naci\u00f3n como Rep\u00fablica. Ju\u00e1rez marc\u00f3 un parteaguas en la historia nacional y a pesar de tratarse de un presidente sin antecedentes militares, fue una figura clave tanto en la Guerra de la Reforma como en la Intervenci\u00f3n Francesa.<\/p>\n<p>En la muestra se exhiben escritos del presidente Benito Ju\u00e1rez seleccionados del libro\u00a0<em>Apuntes para mis hijos<\/em>, explic\u00f3 Cort\u00e9s Mu\u00f1oz a\u00a0<em>La Jornada<\/em>.<\/p>\n<p><q>Debido a la amplia informaci\u00f3n hist\u00f3rica que se tiene, se realiz\u00f3 una selecci\u00f3n y s\u00edntesis que permitan entender al visitante lo que ocurri\u00f3 en aquel momento hist\u00f3rico<\/q>, por lo que se articularon breves apartados con los t\u00edtulos: Sobre el acceso a la educaci\u00f3n p\u00fablica, Sobre el establecimiento del Instituto de Ciencias y Artes por parte del Congreso de Oaxaca (1827), Intervenci\u00f3n norteamericana: hipotecar bienes del clero para obtener recursos para la guerra (1846), Sobre la persecuci\u00f3n pol\u00edtica, Apoyo a la Revoluci\u00f3n de Ayutla, Ignacio Comonfort es nombrado presidente interino, Plan de Tacubaya, Ju\u00e1rez reasume mando Constitucional, Entrada triunfal de Ju\u00e1rez a la capital, Ju\u00e1rez electo presidente, Carta a Maximiliano de Habsburgo, Segunda entrada triunfal de Ju\u00e1rez a la capital y El Mausoleo de Benito Ju\u00e1rez.<\/p>\n<p>La muestra, detall\u00f3 el historiador, \u201ctoma como contexto hist\u00f3rico los cinco d\u00edas que duraron las exequias de Ju\u00e1rez, y que aqu\u00ed se relatan d\u00eda a d\u00eda, hora a hora, y, de manera paralela, recordarlo desde su infancia y adolescencia, como pol\u00edtico, gobernador y presidente.<\/p>\n<p>\u201cNo hay que romantizar la vida de Ju\u00e1rez. Se debe recordar que Ju\u00e1rez, de ni\u00f1o y joven, vivi\u00f3 en la Nueva Espa\u00f1a, a\u00fan no exist\u00eda la naci\u00f3n como Rep\u00fablica, y fue v\u00edctima de discriminaci\u00f3n y racismo. Posteriormente, como litigante y gobernador se confronta con Antonio L\u00f3pez de Santana, y despu\u00e9s participa en contra de la Intervenci\u00f3n francesa.<\/p>\n<\/div>\n<div class=\"col col2\">\n<p><q>Durante los cinco d\u00edas que duraron las exequias, tanto la prensa conservadora como la liberal acordaron dejar de lado las diferencias pol\u00edticas para informar con la mayor sobriedad el suceso f\u00fanebre. Algunas publicaciones destacaron en sus p\u00e1ginas los aciertos que Ju\u00e1rez supo imprimir en la historia nacional, y otras, de corte conservador, manifestaron su desacuerdo con la forma de llevar al pa\u00eds hacia la Rep\u00fablica, pero tambi\u00e9n reconocieron que mantuvo al pa\u00eds unido y mostraron su respeto<\/q>, explic\u00f3 Cort\u00e9s Mu\u00f1oz.<\/p>\n<p>De acuerdo con el historiador,\u00a0<q>el 18 de julio de 1872 falleci\u00f3 Benito Ju\u00e1rez estando en funciones. La conmoci\u00f3n por la muerte del presidente oblig\u00f3 al gabinete a actuar con rapidez, a fin de asegurar la continuidad de la Rep\u00fablica. El pa\u00eds ya hab\u00eda atravesado una situaci\u00f3n similar tras la muerte de Miguel Barrag\u00e1n, presidente entre 1835-1836, por lo que se sigui\u00f3 el protocolo establecido en la ley del 29 de febrero de 1836<\/q>.<\/p>\n<p>Entre las an\u00e9cdotas registradas, se cuenta\u00a0<q>que va tal cantidad de personas a Palacio Nacional para despedirse de Ju\u00e1rez, que fue necesario reforzar la entrada del Sal\u00f3n de Embajadores, donde estaba el cuerpo del presidente. Tambi\u00e9n, en ese mismo espacio, hab\u00eda un cuadro del ex emperador Agust\u00edn de Iturbide, que parec\u00eda mirar hacia abajo el cuerpo de Ju\u00e1rez. La iron\u00eda es que Ju\u00e1rez ni muerto se libr\u00f3 de los conservadores<\/q>.<\/p>\n<p>Para Jos\u00e9 Antonio Cort\u00e9s Mu\u00f1oz, a 150 a\u00f1os del fallecimiento de Benito Ju\u00e1rez, habr\u00eda que rememorarlo porque debi\u00f3\u00a0<q>soportar humillaci\u00f3n y racismo. Todav\u00eda durante la Nueva Espa\u00f1a aprende espa\u00f1ol no s\u00f3lo para ser parte de una sociedad, sino para incidir en la vida pol\u00edtica, y como abogado y gobernador buscar la justicia social. Algunos le podr\u00e1n criticar su deseo de continuar como presidente de la Rep\u00fablica, pero las circunstancias hist\u00f3ricas lo obligaron a seguir adelante. Pero el gran valor para recordarlo es comprender las consecuencias hist\u00f3ricas de sus acciones, lo que logr\u00f3 construir, al dejarnos una Rep\u00fablica y una naci\u00f3n independiente<\/q>.<\/p>\n<p>La exposici\u00f3n\u00a0<em>Cortejo F\u00fanebre de 1872<\/em>, que se exhibe en la Galer\u00eda Abierta del Museo Pante\u00f3n de San Fernando (San Fernando 17, Centro Hist\u00f3rico, estaci\u00f3n del Metro Hidalgo) se puede visitar a partir de hoy.<\/p>\n<\/div>\n<\/div>\n<div class=\"go gui\">\n<div class=\"go-up\"><\/div>\n<\/div>\n<\/div>\n<div id=\"taboola-below-content-thumbnails\" class=\" trc_related_container trc_spotlight_widget tbl-feed-container tbl-feed-frame-DIVIDER  render-late-effect\" data-feed-container-num=\"1\" data-feed-main-container-id=\"taboola-below-content-thumbnails\" data-parent-placement-name=\"Below Content Thumbnails\" data-pub-lang=\"es\">\n<div class=\" tbl-feed-header tbl-logo-right-position\">\n<div class=\"tbl-feed-header-logo\"><\/div>\n<\/div>\n<\/div>\n","protected":false},"excerpt":{"rendered":"<p>Relata Museo Pante\u00f3n de San Fernando los cinco d\u00edas de las exequias a Benito Ju\u00e1rez Exhibe tambi\u00e9n una cronolog\u00eda hist\u00f3rica para entender el contexto de la \u00e9poca En conmemoraci\u00f3n del 150 aniversario luctuoso del presidente Benito Ju\u00e1rez, la exposici\u00f3n Cortejo f\u00fanebre de 1872 re\u00fane reproducciones digitales de documentos hist\u00f3ricos, fotograf\u00edas, acuarelas, litograf\u00edas y peri\u00f3dicos de [&hellip;]<\/p>\n","protected":false},"author":249,"featured_media":28518,"comment_status":"open","ping_status":"closed","sticky":false,"template":"","format":"standard","meta":{"footnotes":""},"categories":[26],"tags":[],"class_list":["post-28517","post","type-post","status-publish","format-standard","has-post-thumbnail","hentry","category-mundo"],"_links":{"self":[{"href":"https:\/\/eloficiodehistoriar.com.mx\/index.php?rest_route=\/wp\/v2\/posts\/28517","targetHints":{"allow":["GET"]}}],"collection":[{"href":"https:\/\/eloficiodehistoriar.com.mx\/index.php?rest_route=\/wp\/v2\/posts"}],"about":[{"href":"https:\/\/eloficiodehistoriar.com.mx\/index.php?rest_route=\/wp\/v2\/types\/post"}],"author":[{"embeddable":true,"href":"https:\/\/eloficiodehistoriar.com.mx\/index.php?rest_route=\/wp\/v2\/users\/249"}],"replies":[{"embeddable":true,"href":"https:\/\/eloficiodehistoriar.com.mx\/index.php?rest_route=%2Fwp%2Fv2%2Fcomments&post=28517"}],"version-history":[{"count":1,"href":"https:\/\/eloficiodehistoriar.com.mx\/index.php?rest_route=\/wp\/v2\/posts\/28517\/revisions"}],"predecessor-version":[{"id":28519,"href":"https:\/\/eloficiodehistoriar.com.mx\/index.php?rest_route=\/wp\/v2\/posts\/28517\/revisions\/28519"}],"wp:featuredmedia":[{"embeddable":true,"href":"https:\/\/eloficiodehistoriar.com.mx\/index.php?rest_route=\/wp\/v2\/media\/28518"}],"wp:attachment":[{"href":"https:\/\/eloficiodehistoriar.com.mx\/index.php?rest_route=%2Fwp%2Fv2%2Fmedia&parent=28517"}],"wp:term":[{"taxonomy":"category","embeddable":true,"href":"https:\/\/eloficiodehistoriar.com.mx\/index.php?rest_route=%2Fwp%2Fv2%2Fcategories&post=28517"},{"taxonomy":"post_tag","embeddable":true,"href":"https:\/\/eloficiodehistoriar.com.mx\/index.php?rest_route=%2Fwp%2Fv2%2Ftags&post=28517"}],"curies":[{"name":"wp","href":"https:\/\/api.w.org\/{rel}","templated":true}]}}