{"id":28523,"date":"2022-07-18T09:52:36","date_gmt":"2022-07-18T15:52:36","guid":{"rendered":"https:\/\/eloficiodehistoriar.com.mx\/?p=28523"},"modified":"2022-07-18T09:52:36","modified_gmt":"2022-07-18T15:52:36","slug":"carlos-briseno-en-la-catedral-de-veracruz-la-hospitalidad-ha-sido-caracteristica-del-pueblo-mexicano","status":"publish","type":"post","link":"https:\/\/eloficiodehistoriar.com.mx\/?p=28523","title":{"rendered":"Carlos Brise\u00f1o en la\u00a0Catedral de Veracruz: \u00abla hospitalidad ha sido caracter\u00edstica del pueblo mexicano\u00bb"},"content":{"rendered":"<div>\n<h4 class=\"title\">Muertes de migrantes no inhiben el sue\u00f1o americano, \u00bfpor qu\u00e9 lo dice la Iglesia?<\/h4>\n<\/div>\n<h3 class=\"subtitle\">Pese a la tragedia ocurrida en Texas, donde migrantes murieron en el interior de un trailer, algunas personas siguen buscando consumar el sue\u00f1o americano<\/h3>\n<p>Dif\u00edcil es el camino que deben seguir las personas que buscan el sue\u00f1o americano<\/p>\n<div id=\"affix-share\" class=\"sharing-menu affix\">\n<ul>\n<li><b>Veracruz<\/b>, Ver.-<\/li>\n<li>Pese a la<b>\u00a0tragedia ocurrida en Texas<\/b>, donde 51 migrantes fallecieron asfixiadas y sofocadas por el calor tras ser abandonados en un tr\u00e1iler de un cami\u00f3n, el\u00a0<b>obispo de Veracruz, Carlos Brise\u00f1o Arch<\/b>\u00a0asegura que no ha inhibido el inter\u00e9s de indocumentados por llegar a Estados Unidos.<\/li>\n<\/ul>\n<\/div>\n<div class=\"content-body clearfix \">\n<div id=\"content-body-225-8607651\">\n<p>Muestra de ello son las constantes solicitudes de apoyo de migrantes en Casa Santa Ana de Boca del R\u00edo y el\u00a0<b>Albergue Decanal Guadalupano en Tierra Blanca<\/b>.<\/p>\n<\/div>\n<\/div>\n<div class=\"advertisment \">\n<div id=\"dfp-nota-1x3s\" data-google-query-id=\"CPqp_aHkgvkCFcRGAQodVM4G4Q\">\n<div id=\"google_ads_iframe_\/2000002\/diariodexalapa\/mexico_nota_1x3_0__container__\"><i>\u201cSon oleadas, a veces me han pasado los informes, y a veces en semanas llegan 100, 200 o hasta 500, hay \u00e9pocas donde vienen muchos, otras donde vienen poco pero siempre est\u00e1n constantemente viniendo migrantes. No dejan de pasar por la casa de atenci\u00f3n a migrantes\u201d<\/i>, dice el prelado.<\/div>\n<\/div>\n<\/div>\n<article class=\"content-continued-body clearfix \">\n<div id=\"content-body-5851641-8607651\">\n<article class=\"local\nmedia col-md-4 inline-story \"><\/p>\n<div class=\"teaser \">\n<h4 class=\"title \">Brise\u00f1o Arch se pronuncia porque la tragedia de Texas sirva de reflexi\u00f3n para quienes tienen la intenci\u00f3n de<b>\u00a0buscar el sue\u00f1o americano de manera ilegal<\/b>, pues los riesgos que corren tanto ellos (migrantes) como sus familias, son cada vez m\u00e1s peligrosos, ya que hace ver que est\u00e1n expuestos a ser utilizados para la venta de \u00f3rganos, abuso sexual en las mujeres, secuestros, maltrato hasta accidentes fatales.<\/h4>\n<\/div>\n<\/article>\n<p>Y si bien es cierto, pide pensarlo, tampoco que se juzgue por el actuar de los indocumentados.<\/p>\n<p>Por ello, el ministro de la\u00a0<b>Iglesia Cat\u00f3lica\u00a0<\/b>tambi\u00e9n exhorta a la poblaci\u00f3n veracruzana a no dejar de\u00a0<b>ayudar a los migrantes<\/b>, pues la odisea por la que pasan la mayor\u00eda es de sufrimiento.<\/p>\n<p>Carlos Brise\u00f1o menciona en ese sentido que el mensaje de esta misa dominical en la<b>\u00a0Catedral de Veracruz<\/b>, fue la hospitalidad con el pr\u00f3jimo, que ha sido una de las caracter\u00edsticas del pueblo mexicano.<\/p>\n<p><i>\u201cYo siempre he presumido incluso en el extranjero que los mexicanos tenemos esa cualidad de ser hospitalarios, pero precisamente por la influencia a veces anglosajona y la influencia a veces egoc\u00e9ntrica de nuestro mundo a veces nos hemos vuelto muy individualistas y ego\u00edstas, y este evangelio es lo que nos invita a la hospitalidad, a tratar de dar los mejor de nosotros a los dem\u00e1s , cuando atendemos a alg\u00fan necesitado o pobre, que no se nos olvide que estamos atendiendo a Dios, que es m\u00e1s de lo que vamos a recibir de Dios, que lo que podemos dar a aquel necesitado, el se\u00f1or siempre bendice y multiplica, cuando somos generosos con los dem\u00e1s\u201d,<\/i>\u00a0concluye.<\/p>\n<\/div>\n<\/article>\n","protected":false},"excerpt":{"rendered":"<p>Muertes de migrantes no inhiben el sue\u00f1o americano, \u00bfpor qu\u00e9 lo dice la Iglesia? Pese a la tragedia ocurrida en Texas, donde migrantes murieron en el interior de un trailer, algunas personas siguen buscando consumar el sue\u00f1o americano Dif\u00edcil es el camino que deben seguir las personas que buscan el sue\u00f1o americano Veracruz, Ver.- Pese [&hellip;]<\/p>\n","protected":false},"author":249,"featured_media":28524,"comment_status":"open","ping_status":"closed","sticky":false,"template":"","format":"standard","meta":{"footnotes":""},"categories":[26],"tags":[],"class_list":["post-28523","post","type-post","status-publish","format-standard","has-post-thumbnail","hentry","category-mundo"],"_links":{"self":[{"href":"https:\/\/eloficiodehistoriar.com.mx\/index.php?rest_route=\/wp\/v2\/posts\/28523","targetHints":{"allow":["GET"]}}],"collection":[{"href":"https:\/\/eloficiodehistoriar.com.mx\/index.php?rest_route=\/wp\/v2\/posts"}],"about":[{"href":"https:\/\/eloficiodehistoriar.com.mx\/index.php?rest_route=\/wp\/v2\/types\/post"}],"author":[{"embeddable":true,"href":"https:\/\/eloficiodehistoriar.com.mx\/index.php?rest_route=\/wp\/v2\/users\/249"}],"replies":[{"embeddable":true,"href":"https:\/\/eloficiodehistoriar.com.mx\/index.php?rest_route=%2Fwp%2Fv2%2Fcomments&post=28523"}],"version-history":[{"count":1,"href":"https:\/\/eloficiodehistoriar.com.mx\/index.php?rest_route=\/wp\/v2\/posts\/28523\/revisions"}],"predecessor-version":[{"id":28525,"href":"https:\/\/eloficiodehistoriar.com.mx\/index.php?rest_route=\/wp\/v2\/posts\/28523\/revisions\/28525"}],"wp:featuredmedia":[{"embeddable":true,"href":"https:\/\/eloficiodehistoriar.com.mx\/index.php?rest_route=\/wp\/v2\/media\/28524"}],"wp:attachment":[{"href":"https:\/\/eloficiodehistoriar.com.mx\/index.php?rest_route=%2Fwp%2Fv2%2Fmedia&parent=28523"}],"wp:term":[{"taxonomy":"category","embeddable":true,"href":"https:\/\/eloficiodehistoriar.com.mx\/index.php?rest_route=%2Fwp%2Fv2%2Fcategories&post=28523"},{"taxonomy":"post_tag","embeddable":true,"href":"https:\/\/eloficiodehistoriar.com.mx\/index.php?rest_route=%2Fwp%2Fv2%2Ftags&post=28523"}],"curies":[{"name":"wp","href":"https:\/\/api.w.org\/{rel}","templated":true}]}}