{"id":28537,"date":"2022-07-19T08:37:19","date_gmt":"2022-07-19T14:37:19","guid":{"rendered":"https:\/\/eloficiodehistoriar.com.mx\/?p=28537"},"modified":"2022-07-19T08:37:19","modified_gmt":"2022-07-19T14:37:19","slug":"se-revelo-que-de-tres-de-cuatro-mujeres-de-18-anos-y-mas-consideraron-que-su-ciudad-es-insegura","status":"publish","type":"post","link":"https:\/\/eloficiodehistoriar.com.mx\/?p=28537","title":{"rendered":"Se revel\u00f3 que de tres de cuatro mujeres de 18 a\u00f1os y m\u00e1s consideraron que su ciudad es insegura."},"content":{"rendered":"<h2 id=\"article-title-tts\" class=\"title title-default\">Creciente inseguridad viven las mujeres en M\u00e9xico, revela el Inegi<\/h2>\n<div class=\"article-info\"><a class=\"author\" href=\"https:\/\/www.jornada.com.mx\/author\/clara-zepeda.html\">Clara Zepeda<\/a><\/div>\n<div id=\"article-content-images\" class=\"content-items-media\"><\/div>\n<div class=\"foto-pie\">En el primer trimestre, 71.1% de las mujeres respondi\u00f3 que vivir en su ciudad es inseguro; tres meses despu\u00e9s aument\u00f3 1.8 puntos para reportar en junio su mayor repunte desde 2020.<\/div>\n<div class=\"article-row\">\n<div class=\"social-links right\">\n<div id=\"content-sintesis-audio\" class=\"sintesis-audio\">\n<div class=\"speak-cont btn-group\">\n<form>&nbsp;<\/p>\n<p><em>Ciudad de M\u00e9xico.<\/em><\/p>\n<p>La percepci\u00f3n de inseguridad en zonas urbanas en M\u00e9xico para las mujeres aceler\u00f3 su crecimiento en junio de 2022, inform\u00f3 el Instituto Nacional de Estad\u00edstica y Geograf\u00eda (Inegi).<\/p>\n<\/form>\n<\/div>\n<\/div>\n<\/div>\n<div class=\"article-main\">\n<div class=\"row\">\n<div id=\"article-content-tts\" class=\"article-content ljn-nota-contenido\">\n<div id=\"content_nitf\">\n<div class=\"teads-inread\">\n<div id=\"teads0\" class=\"teads-player\">La Encuesta Nacional de Seguridad P\u00fablica Urbana (ENSU) del segundo trimestre de 2022 revel\u00f3 que alrededor de tres de cuatro mujeres (72.9 por ciento) de 18 a\u00f1os y m\u00e1s consideraron que vivir en su ciudad es inseguro.<\/div>\n<\/div>\n<p>En el primer trimestre, 71.1 por ciento de las mujeres respondi\u00f3 que vivir en su ciudad es inseguro; tres meses despu\u00e9s un aumento de 1.8 puntos, para reportar en junio su mayor repunte desde 2020.<\/p>\n<p>De acuerdo con la ENSU del Instituto Nacional de Estad\u00edstica y Geograf\u00eda (Inegi), que da a conocer la percepci\u00f3n de la poblaci\u00f3n sobre la seguridad p\u00fablica, revel\u00f3 que 67.4 por ciento de la poblaci\u00f3n de 18 a\u00f1os y m\u00e1s consider\u00f3 que es inseguro vivir en su ciudad, al cierre de junio del presente a\u00f1o, un repunte desde el dato previo de 66.2 por ciento en marzo.<\/p>\n<p>La percepci\u00f3n de inseguridad entre la poblaci\u00f3n masculina aminor\u00f3 su ritmo de crecimiento, pues en marzo 60.4 por ciento de los hombres en M\u00e9xico se sent\u00edan inseguros en la ciudad en donde viven, para junio 60.9 por ciento de esta poblaci\u00f3n no se sinti\u00f3 seguro en donde viven.<\/p>\n<h2>Espacios de inseguridad<\/h2>\n<p>Respecto a la percepci\u00f3n de inseguridad en espacios f\u00edsicos espec\u00edficos por sexo, en junio de 2022, 82.3 por ciento de las mujeres manifest\u00f3 sentir inseguridad en los cajeros autom\u00e1ticos localizados en la v\u00eda p\u00fablica y 76 por ciento en el transporte p\u00fablico.<\/p>\n<div class=\"teads-inread\">\n<div id=\"teads1\" class=\"teads-player\">De los hombres, 70.1 por ciento manifest\u00f3 sentir inseguridad en los cajeros autom\u00e1ticos localizados en la v\u00eda p\u00fablica y 64.3 por ciento en el transporte p\u00fablico.<\/div>\n<\/div>\n<p>En junio de 2022, 34.6 por ciento de la poblaci\u00f3n de 18 a\u00f1os en adelante residente en las ciudades consider\u00f3 que, en los pr\u00f3ximos 12 meses, la situaci\u00f3n de la delincuencia e inseguridad seguir\u00e1 igual de mal.<\/p>\n<p>Por otra parte, 28.5 por ciento de la poblaci\u00f3n refiere que la situaci\u00f3n empeorar\u00e1 en los pr\u00f3ximos 12 meses.<\/p>\n<p>Lo anterior representa un cambio estad\u00edsticamente significativo al alza de 4.6 puntos porcentuales frente a junio de 2021 y de 3.5 puntos porcentuales con relaci\u00f3n a marzo de 2022, cuando se reportaron 23.9 y 25 por ciento, respectivamente.<\/p>\n<p>En contraste, 13.5 por ciento de la poblaci\u00f3n de 18 a\u00f1os y m\u00e1s refiri\u00f3 que la situaci\u00f3n de la delincuencia e inseguridad en su ciudad seguir\u00e1 igual de bien y 22.1 por ciento manifest\u00f3 que mejorar\u00e1.<\/p>\n<\/div>\n<\/div>\n<\/div>\n<\/div>\n<\/div>\n","protected":false},"excerpt":{"rendered":"<p>Creciente inseguridad viven las mujeres en M\u00e9xico, revela el Inegi Clara Zepeda En el primer trimestre, 71.1% de las mujeres respondi\u00f3 que vivir en su ciudad es inseguro; tres meses despu\u00e9s aument\u00f3 1.8 puntos para reportar en junio su mayor repunte desde 2020. &nbsp; Ciudad de M\u00e9xico. La percepci\u00f3n de inseguridad en zonas urbanas en [&hellip;]<\/p>\n","protected":false},"author":249,"featured_media":28355,"comment_status":"open","ping_status":"closed","sticky":false,"template":"","format":"standard","meta":{"footnotes":""},"categories":[26],"tags":[],"class_list":["post-28537","post","type-post","status-publish","format-standard","has-post-thumbnail","hentry","category-mundo"],"_links":{"self":[{"href":"https:\/\/eloficiodehistoriar.com.mx\/index.php?rest_route=\/wp\/v2\/posts\/28537","targetHints":{"allow":["GET"]}}],"collection":[{"href":"https:\/\/eloficiodehistoriar.com.mx\/index.php?rest_route=\/wp\/v2\/posts"}],"about":[{"href":"https:\/\/eloficiodehistoriar.com.mx\/index.php?rest_route=\/wp\/v2\/types\/post"}],"author":[{"embeddable":true,"href":"https:\/\/eloficiodehistoriar.com.mx\/index.php?rest_route=\/wp\/v2\/users\/249"}],"replies":[{"embeddable":true,"href":"https:\/\/eloficiodehistoriar.com.mx\/index.php?rest_route=%2Fwp%2Fv2%2Fcomments&post=28537"}],"version-history":[{"count":1,"href":"https:\/\/eloficiodehistoriar.com.mx\/index.php?rest_route=\/wp\/v2\/posts\/28537\/revisions"}],"predecessor-version":[{"id":28538,"href":"https:\/\/eloficiodehistoriar.com.mx\/index.php?rest_route=\/wp\/v2\/posts\/28537\/revisions\/28538"}],"wp:featuredmedia":[{"embeddable":true,"href":"https:\/\/eloficiodehistoriar.com.mx\/index.php?rest_route=\/wp\/v2\/media\/28355"}],"wp:attachment":[{"href":"https:\/\/eloficiodehistoriar.com.mx\/index.php?rest_route=%2Fwp%2Fv2%2Fmedia&parent=28537"}],"wp:term":[{"taxonomy":"category","embeddable":true,"href":"https:\/\/eloficiodehistoriar.com.mx\/index.php?rest_route=%2Fwp%2Fv2%2Fcategories&post=28537"},{"taxonomy":"post_tag","embeddable":true,"href":"https:\/\/eloficiodehistoriar.com.mx\/index.php?rest_route=%2Fwp%2Fv2%2Ftags&post=28537"}],"curies":[{"name":"wp","href":"https:\/\/api.w.org\/{rel}","templated":true}]}}