{"id":28539,"date":"2022-07-19T08:43:51","date_gmt":"2022-07-19T14:43:51","guid":{"rendered":"https:\/\/eloficiodehistoriar.com.mx\/?p=28539"},"modified":"2022-07-19T08:43:51","modified_gmt":"2022-07-19T14:43:51","slug":"la-bailarina-elisa-carrillo-estrenara-the_wall-coreografia-de-yeri-anarika-en-el-teatro-de-las-artes","status":"publish","type":"post","link":"https:\/\/eloficiodehistoriar.com.mx\/?p=28539","title":{"rendered":"La bailarina Elisa Carrillo, estrenar\u00e1\u00a0#The_Wall, coreograf\u00eda de Yeri Anarika, en el Teatro de las Artes,"},"content":{"rendered":"<div id=\"article-cont\" class=\"main-cont article-cont actuality\">\n<div class=\"cabeza\">Celebra Carrillo 10 a\u00f1os de la Gala Elisa y Amigos y la quinta edici\u00f3n de Danzatl\u00e1n<\/div>\n<div class=\"sumarios\">\n<p>En la Ciudad de M\u00e9xico y el estado de M\u00e9xico se presentar\u00e1n estrenos, clases magistrales, charlas, ciclos de cine y talleres<\/p>\n<\/div>\n<div id=\"article-text\" class=\"text\">\n<div class=\"foto\">\n<div class=\"pie-foto\">Elisa Carrillo, en un instante de <em>Bolero<\/em>, del core\u00f3grafo franc\u00e9s Maurice B\u00e9jart, que se ser\u00e1 interpretada por la bailarina mexicana en la Gala Elisa y Amigos.<\/div>\n<div><\/div>\n<\/div>\n<div class=\"col col1\">\n<div class=\"credito-autor\">Fabiola Palapa Quijas<\/div>\n<div class=\"credito-titulo\"><\/div>\n<div class=\"hemero\">La Jornada<\/p>\n<\/div>\n<p class=\"s-s\">La bailarina mexicana Elisa Carrillo, de celebridad mundial, estrenar\u00e1\u00a0<em>#The_Wall<\/em>, coreograf\u00eda de Yeri Anarika, en el Teatro de las Artes, del Centro Nacional de las Artes (Cenart), el pr\u00f3ximo s\u00e1bado 23 de julio a las 19 horas y el 24 a las 18 horas.<\/p>\n<p>La obra tambi\u00e9n se presentar\u00e1 en el Centro Cultural Mexiquense An\u00e1huac, en Huixquilucan, el d\u00eda 27 a las 19 horas, as\u00ed como en la Sala de Conciertos Elisa Carrillo, del Centro Cultural Mexiquense Bicentenario, en Texcoco, el 30 de julio, a las 17 horas.<\/p>\n<p><em>Bolero<\/em>, una de las obras m\u00e1s emblem\u00e1ticas del core\u00f3grafo franc\u00e9s Maurice B\u00e9jart (1927-2007), ser\u00e1 interpretada tambi\u00e9n por ella en la Gala Elisa y Amigos, que se desarrollar\u00e1 en el contexto de Danzatl\u00e1n: Festival Internacional de la Danza.<\/p>\n<p>La presentaci\u00f3n de la primera bailarina del Staatsballett de Berl\u00edn ser\u00e1 el 30 de julio a las 19 horas en el Teatro Morelos, en Toluca, y el 1\u00ba de agosto a las 19 horas en la Sala de Conciertos Elisa Carrillo del Centro Cultural Mexiquense Bicentenario, en Texcoco.<\/p>\n<p>A prop\u00f3sito de la quinta edici\u00f3n del festival Danzatl\u00e1n que se desarrollar\u00e1 del 23 de julio al 1\u00ba de agosto y de los 10 a\u00f1os de la Gala Elisa y Amigos, la bailarina convers\u00f3 con\u00a0<em>La Jornada<\/em>.<\/p>\n<p>Sobre la coreograf\u00eda de B\u00e9jart con m\u00fasica de Maurice Ravel, Carrillo expres\u00f3 que es una obra\u00a0<q>de extremo trabajo f\u00edsico<\/q>\u00a0por los 14 minutos que dura.<\/p>\n<p><em>Bolero<\/em>\u00a0se estren\u00f3 en 1961 y tiene de rol principal La Melod\u00eda, interpretada por una bailarina o un bailar\u00edn, con el ritmo ejecutado por int\u00e9rpretes masculinos.<\/p>\n<p>\u201cLa obra empieza de una manera muy sencilla, muy sutil, pero cada movimiento tiene un significado. Sobre una mesa est\u00e1 La Melod\u00eda y los hombres son el ritmo. Es una pieza especial por todos los movimientos que se ven sencillos, pero despu\u00e9s de llevarlos 14 minutos en el escenario f\u00edsicamente terminas devastado porque das todo.<\/p>\n<p>\u201cEl movimiento va\u00a0<em>in crescendo<\/em>, de lo sencillo a las elevaciones de las piernas. Es una obra de mucha energ\u00eda y se crea una magia s\u00faper especial que requiere mucha concentraci\u00f3n para no perder el ritmo y no perderte dentro de la m\u00fasica\u201d, explic\u00f3 Elisa Carrillo.<\/p>\n<p>La bailarina comparti\u00f3 que siempre hab\u00eda tenido el deseo de interpretar\u00a0<em>Bolero<\/em>\u00a0de B\u00e9jart.<\/p>\n<p>\u201cTuve la inquietud de bailar la obra desde que la vi en videos y en televisi\u00f3n, pensaba que ser\u00eda maravilloso interpretarla porque he visto c\u00f3mo lo han hecho grandes figuras de la danza y siempre que la veo me sigue fascinando.<\/p>\n<p><q>Bailar la obra lo ve\u00eda como un sue\u00f1o lejano por todo lo que implica, y ahora que se dio esta oportunidad me siento muy honrada y motivada por hacerlo en mi pa\u00eds.<\/q><\/p>\n<p>Carrillo ser\u00e1 la primera mexicana en bailar el papel principal de\u00a0<em>Bolero<\/em>\u00a0tras obtener los derechos y adelant\u00f3 que, adem\u00e1s de las funciones en la gala, presentar\u00e1\u00a0<em>Bolero<\/em>\u00a0en el Auditorio Nacional.<\/p>\n<p>La bailarina originaria de Texcoco est\u00e1 contenta de que Danzatl\u00e1n llegue a su quinta edici\u00f3n y la Gala celebre 10 a\u00f1os. Los dos proyectos son organizados por su Fundaci\u00f3n en colaboraci\u00f3n con el Gobierno del estado de M\u00e9xico.<\/p>\n<\/div>\n<div class=\"col col2\">\n<p><q>Es un gran logro realizar estos proyectos y en cada edici\u00f3n tenemos m\u00e1s p\u00fablico que asiste a los eventos, hay m\u00e1s inter\u00e9s de los padres por llevar a sus hijos y de compa\u00f1\u00edas que nos piden participar en el festival, esperamos que esto pueda llegar a m\u00e1s lugares de la Rep\u00fablica.<\/q><\/p>\n<p class=\"sumario\">Grandes estrellas<\/p>\n<p class=\"s-s\">En 2022 Danzatl\u00e1n presentar\u00e1 grandes estrellas de la danza, funciones, estrenos, clases magistrales, charlas, un ciclo de cine y talleres.<\/p>\n<p>Las dos funciones de la Gala Elisa y Amigos cerrar\u00e1n el festival y reunir\u00e1n a cinco premios Benois de la Danse: el brasile\u00f1o Marcelo Gomes, del Ballet de la \u00d3pera Semper de Dresden; la espa\u00f1ola Luc\u00eda Lacarra, del Dortmund Ballett; el argentino Herman Cornejo, del American Ballet Theatre; el sudcoreano Kimin Kim, del Ballet del Teatro Mariinsky, y la mexicana Elisa Carrillo Cabrera, del Staatsballett de Berl\u00edn.<\/p>\n<p>Tambi\u00e9n participar\u00e1n la estadunidense Skylar Brandt, del American Ballet Theatre; la rusa Ekaterina Pervushina, del Ballet del Teatro del Kremlin; el canadiense Matthew Golding, del Dortmund Ballett; el cubano Alejandro Virelles, del Staatsballett de Berl\u00edn, y el espa\u00f1ol Alejandro Mart\u00ednez, del Ballet de la \u00d3pera Semper de Dresden.<\/p>\n<p>Dentro del festival se estrenar\u00e1 en la CDMX y el estado de M\u00e9xico\u00a0<em>#The_Wall<\/em>, una producci\u00f3n de la Fundaci\u00f3n Elisa Carrillo Cabrera, que reflexiona sobre la existencia de m\u00e1s de 70 muros fronterizos que existen en la actualidad en el mundo.<\/p>\n<p>La programaci\u00f3n de Danzatl\u00e1n incluye tambi\u00e9n la obra\u00a0<em>La ciudad de los otros<\/em>, con la compa\u00f1\u00eda colombiana Sankofa Danza Afro, una pieza sobre la discriminaci\u00f3n y la desigualdad social de los afrodescendientes, as\u00ed como La Novena Sinfon\u00eda, con La Infinita Compa\u00f1\u00eda, de Ra\u00fal Tamez, un tributo a quienes perdieron la vida a causa de su raza, g\u00e9nero, preferencia sexual, religi\u00f3n o ideolog\u00eda pol\u00edtica.<\/p>\n<p>El Centro de Producci\u00f3n de Danza Contempor\u00e1nea ofrecer\u00e1\u00a0<em>Radiograf\u00eda de la pasi\u00f3n y Oriones (a la vista de Lavista)<\/em>, mientras la compa\u00f1\u00eda mexiquense \u00c1rbol de Ginkgo interpretar\u00e1 tres piezas, incluyendo dos estrenos:\u00a0<em>Las contradicciones del tiempo<\/em>\u00a0y\u00a0<em>Primavera<\/em>. Bajo la direcci\u00f3n de Jasmany Hern\u00e1ndez, la Compa\u00f1\u00eda de Danza del estado de M\u00e9xico bailar\u00e1\u00a0<em>Press start to continue<\/em>, espect\u00e1culo infantil, y\u00a0<em>Trinum para Nellie<\/em>, homenaje a Nellie Ha-ppee, pilar de la danza en M\u00e9xico.<\/p>\n<p>Elisa Carrillo dar\u00e1 la clase magistral\u00a0<q>Elisa te ense\u00f1a<\/q>\u00a0y platicar\u00e1 con ni\u00f1os y ni\u00f1as del pa\u00eds en la charla en l\u00ednea\u00a0<q>Preg\u00fantale a Elisa<\/q>. El primer bailar\u00edn Mikhail Kaniskin compartir\u00e1 con estudiantes y bailarines la t\u00e9cnica que aprendi\u00f3 en Rusia y Alemania. Tambi\u00e9n habr\u00e1 actividades virtuales y un ciclo de cine con pel\u00edculas como\u00a0<em>Pina<\/em>,\u00a0<em>El cisne negro<\/em>\u00a0y\u00a0<em>Bailando en la oscuridad<\/em>, entre otras.<\/p>\n<p>La programaci\u00f3n completa se puede consultar en\u00a0\u00a0y en la p\u00e1gina de Facebook del Festival Danzatl\u00e1n.<\/p>\n<\/div>\n<\/div>\n<div class=\"go gui\">\n<div class=\"go-up\"><\/div>\n<\/div>\n<\/div>\n<div id=\"taboola-below-content-thumbnails\" class=\" trc_related_container trc_spotlight_widget tbl-feed-container tbl-feed-frame-DIVIDER  render-late-effect\" data-feed-container-num=\"1\" data-feed-main-container-id=\"taboola-below-content-thumbnails\" data-parent-placement-name=\"Below Content Thumbnails\" data-pub-lang=\"es\">\n<div class=\" tbl-feed-header tbl-logo-right-position\">\n<div class=\"tbl-feed-header-logo\"><\/div>\n<\/div>\n<\/div>\n","protected":false},"excerpt":{"rendered":"<p>Celebra Carrillo 10 a\u00f1os de la Gala Elisa y Amigos y la quinta edici\u00f3n de Danzatl\u00e1n En la Ciudad de M\u00e9xico y el estado de M\u00e9xico se presentar\u00e1n estrenos, clases magistrales, charlas, ciclos de cine y talleres Elisa Carrillo, en un instante de Bolero, del core\u00f3grafo franc\u00e9s Maurice B\u00e9jart, que se ser\u00e1 interpretada por la [&hellip;]<\/p>\n","protected":false},"author":249,"featured_media":28540,"comment_status":"open","ping_status":"closed","sticky":false,"template":"","format":"standard","meta":{"footnotes":""},"categories":[26],"tags":[],"class_list":["post-28539","post","type-post","status-publish","format-standard","has-post-thumbnail","hentry","category-mundo"],"_links":{"self":[{"href":"https:\/\/eloficiodehistoriar.com.mx\/index.php?rest_route=\/wp\/v2\/posts\/28539","targetHints":{"allow":["GET"]}}],"collection":[{"href":"https:\/\/eloficiodehistoriar.com.mx\/index.php?rest_route=\/wp\/v2\/posts"}],"about":[{"href":"https:\/\/eloficiodehistoriar.com.mx\/index.php?rest_route=\/wp\/v2\/types\/post"}],"author":[{"embeddable":true,"href":"https:\/\/eloficiodehistoriar.com.mx\/index.php?rest_route=\/wp\/v2\/users\/249"}],"replies":[{"embeddable":true,"href":"https:\/\/eloficiodehistoriar.com.mx\/index.php?rest_route=%2Fwp%2Fv2%2Fcomments&post=28539"}],"version-history":[{"count":1,"href":"https:\/\/eloficiodehistoriar.com.mx\/index.php?rest_route=\/wp\/v2\/posts\/28539\/revisions"}],"predecessor-version":[{"id":28541,"href":"https:\/\/eloficiodehistoriar.com.mx\/index.php?rest_route=\/wp\/v2\/posts\/28539\/revisions\/28541"}],"wp:featuredmedia":[{"embeddable":true,"href":"https:\/\/eloficiodehistoriar.com.mx\/index.php?rest_route=\/wp\/v2\/media\/28540"}],"wp:attachment":[{"href":"https:\/\/eloficiodehistoriar.com.mx\/index.php?rest_route=%2Fwp%2Fv2%2Fmedia&parent=28539"}],"wp:term":[{"taxonomy":"category","embeddable":true,"href":"https:\/\/eloficiodehistoriar.com.mx\/index.php?rest_route=%2Fwp%2Fv2%2Fcategories&post=28539"},{"taxonomy":"post_tag","embeddable":true,"href":"https:\/\/eloficiodehistoriar.com.mx\/index.php?rest_route=%2Fwp%2Fv2%2Ftags&post=28539"}],"curies":[{"name":"wp","href":"https:\/\/api.w.org\/{rel}","templated":true}]}}