{"id":28544,"date":"2022-07-19T09:01:23","date_gmt":"2022-07-19T15:01:23","guid":{"rendered":"https:\/\/eloficiodehistoriar.com.mx\/?p=28544"},"modified":"2022-07-19T09:01:23","modified_gmt":"2022-07-19T15:01:23","slug":"festival-internacional-se-celebrara-en-xalapa-del-20-al-30-de-julio-con-la-presencia-de-artistas-de-13-paises","status":"publish","type":"post","link":"https:\/\/eloficiodehistoriar.com.mx\/?p=28544","title":{"rendered":"Festival Internacional se celebrar\u00e1 en Xalapa del 20 al 30 de julio con la presencia de artistas de 13 pa\u00edses"},"content":{"rendered":"<div>\n<h1 class=\"title\">Festival de danza llega a Xalapa:<\/h1>\n<h1 class=\"title\">Conoce cartelera e invitados internacionales<\/h1>\n<\/div>\n<h3 class=\"subtitle\">Lo mejor de la danza contempor\u00e1nea se har\u00e1 presente en la capital veracruzana<\/h3>\n<div class=\"lead-gallery \">\n<div class=\"teaser  owl-carousel owl-theme\">\n<div class=\"owl-wrapper-outer\">\n<div class=\"owl-wrapper\">\n<div class=\"owl-item\">\n<div class=\"img-container picture\">\n<div id=\"standard_1\" class=\"st-placement standard_1 inImage\">\n<div class=\"st-adunit st-adunit-tagged st-reset st-show\">\n<div class=\"st-adunit-ad st-reset\">\n<div class=\"st-display-render st-reset\">\n<div class=\"st-reset\">\n<div class=\"important-styled st-canvas-container open Leaderboard display-standard fssquz2\">\n<div class=\"important-styled st-canvas-el fhxwyqa\">\n<div class=\"important-styled st-canvas-container undefined fssquz2\">\n<div class=\"important-styled st-canvas-el f109lpwv\">\n<div class=\"important-styled st-canvas-container undefined fssquz2\">\n<div class=\"important-styled st-canvas-el fhxwyqa\">\n<div class=\"important-styled f1m7i34m\">\n<div class=\"important-styled display-render-wrapper f1m7i34m\">Festival Internacional Primate Esc\u00e9nico se celebrar\u00e1 en Xalapa del 20 al 30 de julio<\/div>\n<\/div>\n<\/div>\n<\/div>\n<\/div>\n<\/div>\n<\/div>\n<\/div>\n<\/div>\n<\/div>\n<\/div>\n<\/div>\n<\/div>\n<\/div>\n<\/div>\n<\/div>\n<\/div>\n<\/div>\n<\/div>\n<div id=\"affix-share\" class=\"sharing-menu affix\">\n<ul>\n<li>Maribel S\u00e1nchez<\/li>\n<li>Diario de Xalapa<\/li>\n<\/ul>\n<\/div>\n<div class=\"content-body clearfix \">\n<div id=\"content-body-225-8612960\">\n<p><i>En el\u00a0<b>arte y la cultura, Xalapa tiene dos soportes para potenciar la derrama econ\u00f3mica<\/b>, expresa Pedro Garc\u00eda, director del Festival Internacional Primate Esc\u00e9nico que se celebrar\u00e1 en la ciudad del 20 al 30 de julio con la presencia de artistas de 13 pa\u00edses.\u00a0<\/i>El core\u00f3grafo, impulsor de la\u00a0<b>danza contempor\u00e1nea en M\u00e9xico,\u00a0<\/b>declara en entrevista que Xalapa es uno de los lugares m\u00e1s importantes de Latinoam\u00e9rica para el arte esc\u00e9nico.<\/p>\n<p><i>Talleres, funciones, videodanza \u201cCuerpo a la pantalla\u201d, charlas, mercado de arte y el acercamiento de la danza a ni\u00f1os y ni\u00f1as de Xalapa, Coatepec y Perote son algunas de las actividades programadas.<\/i><\/p>\n<\/div>\n<\/div>\n<div class=\"advertisment \">\n<div id=\"dfp-nota-1x3s\" data-google-query-id=\"CL2o7ayahfkCFUdZAQodLUkOKg\">\n<div id=\"google_ads_iframe_\/2000002\/diariodexalapa\/mexico_nota_1x3_0__container__\"><i>El Festival est\u00e1 integrado por plataformas de formaci\u00f3n, creaci\u00f3n, reflexi\u00f3n, an\u00e1lisis, exhibici\u00f3n y di\u00e1logo-desmontajes, as\u00ed como el foro Primates, que se desarrollar\u00e1 del 25 al 28 de julio en el Teatro J.J. Herrera, a las 20 horas.<\/i><\/div>\n<\/div>\n<\/div>\n<article class=\"content-continued-body clearfix \">\n<div id=\"content-body-5851641-8612960\">\n<div id=\"standard_12\" class=\"st-placement standard_12 inArticle\"><\/div>\n<p>La intenci\u00f3n, dice Pedro Garc\u00eda, es llegar a la mayor cantidad de p\u00fablico posible, por lo cual hay actividades gratuitas y las funciones con costo son con una cuota de recuperaci\u00f3n de 25 pesos.<\/p>\n<article class=\"cultura\nmedia col-md-4 inline-story \"><\/p>\n<div class=\"teaser \">\n<h4 class=\"title \"><b>En la 7\u00aa edici\u00f3n, Primate Esc\u00e9nico cuenta con apoyos institucionales que permiten la llegada de artistas nacionales y de Argentina, Paraguay, Uruguay, Per\u00fa, Ecuador, Puerto Rico, Panam\u00e1, Costa Rica, Honduras, Guatemala, Espa\u00f1a y Estados Unidos. <\/b>Adem\u00e1s del\u00a0<b>J.J. Herrera, las sedes son la Galer\u00eda de Arte Contempor\u00e1neo, Centro Recreativo Xalape\u00f1o, Katari caf\u00e9 y espacios p\u00fablicos como el barrio de Xallitic y parque Ju\u00e1rez.<\/b><\/h4>\n<\/div>\n<\/article>\n<p><b>Algunos de los invitados son Adri\u00e1n Acosta, Frida Mont, Jes\u00fas Guiraldi, Mario L\u00f3pez, Marion Sparber, Alan Fuentes. Ronaldo Gu\u00e1nchez, Xitlali Pi\u00f1a y Leticia Dom\u00ednguez.<\/b><\/p>\n<p>La programaci\u00f3n diaria est\u00e1 disponible en la Fanpage Festival Internacional Primate Esc\u00e9nico 2022, donde tambi\u00e9n hay oportunidad de conocer otros detalles de los maestros convocados.<\/p>\n<p>Surgido en 2016, el Festival es concebido como una plataforma de entrenamiento corporal y se enfoca en promover y difundir las artes esc\u00e9nicas, reitera el director.<\/p>\n<p><i>\u201cEl proyecto se crea tambi\u00e9n con la intenci\u00f3n de generar un espacio en el cual se comparten experiencias, entrenamientos, propuestas esc\u00e9nicas, procesos creativos, formas de pensar y hacer la danza desde distintos contextos\u201d.<\/i><\/p>\n<p>El encuentro, a\u00f1ade,\u00a0<b>\u201ces un espacio de intervenci\u00f3n esc\u00e9nica desde el pensamiento creativo, reflexivo y anal\u00edtico, siendo a su vez un lugar de aprendizaje, convivencia y reconciliaci\u00f3n desde las artes con la sociedad\u201d.<\/b><\/p>\n<\/div>\n<\/article>\n","protected":false},"excerpt":{"rendered":"<p>Festival de danza llega a Xalapa: Conoce cartelera e invitados internacionales Lo mejor de la danza contempor\u00e1nea se har\u00e1 presente en la capital veracruzana Festival Internacional Primate Esc\u00e9nico se celebrar\u00e1 en Xalapa del 20 al 30 de julio Maribel S\u00e1nchez Diario de Xalapa En el\u00a0arte y la cultura, Xalapa tiene dos soportes para potenciar la [&hellip;]<\/p>\n","protected":false},"author":249,"featured_media":28545,"comment_status":"open","ping_status":"closed","sticky":false,"template":"","format":"standard","meta":{"footnotes":""},"categories":[26],"tags":[],"class_list":["post-28544","post","type-post","status-publish","format-standard","has-post-thumbnail","hentry","category-mundo"],"_links":{"self":[{"href":"https:\/\/eloficiodehistoriar.com.mx\/index.php?rest_route=\/wp\/v2\/posts\/28544","targetHints":{"allow":["GET"]}}],"collection":[{"href":"https:\/\/eloficiodehistoriar.com.mx\/index.php?rest_route=\/wp\/v2\/posts"}],"about":[{"href":"https:\/\/eloficiodehistoriar.com.mx\/index.php?rest_route=\/wp\/v2\/types\/post"}],"author":[{"embeddable":true,"href":"https:\/\/eloficiodehistoriar.com.mx\/index.php?rest_route=\/wp\/v2\/users\/249"}],"replies":[{"embeddable":true,"href":"https:\/\/eloficiodehistoriar.com.mx\/index.php?rest_route=%2Fwp%2Fv2%2Fcomments&post=28544"}],"version-history":[{"count":1,"href":"https:\/\/eloficiodehistoriar.com.mx\/index.php?rest_route=\/wp\/v2\/posts\/28544\/revisions"}],"predecessor-version":[{"id":28546,"href":"https:\/\/eloficiodehistoriar.com.mx\/index.php?rest_route=\/wp\/v2\/posts\/28544\/revisions\/28546"}],"wp:featuredmedia":[{"embeddable":true,"href":"https:\/\/eloficiodehistoriar.com.mx\/index.php?rest_route=\/wp\/v2\/media\/28545"}],"wp:attachment":[{"href":"https:\/\/eloficiodehistoriar.com.mx\/index.php?rest_route=%2Fwp%2Fv2%2Fmedia&parent=28544"}],"wp:term":[{"taxonomy":"category","embeddable":true,"href":"https:\/\/eloficiodehistoriar.com.mx\/index.php?rest_route=%2Fwp%2Fv2%2Fcategories&post=28544"},{"taxonomy":"post_tag","embeddable":true,"href":"https:\/\/eloficiodehistoriar.com.mx\/index.php?rest_route=%2Fwp%2Fv2%2Ftags&post=28544"}],"curies":[{"name":"wp","href":"https:\/\/api.w.org\/{rel}","templated":true}]}}