{"id":28548,"date":"2022-07-19T17:40:51","date_gmt":"2022-07-19T23:40:51","guid":{"rendered":"https:\/\/eloficiodehistoriar.com.mx\/?p=28548"},"modified":"2022-07-19T17:40:51","modified_gmt":"2022-07-19T23:40:51","slug":"mexico-y-corea-del-sur-celebran-sesenta-anos-de-relaciones-diplomaticas","status":"publish","type":"post","link":"https:\/\/eloficiodehistoriar.com.mx\/?p=28548","title":{"rendered":"M\u00e9xico y Corea del Sur celebran sesenta a\u00f1os de relaciones diplom\u00e1ticas"},"content":{"rendered":"<h1 class=\"ljs-merri\">Artes visuales<\/h1>\n<p><span class=\"sem-autor\">Germaine G\u00f3mez Haro <\/span><\/p>\n<div id=\"carouselSemControls\" class=\"carousel slide\" data-ride=\"carousel\">\n<div class=\"carousel-inner\">\n<div class=\"carousel-item active\">\n<div class=\"ljs-nota-img\">\n<p class=\"ljs-nota-pie\">\u201cChalchihuites\u201d de Javier Mar\u00edn. Museo Nacional de Corea<\/p>\n<\/div>\n<\/div>\n<\/div>\n<\/div>\n<div class=\"ljs-nota-descripcion\">Presencia de Javier Mar\u00edn en Se\u00fal<\/div>\n<div class=\"ljs-nota-cuerpo\">\n<p>&nbsp;<\/p>\n<p>M\u00e9xico y Corea del Sur celebran los sesenta a\u00f1os de la reanudaci\u00f3n de sus relaciones diplom\u00e1ticas con la presencia de nuestra cultura antigua y contempor\u00e1nea en el Museo Nacional de Corea en Se\u00fal. La exhibici\u00f3n\u00a0<i>Aztecas, el pueblo que movi\u00f3 al sol\u00a0<\/i>se inaugur\u00f3 con las entradas agotadas por un mes y, paralelo a ese viaje por el universo mexica,\u00a0el escultor Javier Mar\u00edn fue invitado a presentar sus obras monumentales\u00a0<i>Chalchihuites<\/i>\u00a0a manera de di\u00e1logo entre el pasado y el presente, Mesoam\u00e9rica y nuestro mundo actual. Quienes conocen la larga y rica trayectoria de Mar\u00edn lo relacionar\u00e1n con la est\u00e9tica manierista y barroca en la creaci\u00f3n de sus exuberantes cuerpos fragmentados que modela con gran maestr\u00eda en barro, bronce y resinas; el di\u00e1logo con el pasado precolombino se da por primera vez en estas piezas bajo la inspiraci\u00f3n po\u00e9tica del\u00a0<i>chalchihuitl,<\/i>\u00a0\u201cpiedra preciosa\u201d, que se asocia al agua como elemento vital, toda vez que alude tambi\u00e9n a la sangre como alimento de los dioses para perpetuar la continuidad de la vida, el devenir sin principio ni fin. Las grandiosas esculturas\u00a0<i>Chalchihuites,<\/i>\u00a0de Mar\u00edn, son dos c\u00edrculos de cinco metros de di\u00e1metro y un peso aproximado de dos toneladas, en cuya superficie vemos un arrebato de fragmentos de cuerpos realizados en resina y unidos por alambres, ensamblados en una composici\u00f3n ultrabarroca: el\u00a0<i>horror vacui\u00a0<\/i>en su m\u00e1xima expresi\u00f3n.<\/p>\n<p>En entrevista para\u00a0<i>La Jornada Semanal<\/i>, Javier Mar\u00edn nos habla de las diversas interpretaciones, tanto formales como filos\u00f3ficas, de estas esculturas: \u201cLos\u00a0<i>Chalchihuites<\/i>\u00a0representan la fragmentaci\u00f3n y la reconstrucci\u00f3n colectiva, el pasado y el presente fusionados en diferentes maneras de pensarnos y representarnos. Estas piezas hablan de un di\u00e1logo, de una conversaci\u00f3n entre el ayer y el hoy. Yo tengo una ra\u00edz metida en el mundo cl\u00e1sico que vino de Europa a Am\u00e9rica, y otra en el mundo prehisp\u00e1nico, las dos est\u00e1n en m\u00ed y conviven, es un mestizaje en constante evoluci\u00f3n. Cada vez estamos m\u00e1s en contacto con todas las culturas y eso nos hace ciudadanos del mundo. Yo echo una mirada a mi pasado prehisp\u00e1nico y descubro el simbolismo del\u00a0<i>chalchihuite<\/i>, pero tambi\u00e9n veo ah\u00ed discursos que son universales, atemporales, entonces me encanta la idea de hablar de la igualdad entre los seres humanos. Los primeros que hice para la Casa de Am\u00e9rica en Madrid justamente hablan de la igualdad, porque en M\u00e9xico todav\u00eda tenemos clavada la espinita de la Conquista, cuando toda la historia de la humanidad es de conquistadores y conquistados. Con mis\u00a0<i>Chalchihuites<\/i>\u00a0yo quiero expresar que unos y otros somos la misma gente y estas piezas hacen precisamente alusi\u00f3n a esa igualdad: somos como dos gotas de agua o dos gotas de sangre que representan a la vez a los conquistadores y conquistados.\u201d Sobre los fragmentos de cuerpos y cabezas que componen los c\u00edrculos monumentales nos comenta: \u201cFue un ejercicio de desconstrucci\u00f3n y reconstrucci\u00f3n. Tomar mi propio trabajo de \u00e9pocas anteriores, copias defectuosas o pruebas de material que vuelvo a unificar con el af\u00e1n de generar un discurso nuevo, completamente distinto. Mi investigaci\u00f3n con los materiales me ha llevado al uso de la resina poli\u00e9ster con un fondo color \u00e1mbar que le da muchas calidades y hace resaltar las caracter\u00edsticas del modelado. Hacer estas piezas me llev\u00f3 a una revisi\u00f3n de mi trabajo de muchos a\u00f1os, un ejercicio muy interesante de redescubrir mi obra como en una panor\u00e1mica.\u201d<\/p>\n<p>Javier Mar\u00edn regresa al continente asi\u00e1tico despu\u00e9s de haber obtenido el Primer Premio en la Tercera Bienal Internacional de Beijing y de su participaci\u00f3n en la exposici\u00f3n colectiva de apertura\u00a0<i>Tesoros del arte mundial<\/i>\u00a0del Museo de Arte de China en Shanghai, en 2012. Con sus\u00a0<i>Chalchihuites<\/i>, Mar\u00edn ofrece ahora al p\u00fablico coreano una met\u00e1fora de lo que en el mundo prehisp\u00e1nico se consider\u00f3 \u201cbello y valioso\u201d, en palabras de Miguel Le\u00f3n Portilla: \u201cEl\u00a0<i>chalchihuitl,\u00a0<\/i>realidad preciosa que se identiica con el coraz\u00f3n y a\u00fan con la persona humana.\u201d<\/p>\n<p>&nbsp;<\/p>\n<\/div>\n","protected":false},"excerpt":{"rendered":"<p>Artes visuales Germaine G\u00f3mez Haro \u201cChalchihuites\u201d de Javier Mar\u00edn. Museo Nacional de Corea Presencia de Javier Mar\u00edn en Se\u00fal &nbsp; M\u00e9xico y Corea del Sur celebran los sesenta a\u00f1os de la reanudaci\u00f3n de sus relaciones diplom\u00e1ticas con la presencia de nuestra cultura antigua y contempor\u00e1nea en el Museo Nacional de Corea en Se\u00fal. La exhibici\u00f3n\u00a0Aztecas, [&hellip;]<\/p>\n","protected":false},"author":249,"featured_media":28549,"comment_status":"open","ping_status":"closed","sticky":false,"template":"","format":"standard","meta":{"footnotes":""},"categories":[26],"tags":[],"class_list":["post-28548","post","type-post","status-publish","format-standard","has-post-thumbnail","hentry","category-mundo"],"_links":{"self":[{"href":"https:\/\/eloficiodehistoriar.com.mx\/index.php?rest_route=\/wp\/v2\/posts\/28548","targetHints":{"allow":["GET"]}}],"collection":[{"href":"https:\/\/eloficiodehistoriar.com.mx\/index.php?rest_route=\/wp\/v2\/posts"}],"about":[{"href":"https:\/\/eloficiodehistoriar.com.mx\/index.php?rest_route=\/wp\/v2\/types\/post"}],"author":[{"embeddable":true,"href":"https:\/\/eloficiodehistoriar.com.mx\/index.php?rest_route=\/wp\/v2\/users\/249"}],"replies":[{"embeddable":true,"href":"https:\/\/eloficiodehistoriar.com.mx\/index.php?rest_route=%2Fwp%2Fv2%2Fcomments&post=28548"}],"version-history":[{"count":1,"href":"https:\/\/eloficiodehistoriar.com.mx\/index.php?rest_route=\/wp\/v2\/posts\/28548\/revisions"}],"predecessor-version":[{"id":28550,"href":"https:\/\/eloficiodehistoriar.com.mx\/index.php?rest_route=\/wp\/v2\/posts\/28548\/revisions\/28550"}],"wp:featuredmedia":[{"embeddable":true,"href":"https:\/\/eloficiodehistoriar.com.mx\/index.php?rest_route=\/wp\/v2\/media\/28549"}],"wp:attachment":[{"href":"https:\/\/eloficiodehistoriar.com.mx\/index.php?rest_route=%2Fwp%2Fv2%2Fmedia&parent=28548"}],"wp:term":[{"taxonomy":"category","embeddable":true,"href":"https:\/\/eloficiodehistoriar.com.mx\/index.php?rest_route=%2Fwp%2Fv2%2Fcategories&post=28548"},{"taxonomy":"post_tag","embeddable":true,"href":"https:\/\/eloficiodehistoriar.com.mx\/index.php?rest_route=%2Fwp%2Fv2%2Ftags&post=28548"}],"curies":[{"name":"wp","href":"https:\/\/api.w.org\/{rel}","templated":true}]}}