{"id":28551,"date":"2022-07-19T17:44:20","date_gmt":"2022-07-19T23:44:20","guid":{"rendered":"https:\/\/eloficiodehistoriar.com.mx\/?p=28551"},"modified":"2022-07-19T17:44:20","modified_gmt":"2022-07-19T23:44:20","slug":"la-brasilena-nelida-pinon-es-fuera-de-toda-duda-la-escritora-viva-mas-relevante-en-lengua-portuguesa","status":"publish","type":"post","link":"https:\/\/eloficiodehistoriar.com.mx\/?p=28551","title":{"rendered":"La brasile\u00f1a N\u00e9lida Pi\u00f1on es, fuera de toda duda, la escritora viva m\u00e1s relevante en lengua portuguesa"},"content":{"rendered":"<h1 class=\"ljs-merri\">Imaginaci\u00f3n e historia: la narrativa exuberante de N\u00e9lida Pi\u00f1on<\/h1>\n<div class=\"ljs-nota-descripcion\">Narradora, ensayista, periodista y editora, la brasile\u00f1a N\u00e9lida Pi\u00f1on es, fuera de toda duda, la escritora viva m\u00e1s relevante en lengua portuguesa, autora de una veintena de t\u00edtulos entre novela, relato, ensayo, biograf\u00edas y memorias, entre los que destacan su primera novela, <i>Gu\u00eda-mapa de Gabriel Arcanjo<\/i>, que data de 1961;\u00a0<i>La rep\u00fablica de los sue\u00f1os<\/i>, de 1984, con la cual comenz\u00f3 a trascender las fronteras idiom\u00e1ticas al ser traducida a numerosas lenguas;\u00a0<i>Voces del desierto<\/i>, de 2004, con el que obtuvo el Premio Jabuti de Literatura, el m\u00e1s importante en portugu\u00e9s junto con el Premio Machado de Assis, as\u00ed como el libro de memorias\u00a0<i>Una furtiva l\u00e1grima<\/i>, de 2019. Miembro de la Academia Brasile\u00f1a de Letras \u2013es la primera y, hasta ahora, \u00fanica mujer en presidirla\u2013, de la espa\u00f1ola Real Academia de la Lengua y de la Academia Mexicana de la Lengua, N\u00e9lida Pi\u00f1on ha obtenido entre muchos otros el Premio FIL y el Pr\u00edncipe de Asturias de las Letras, y desde sus primeros libros se mostr\u00f3 due\u00f1a de una imaginaci\u00f3n desbordada que siempre ha sabido amalgamar con los hechos de la Historia, obteniendo como resultado una narrativa exuberante, compleja y plena de significados. Nacida en 1937, la autora de\u00a0<i>Tebas de mi coraz\u00f3n<\/i>\u00a0cumpli\u00f3 recientemente ochenta y cinco a\u00f1os, y lo festejamos con un ensayo en torno a su vida y obra, as\u00ed como con un fragmento de\u00a0<i>Una furtiva l\u00e1grima<\/i>.<\/div>\n<div class=\"ljs-nota-cuerpo\">\n<p>&nbsp;<\/p>\n<\/div>\n","protected":false},"excerpt":{"rendered":"<p>Imaginaci\u00f3n e historia: la narrativa exuberante de N\u00e9lida Pi\u00f1on Narradora, ensayista, periodista y editora, la brasile\u00f1a N\u00e9lida Pi\u00f1on es, fuera de toda duda, la escritora viva m\u00e1s relevante en lengua portuguesa, autora de una veintena de t\u00edtulos entre novela, relato, ensayo, biograf\u00edas y memorias, entre los que destacan su primera novela, Gu\u00eda-mapa de Gabriel Arcanjo, [&hellip;]<\/p>\n","protected":false},"author":249,"featured_media":28552,"comment_status":"open","ping_status":"closed","sticky":false,"template":"","format":"standard","meta":{"footnotes":""},"categories":[26],"tags":[],"class_list":["post-28551","post","type-post","status-publish","format-standard","has-post-thumbnail","hentry","category-mundo"],"_links":{"self":[{"href":"https:\/\/eloficiodehistoriar.com.mx\/index.php?rest_route=\/wp\/v2\/posts\/28551","targetHints":{"allow":["GET"]}}],"collection":[{"href":"https:\/\/eloficiodehistoriar.com.mx\/index.php?rest_route=\/wp\/v2\/posts"}],"about":[{"href":"https:\/\/eloficiodehistoriar.com.mx\/index.php?rest_route=\/wp\/v2\/types\/post"}],"author":[{"embeddable":true,"href":"https:\/\/eloficiodehistoriar.com.mx\/index.php?rest_route=\/wp\/v2\/users\/249"}],"replies":[{"embeddable":true,"href":"https:\/\/eloficiodehistoriar.com.mx\/index.php?rest_route=%2Fwp%2Fv2%2Fcomments&post=28551"}],"version-history":[{"count":1,"href":"https:\/\/eloficiodehistoriar.com.mx\/index.php?rest_route=\/wp\/v2\/posts\/28551\/revisions"}],"predecessor-version":[{"id":28553,"href":"https:\/\/eloficiodehistoriar.com.mx\/index.php?rest_route=\/wp\/v2\/posts\/28551\/revisions\/28553"}],"wp:featuredmedia":[{"embeddable":true,"href":"https:\/\/eloficiodehistoriar.com.mx\/index.php?rest_route=\/wp\/v2\/media\/28552"}],"wp:attachment":[{"href":"https:\/\/eloficiodehistoriar.com.mx\/index.php?rest_route=%2Fwp%2Fv2%2Fmedia&parent=28551"}],"wp:term":[{"taxonomy":"category","embeddable":true,"href":"https:\/\/eloficiodehistoriar.com.mx\/index.php?rest_route=%2Fwp%2Fv2%2Fcategories&post=28551"},{"taxonomy":"post_tag","embeddable":true,"href":"https:\/\/eloficiodehistoriar.com.mx\/index.php?rest_route=%2Fwp%2Fv2%2Ftags&post=28551"}],"curies":[{"name":"wp","href":"https:\/\/api.w.org\/{rel}","templated":true}]}}