{"id":28555,"date":"2022-07-20T08:41:32","date_gmt":"2022-07-20T14:41:32","guid":{"rendered":"https:\/\/eloficiodehistoriar.com.mx\/?p=28555"},"modified":"2022-07-20T08:41:32","modified_gmt":"2022-07-20T14:41:32","slug":"a-pesar-de-la-asistencia-a-eventos-culturales-no-se-llega-a-los-niveles-de-2019-antes-de-la-pandemia","status":"publish","type":"post","link":"https:\/\/eloficiodehistoriar.com.mx\/?p=28555","title":{"rendered":"A pesar de la asistencia a eventos culturales, no se llega a los niveles de 2019, antes de la pandemia"},"content":{"rendered":"<h2 id=\"article-title-tts\" class=\"title title-default\">Asistencia a eventos culturales, a\u00fan por debajo de 2019: Inegi<\/h2>\n<div class=\"article-info\"><a class=\"author\" href=\"https:\/\/www.jornada.com.mx\/author\/clara-zepeda.html\">Clara Zepeda<\/a><\/div>\n<div id=\"article-content-images\" class=\"content-items-media\"><\/div>\n<div class=\"foto-pie\">Control de aforo en recintos y cautela de la poblaci\u00f3n para evitar la propagaci\u00f3n de covid-19 han propiciado un regreso paulatino a eventos culturales, pero la afluencia sigue por debajo de la que se registr\u00f3 en 2019, revel\u00f3 el Modecult.<\/div>\n<div class=\"article-row\">\n<div class=\"social-links right\">\n<div id=\"content-sintesis-audio\" class=\"sintesis-audio\">\n<div class=\"speak-cont btn-group\">\n<form>&nbsp;<\/p>\n<p><em>Ciudad de M\u00e9xico.<\/em><\/p>\n<p>Control de aforo en recintos y cautela de la poblaci\u00f3n para evitar la propagaci\u00f3n de covid-19 han propiciado un regreso paulatino de los mexicanos a eventos culturales, pero la afluencia sigue por debajo de la que se registr\u00f3 en 2019, revel\u00f3 el M\u00f3dulo sobre Eventos Culturales Seleccionados (Modecult) 2022.<\/p>\n<\/form>\n<\/div>\n<\/div>\n<\/div>\n<div class=\"article-main\">\n<div class=\"row\">\n<div id=\"article-content-tts\" class=\"article-content ljn-nota-contenido\">\n<div id=\"content_nitf\">\n<div class=\"teads-inread\">\n<div id=\"teads0\" class=\"teads-player\">Elaborado por el Instituto Nacional de Estad\u00edstica y Geograf\u00eda (Inegi), la poblaci\u00f3n mexicana mayores de 18 a\u00f1os que declar\u00f3 haber asistido a una obra de teatro, concierto o presentaci\u00f3n de m\u00fasica en vivo, espect\u00e1culo de danza, exposici\u00f3n, proyecci\u00f3n de pel\u00edculas o cine ascendi\u00f3 a 41.2 por ciento al cierre de mayo de 2022.<\/div>\n<\/div>\n<p>As\u00ed, la asistencia a eventos culturales increment\u00f3 en 23.9 puntos porcentuales en relaci\u00f3n con 2021, que fue de 17.3 por ciento; sin embargo, est\u00e1 16.6 puntos porcentuales por debajo del valor observado en mayo de 2019 (57.8 por ciento), antes del cierre de actividades culturales por la pandemia.<\/p>\n<p>En 2022, seg\u00fan report\u00f3 el Inegi, 36.2 por ciento de las mujeres y 47 por ciento de los hombres asistieron a alg\u00fan evento cultural. En 2019, 51.6 por ciento de las mujeres y 48.4 de los hombres asistieron a alguno.<\/p>\n<p>Los medios de difusi\u00f3n m\u00e1s frecuentes por los que la poblaci\u00f3n se enter\u00f3 de los eventos culturales fueron Internet y redes sociales en las siguientes proporciones: cine con 62.8 por ciento; exposici\u00f3n, 59.6; danza, 59.3; concierto 56.4 y teatro 54.5 por ciento.<\/p>\n<p>La condici\u00f3n de asistencia a eventos culturales se asocia positivamente con el nivel de escolaridad de la poblaci\u00f3n. En este sentido, el grupo que m\u00e1s asisti\u00f3 fue el que cuenta con al menos un grado de educaci\u00f3n superior (47.4 por ciento).<\/p>\n<div class=\"teads-inread teads-display-format\">\n<div id=\"teads1\" class=\"teads-player\">En cuanto a la frecuencia de asistencia a eventos, de la poblaci\u00f3n que inform\u00f3 en 2022 haber asistido a una obra de teatro, 64.1 por ciento acudi\u00f3 una vez en los \u00faltimos 12 meses. Por otra parte, la poblaci\u00f3n que asisti\u00f3 a alguna proyecci\u00f3n de pel\u00edculas o cine, lo hizo con mayor frecuencia: 37.7 por ciento acudi\u00f3 cuatro o m\u00e1s veces en los \u00faltimos 12 meses.<\/div>\n<\/div>\n<p>\u201cN\u00f3tese que a pesar de la reactivaci\u00f3n de la asistencia a eventos culturales, todav\u00eda no se llega a los niveles de 2019, antes de la pandemia por covid-19. Por ejemplo, la frecuencia de asistencia de cuatro o m\u00e1s veces al cine en 2019 fue de 51.7 por ciento y en este levantamiento fue de 37.7 por ciento; la asistencia a concierto, exposici\u00f3n y obra de teatro tambi\u00e9n present\u00f3 una mayor frecuencia en 2019 que en el actual levantamiento\u201d, precis\u00f3 el Inegi.<\/p>\n<\/div>\n<\/div>\n<\/div>\n<\/div>\n<\/div>\n","protected":false},"excerpt":{"rendered":"<p>Asistencia a eventos culturales, a\u00fan por debajo de 2019: Inegi Clara Zepeda Control de aforo en recintos y cautela de la poblaci\u00f3n para evitar la propagaci\u00f3n de covid-19 han propiciado un regreso paulatino a eventos culturales, pero la afluencia sigue por debajo de la que se registr\u00f3 en 2019, revel\u00f3 el Modecult. &nbsp; Ciudad de [&hellip;]<\/p>\n","protected":false},"author":249,"featured_media":28556,"comment_status":"open","ping_status":"closed","sticky":false,"template":"","format":"standard","meta":{"footnotes":""},"categories":[26],"tags":[],"class_list":["post-28555","post","type-post","status-publish","format-standard","has-post-thumbnail","hentry","category-mundo"],"_links":{"self":[{"href":"https:\/\/eloficiodehistoriar.com.mx\/index.php?rest_route=\/wp\/v2\/posts\/28555","targetHints":{"allow":["GET"]}}],"collection":[{"href":"https:\/\/eloficiodehistoriar.com.mx\/index.php?rest_route=\/wp\/v2\/posts"}],"about":[{"href":"https:\/\/eloficiodehistoriar.com.mx\/index.php?rest_route=\/wp\/v2\/types\/post"}],"author":[{"embeddable":true,"href":"https:\/\/eloficiodehistoriar.com.mx\/index.php?rest_route=\/wp\/v2\/users\/249"}],"replies":[{"embeddable":true,"href":"https:\/\/eloficiodehistoriar.com.mx\/index.php?rest_route=%2Fwp%2Fv2%2Fcomments&post=28555"}],"version-history":[{"count":1,"href":"https:\/\/eloficiodehistoriar.com.mx\/index.php?rest_route=\/wp\/v2\/posts\/28555\/revisions"}],"predecessor-version":[{"id":28557,"href":"https:\/\/eloficiodehistoriar.com.mx\/index.php?rest_route=\/wp\/v2\/posts\/28555\/revisions\/28557"}],"wp:featuredmedia":[{"embeddable":true,"href":"https:\/\/eloficiodehistoriar.com.mx\/index.php?rest_route=\/wp\/v2\/media\/28556"}],"wp:attachment":[{"href":"https:\/\/eloficiodehistoriar.com.mx\/index.php?rest_route=%2Fwp%2Fv2%2Fmedia&parent=28555"}],"wp:term":[{"taxonomy":"category","embeddable":true,"href":"https:\/\/eloficiodehistoriar.com.mx\/index.php?rest_route=%2Fwp%2Fv2%2Fcategories&post=28555"},{"taxonomy":"post_tag","embeddable":true,"href":"https:\/\/eloficiodehistoriar.com.mx\/index.php?rest_route=%2Fwp%2Fv2%2Ftags&post=28555"}],"curies":[{"name":"wp","href":"https:\/\/api.w.org\/{rel}","templated":true}]}}