{"id":28558,"date":"2022-07-20T08:50:05","date_gmt":"2022-07-20T14:50:05","guid":{"rendered":"https:\/\/eloficiodehistoriar.com.mx\/?p=28558"},"modified":"2022-07-20T08:50:05","modified_gmt":"2022-07-20T14:50:05","slug":"el-gasto-de-los-mexicanos-para-salud-rebasa-los-9-mil-500-pesos-representa-un-mes-de-su-sueldo","status":"publish","type":"post","link":"https:\/\/eloficiodehistoriar.com.mx\/?p=28558","title":{"rendered":"El gasto de los mexicanos para salud rebasa los 9 mil 500 pesos, representa un mes de su sueldo"},"content":{"rendered":"<h2 id=\"article-title-tts\" class=\"title title-default\">Mexicanos destinan m\u00e1s de un mes de sueldo en gastos de salud: AMIS<\/h2>\n<div class=\"article-info\"><a class=\"author\" href=\"https:\/\/www.jornada.com.mx\/author\/clara-zepeda.html\">Clara Zepeda<\/a> .<\/div>\n<div id=\"article-content-images\" class=\"content-items-media\"><\/div>\n<div class=\"foto-pie\">Personas hacen fila para realizarse una prueba contra el covid-19 en un centro de salud de la Ciudad de M\u00e9xico, el 19 de julio de 2022.<\/div>\n<div><\/div>\n<div class=\"article-row\">\n<div class=\"article-main\">\n<div class=\"row\">\n<div id=\"article-content-tts\" class=\"article-content ljn-nota-contenido\">\n<div id=\"content_nitf\">\n<p><em>Ciudad de M\u00e9xico.<\/em><\/p>\n<p>En un a\u00f1o, el gasto promedio que destinan los mexicanos para atender su salud rebasa los 9 mil 500 pesos, que para muchas personas representa gastar m\u00e1s de un mes de su sueldo en servicios m\u00e9dicos, revel\u00f3 la Asociaci\u00f3n Mexicana de Instituciones de Seguros (AMIS).<\/p>\n<div class=\"teads-inread\">\n<div id=\"teads0\" class=\"teads-player\">El salario promedio mensual, seg\u00fan datos del Inegi, es de 7 mil 380 pesos, pero el gasto de bolsillo para la salud ascendi\u00f3 a 9 mil 512 pesos en 2020, luego de que en 2016 era de 9 mil 126 pesos.<\/div>\n<\/div>\n<p>De acuerdo con Norma Alicia Rosas, directora general de la Asociaci\u00f3n, 87.5 por ciento del gasto privado en salud proviene del gasto de bolsillo.<\/p>\n<p>\u201cUn alto porcentaje del gasto privado en salud proviene del gasto de bolsillo. Esto es relevante cuando 18.7 por ciento de la poblaci\u00f3n en M\u00e9xico no cuenta con seguridad social o un seguro privado de salud\u201d, detall\u00f3 Rosas.<\/p>\n<p>En conferencia de prensa, la directora general de la AMIS describi\u00f3 que los costos promedio m\u00e1s altos de enfermedades frecuentes pueden llegar hasta 200 mil pesos, como la neumon\u00eda (209 mil 250 pesos), por ejemplo. Pero hay algunos casos individuales que superaron los 4 millones, como la diabetes o infarto al miocardio.<\/p>\n<p>De ah\u00ed, garantiz\u00f3 Rosas, la importancia de contar con un seguro de gastos m\u00e9dicos, el cual pueda cubrir una eventualidad m\u00e9dica y, en donde algunos casos se paga un deducible, una cantidad peque\u00f1a en comparaci\u00f3n con el costo del padecimiento.<\/p>\n<div class=\"teads-inread\">\n<div id=\"teads1\" class=\"teads-player\">Es por ello que la poblaci\u00f3n mexicana con un seguro de gastos m\u00e9dicos aument\u00f3 de 2010 de 5 millones 940 mil seguros a 12 millones 227 mil en 2022; por lo que estos mexicanos tienen esta protecci\u00f3n financiera que les permite solventar gastos hospitalarios en casos de accidentes o enfermedades.<\/div>\n<\/div>\n<p>Rosas revel\u00f3 que de acuerdo con algunas firmas que realizan la medici\u00f3n, la inflaci\u00f3n m\u00e9dica podr\u00eda rondar entre 15 y 18 por ciento.<\/p>\n<h2>Covid-19 y la quinta ola<\/h2>\n<p>En medio de la quinta ola de covid-19 en M\u00e9xico, la pandemia sigue aumentando el impacto que representa para las aseguradoras. De acuerdo con datos a junio de la AMIS, \u00e9sta alcanz\u00f3 ya los 3 mil 35 millones de d\u00f3lares.<\/p>\n<p>Tan s\u00f3lo 27 meses despu\u00e9s del inicio de la contingencia sanitaria, el costo promedio sigue encareciendo en atenci\u00f3n privada, superando los 524 mil pesos.<\/p>\n<p>\u201cParecer\u00eda que cuando decimos que ya el covid-19 ha bajado su tasa de letalidad, s\u00ed se ve que ha disminuido afortunadamente por las vacunas que impiden que cada d\u00eda fallecen m\u00e1s personas; sin embargo, seguimos apreciado un n\u00famero de fallecimientos relevantes este a\u00f1o\u201d, destac\u00f3 Norma Alicia Rosas.<\/p>\n<p>El seguro de gastos m\u00e9dicos ha pagado 31.8 millones de pesos al d\u00eda.<\/p>\n<\/div>\n<\/div>\n<\/div>\n<\/div>\n<\/div>\n","protected":false},"excerpt":{"rendered":"<p>Mexicanos destinan m\u00e1s de un mes de sueldo en gastos de salud: AMIS Clara Zepeda . Personas hacen fila para realizarse una prueba contra el covid-19 en un centro de salud de la Ciudad de M\u00e9xico, el 19 de julio de 2022. Ciudad de M\u00e9xico. En un a\u00f1o, el gasto promedio que destinan los mexicanos [&hellip;]<\/p>\n","protected":false},"author":249,"featured_media":28559,"comment_status":"open","ping_status":"closed","sticky":false,"template":"","format":"standard","meta":{"footnotes":""},"categories":[26],"tags":[],"class_list":["post-28558","post","type-post","status-publish","format-standard","has-post-thumbnail","hentry","category-mundo"],"_links":{"self":[{"href":"https:\/\/eloficiodehistoriar.com.mx\/index.php?rest_route=\/wp\/v2\/posts\/28558","targetHints":{"allow":["GET"]}}],"collection":[{"href":"https:\/\/eloficiodehistoriar.com.mx\/index.php?rest_route=\/wp\/v2\/posts"}],"about":[{"href":"https:\/\/eloficiodehistoriar.com.mx\/index.php?rest_route=\/wp\/v2\/types\/post"}],"author":[{"embeddable":true,"href":"https:\/\/eloficiodehistoriar.com.mx\/index.php?rest_route=\/wp\/v2\/users\/249"}],"replies":[{"embeddable":true,"href":"https:\/\/eloficiodehistoriar.com.mx\/index.php?rest_route=%2Fwp%2Fv2%2Fcomments&post=28558"}],"version-history":[{"count":1,"href":"https:\/\/eloficiodehistoriar.com.mx\/index.php?rest_route=\/wp\/v2\/posts\/28558\/revisions"}],"predecessor-version":[{"id":28560,"href":"https:\/\/eloficiodehistoriar.com.mx\/index.php?rest_route=\/wp\/v2\/posts\/28558\/revisions\/28560"}],"wp:featuredmedia":[{"embeddable":true,"href":"https:\/\/eloficiodehistoriar.com.mx\/index.php?rest_route=\/wp\/v2\/media\/28559"}],"wp:attachment":[{"href":"https:\/\/eloficiodehistoriar.com.mx\/index.php?rest_route=%2Fwp%2Fv2%2Fmedia&parent=28558"}],"wp:term":[{"taxonomy":"category","embeddable":true,"href":"https:\/\/eloficiodehistoriar.com.mx\/index.php?rest_route=%2Fwp%2Fv2%2Fcategories&post=28558"},{"taxonomy":"post_tag","embeddable":true,"href":"https:\/\/eloficiodehistoriar.com.mx\/index.php?rest_route=%2Fwp%2Fv2%2Ftags&post=28558"}],"curies":[{"name":"wp","href":"https:\/\/api.w.org\/{rel}","templated":true}]}}