{"id":28567,"date":"2022-07-20T09:29:27","date_gmt":"2022-07-20T15:29:27","guid":{"rendered":"https:\/\/eloficiodehistoriar.com.mx\/?p=28567"},"modified":"2022-07-20T09:29:27","modified_gmt":"2022-07-20T15:29:27","slug":"28567","status":"publish","type":"post","link":"https:\/\/eloficiodehistoriar.com.mx\/?p=28567","title":{"rendered":""},"content":{"rendered":"<div>\n<h1 class=\"title\">Arte esc\u00e9nico: Ventana para abrir la salud f\u00edsica, mental y espiritual<\/h1>\n<\/div>\n<h3 class=\"subtitle\">Artes esc\u00e9nicas generan disciplina, fortaleza y confianza en todas las personas, afirma Ricardo Garc\u00eda<\/h3>\n<div class=\"lead-gallery \">\n<div class=\"teaser  owl-carousel owl-theme\">\n<div class=\"owl-wrapper-outer\">\n<div class=\"owl-wrapper\">\n<div class=\"owl-item\">\n<div class=\"img-container picture\">\n<div id=\"standard_1\" class=\"st-placement standard_1 inImage\">\n<div class=\"st-adunit st-adunit-tagged st-reset st-show\">\n<div class=\"st-adunit-ad st-reset\">\n<div class=\"st-display-render st-reset\">\n<div class=\"st-reset\">\n<div class=\"important-styled st-canvas-container open WideSkyscraper display-standard fssquz2\">\n<div class=\"important-styled st-canvas-el fhxwyqa\">\n<div class=\"important-styled st-canvas-container undefined fssquz2\">\n<div class=\"important-styled st-canvas-el fexmm82\">\n<div class=\"important-styled st-canvas-container undefined fssquz2\">\n<div class=\"important-styled st-canvas-el f2ovl82\">\n<div class=\"important-styled f7gvnlv\">\n<div class=\"important-styled display-render-wrapper f7gvnlv\">Ricardo Garc\u00eda es actor, bailar\u00edn y docente con amplia trayectoria nacional e internacional<\/div>\n<\/div>\n<\/div>\n<\/div>\n<\/div>\n<\/div>\n<\/div>\n<\/div>\n<\/div>\n<\/div>\n<\/div>\n<\/div>\n<\/div>\n<\/div>\n<\/div>\n<\/div>\n<\/div>\n<\/div>\n<\/div>\n<div id=\"affix-share\" class=\"sharing-menu affix\">\n<ul>\n<li>Maribel S\u00e1nchez<\/li>\n<li>Diario de Xalapa<\/li>\n<\/ul>\n<\/div>\n<div class=\"content-body clearfix \">\n<div id=\"content-body-225-8618537\">\n<p>La disciplina, el esfuerzo, la pasi\u00f3n y el compromiso s\u00ed dan buenos resultados, afirma Ricardo Garc\u00eda, joven xalape\u00f1o que a\u00fan era adolescente cuando inici\u00f3 un camino en el arte y hoy, 18 a\u00f1os despu\u00e9s, es docente, bailar\u00edn y actor con presencia en festivales nacionales e internacionales.<\/p>\n<p>En entrevista en\u00a0<b>Diario de Xalapa<\/b>, celebra el impacto social del arte esc\u00e9nico en distintas direcciones, desde una puesta en escena hacia al p\u00fablico y desde la propia vivencia, por eso convoca a experimentar los beneficios tanto en lo comunitario como en lo individual, en la salud f\u00edsica, mental y espiritual.<\/p>\n<\/div>\n<\/div>\n<div class=\"advertisment \"><\/div>\n<article class=\"content-continued-body clearfix \">\n<div id=\"content-body-5851641-8618537\">\n<ul>\n<li><i>\u00a0es que entre sus alumnos del taller de Teatro de la Escuela Industrial Concepci\u00f3n Quir\u00f3s P\u00e9rez tiene a personas de casi 60 a\u00f1os porque, expresa, la edad es lo de menos cuando de conocer el cuerpo y movimiento se trata.<\/i><\/li>\n<\/ul>\n<div class=\"teads-inread sm-screen\">\n<div class=\"teads-ui-components-adchoices\"><\/div>\n<div id=\"teads0\" class=\"teads-player\"><b>Ya sea de manera profesional o \u201cinformal\u201d tiene la convicci\u00f3n de que las artes esc\u00e9nicas generan disciplina y fortalecen el compromiso para al final ver resultados en la seguridad, la confianza y la manera en la cual la persona se relaciona con su entorno. <\/b>Actualmente<b>\u00a0Ricardo Garc\u00eda<\/b>\u00a0tiene marcado inter\u00e9s en el teatro f\u00edsico y de m\u00e1scara, en la improvisaci\u00f3n y en distintos estilos de danza como afro, flamenco y odissi.<\/div>\n<\/div>\n<p>Lo que ha aprendido no le gusta qued\u00e1rselo para s\u00ed mismo, por eso enfatiza que el teatro es colectivo, comunidad y, en su caso, va ligado con la retribuci\u00f3n: todo lo que ha recibido lo quiere compartir.<\/p>\n<p>En el escenario, Ricardo Garc\u00eda tiene influencias de sus maestros Adriana Duch y su teatro de m\u00e1scaras, de los creadores esc\u00e9nicos de Las Sangres y de Tania Hern\u00e1ndez y Fernando Soto, de Febrero10.<\/p>\n<p><b>\u201cSue\u00f1os para Volar\u201d, \u201cCr\u00f3nicas de Paso\u201d y \u201cEl Yeitotol\u201d son algunas de las puestas en escena donde ha participado, pero tambi\u00e9n se le encuentra en el flamenco y con el colectivo Zankora de Karina Guti\u00e9rrez.<\/b><\/p>\n<p>El arte se ha convertido en una forma de vida para el egresado de la Universidad Veracruzana, quien desde los quince a\u00f1os supo que hab\u00eda encontrado lo que le satisfac\u00eda y motivaba.<\/p>\n<p>Recuerda sus clases con el maestro Enrique Espinosa, en la Escuela Industrial, donde dice haber obtenido las bases del trabajo disciplinar, \u00e9tico y creativo.<\/p>\n<p>En esas sorpresas de la vida, su esfuerzo y su pasi\u00f3n lo mantienen en el mismo lugar, pero ahora como docente con la titularidad del taller.<\/p>\n<p>Al referirse a esta escuela, opina que la Industrial es un parteaguas en muchas personas, pues se acercan para experimentar y explorar y despu\u00e9s se animan a ir por la licenciatura.<\/p>\n<div class=\"cultura\nmedia \"><\/p>\n<div class=\"teaser \">\n<div class=\"img-container picture\">\n<div id=\"standard_9\" class=\"st-placement standard_9 inImageRestricted\">\n<div class=\"st-adunit st-adunit-tagged st-reset st-show\">\n<div class=\"st-adunit-ad st-reset\">\n<div class=\"st-display-render st-reset\">\n<div class=\"st-reset\">\n<div class=\"important-styled st-canvas-container open Leaderboard display-standard fssquz2\">\n<div class=\"important-styled st-canvas-el fhxwyqa\">\n<div class=\"important-styled st-canvas-container undefined fssquz2\">\n<div class=\"important-styled st-canvas-el f8stzr5\">\n<div class=\"important-styled st-canvas-container undefined fssquz2\">\n<div class=\"important-styled st-canvas-el f6eoucy\">\n<div class=\"important-styled f1m7i34m\">\n<div class=\"important-styled display-render-wrapper f1m7i34m\">Considera que en los tiempos actuales, entre encierros e incertidumbre, unirse al taller puede ser una buena alternativa. <b>\u00bfPero qui\u00e9nes pueden hacerlo?\u00a0<\/b>Los mayores de quince a\u00f1os que cuenten con certificado de secundaria y acudan a inscribirse en agosto.<\/div>\n<\/div>\n<\/div>\n<\/div>\n<\/div>\n<\/div>\n<\/div>\n<\/div>\n<\/div>\n<\/div>\n<\/div>\n<\/div>\n<\/div>\n<\/div>\n<\/div>\n<\/div>\n<p>Destaca que hacerlo no requiere mucha inversi\u00f3n pues hay un solo pago por semestre y las opciones de asistir en sistema escolarizado, de lunes a viernes, de 9 a 2, o abierto, los s\u00e1bados de 9 a 2. Son dos a\u00f1os en los cuales ven expresi\u00f3n corporal, verbal, improvisaci\u00f3n y actuaci\u00f3n.<\/p>\n<p>\u201cHay quienes llegan con miedo, con la incredulidad de poder explorar un lenguaje que tiene que ver con el cuerpo, pero al final terminan sorprendidos de todo lo que son capaces de hacer, adem\u00e1s de notar el aumento de confianza y autoconocimiento \u201c.<\/p>\n<article class=\"cultura\nmedia col-md-4 inline-story \"><\/p>\n<div class=\"teaser \">\n<h4 class=\"title \">Al referirse a una de las t\u00e9cnicas que m\u00e1s ha explorado, la improvisaci\u00f3n, apunta ayuda a estimular y aprender a utilizar la imaginaci\u00f3n y creatividad como formas de crecimiento personal para la resoluci\u00f3n de conflictos, experimentando con el sentido l\u00fadico y la espontaneidad.<\/h4>\n<\/div>\n<\/article>\n<p><b>\u201cAl mismo tiempo, los participantes desarrollan habilidades verbales y narrativas para emplear su cuerpo como un medio de expresi\u00f3n de ideas\u201d.<\/b><\/p>\n<p>Otra invitaci\u00f3n de Ricardo Garc\u00eda es para sumarse al taller de danza afro en Taller, ubicado en Zamora 19, donde empieza a formarse una peque\u00f1a comunidad afecta al estilo guineano.<\/p>\n<p>Tras 18 a\u00f1os de b\u00fasqueda y exploraci\u00f3n, el artista manifiesta su entusiasmo por continuar trazando un camino en sus dos grandes pasiones: el teatro y la danza.<\/p>\n<\/div>\n<\/article>\n","protected":false},"excerpt":{"rendered":"<p>Arte esc\u00e9nico: Ventana para abrir la salud f\u00edsica, mental y espiritual Artes esc\u00e9nicas generan disciplina, fortaleza y confianza en todas las personas, afirma Ricardo Garc\u00eda Ricardo Garc\u00eda es actor, bailar\u00edn y docente con amplia trayectoria nacional e internacional Maribel S\u00e1nchez Diario de Xalapa La disciplina, el esfuerzo, la pasi\u00f3n y el compromiso s\u00ed dan buenos [&hellip;]<\/p>\n","protected":false},"author":249,"featured_media":28568,"comment_status":"open","ping_status":"closed","sticky":false,"template":"","format":"standard","meta":{"footnotes":""},"categories":[26],"tags":[],"class_list":["post-28567","post","type-post","status-publish","format-standard","has-post-thumbnail","hentry","category-mundo"],"_links":{"self":[{"href":"https:\/\/eloficiodehistoriar.com.mx\/index.php?rest_route=\/wp\/v2\/posts\/28567","targetHints":{"allow":["GET"]}}],"collection":[{"href":"https:\/\/eloficiodehistoriar.com.mx\/index.php?rest_route=\/wp\/v2\/posts"}],"about":[{"href":"https:\/\/eloficiodehistoriar.com.mx\/index.php?rest_route=\/wp\/v2\/types\/post"}],"author":[{"embeddable":true,"href":"https:\/\/eloficiodehistoriar.com.mx\/index.php?rest_route=\/wp\/v2\/users\/249"}],"replies":[{"embeddable":true,"href":"https:\/\/eloficiodehistoriar.com.mx\/index.php?rest_route=%2Fwp%2Fv2%2Fcomments&post=28567"}],"version-history":[{"count":1,"href":"https:\/\/eloficiodehistoriar.com.mx\/index.php?rest_route=\/wp\/v2\/posts\/28567\/revisions"}],"predecessor-version":[{"id":28569,"href":"https:\/\/eloficiodehistoriar.com.mx\/index.php?rest_route=\/wp\/v2\/posts\/28567\/revisions\/28569"}],"wp:featuredmedia":[{"embeddable":true,"href":"https:\/\/eloficiodehistoriar.com.mx\/index.php?rest_route=\/wp\/v2\/media\/28568"}],"wp:attachment":[{"href":"https:\/\/eloficiodehistoriar.com.mx\/index.php?rest_route=%2Fwp%2Fv2%2Fmedia&parent=28567"}],"wp:term":[{"taxonomy":"category","embeddable":true,"href":"https:\/\/eloficiodehistoriar.com.mx\/index.php?rest_route=%2Fwp%2Fv2%2Fcategories&post=28567"},{"taxonomy":"post_tag","embeddable":true,"href":"https:\/\/eloficiodehistoriar.com.mx\/index.php?rest_route=%2Fwp%2Fv2%2Ftags&post=28567"}],"curies":[{"name":"wp","href":"https:\/\/api.w.org\/{rel}","templated":true}]}}