{"id":28572,"date":"2022-07-21T12:18:28","date_gmt":"2022-07-21T18:18:28","guid":{"rendered":"https:\/\/eloficiodehistoriar.com.mx\/?p=28572"},"modified":"2022-07-21T12:18:28","modified_gmt":"2022-07-21T18:18:28","slug":"el-premio-nacional-de-artes-y-literatura-al-poeta-chiapaneco-oscar-oliva-en-linguistica-y-literatura","status":"publish","type":"post","link":"https:\/\/eloficiodehistoriar.com.mx\/?p=28572","title":{"rendered":"El Premio Nacional de Artes y Literatura al poeta chiapaneco \u00d3scar Oliva en ling\u00fc\u00edstica y Literatura."},"content":{"rendered":"<div id=\"article-cont\" class=\"main-cont article-cont actuality\">\n<div class=\"cabeza\">Otorgan a \u00d3scar Oliva el Premio Nacional de Artes y Literatura 2021<\/div>\n<div class=\"sumarios\"><\/div>\n<div id=\"article-text\" class=\"text\">\n<div class=\"col col1\">\n<div class=\"credito-autor\">De la Redacci\u00f3n<\/div>\n<div class=\"credito-titulo\"><\/div>\n<div class=\"hemero\">La Jornada<\/p>\n<\/div>\n<p class=\"s-s\">Los nombres de los ganadores del Premio Nacional de Artes y Literatura 2021, que otorga el gobierno federal, se publicaron ayer en el\u00a0<em>Diario Oficial de la Federaci\u00f3n<\/em>\u00a0(<em>DOF<\/em>).<\/p>\n<p>En esta ocasi\u00f3n, se concedi\u00f3 al poeta chiapaneco \u00d3scar Oliva en el campo de Ling\u00fc\u00edstica y Literatura. En tanto, el colectivo editorial Le\u00f1ateros, que cuenta con la colaboraci\u00f3n de artistas mayas contempor\u00e1neos, tambi\u00e9n de Chiapas, recibir\u00e1 el galard\u00f3n en el rubro de Artes y Tradiciones Populares.<\/p>\n<p>La noticia se esperaba desde octubre del a\u00f1o pasado, mes en el que, de acuerdo con las cl\u00e1usulas del premio, se deben difundir los nombres de los elegidos para recibir\u00a0<q>el m\u00e1s alto reconocimiento de M\u00e9xico a quienes con su obra y trayectoria han hecho aportaciones trascendentales a la cultura en los campos de la ling\u00fc\u00edstica y literatura; las bellas artes; la historia, ciencias sociales y filosof\u00eda, y las artes y tradiciones populares, enriqueciendo con ello el patrimonio cultural de la naci\u00f3n<\/q>.<\/p>\n<\/div>\n<div class=\"col col2\">\n<p>En el campo de las Bellas Artes, el premio es para el director de orquesta Sergio C\u00e1rdenas, mientras en Historia, Ciencias Sociales y Filosof\u00eda, el jurado eligi\u00f3 al abogado y economista Fernando Serrano Migall\u00f3n, ex secretario cultural y art\u00edstico del Consejo Nacional para la Cultura y las Artes en el sexenio de Felipe Calder\u00f3n.<\/p>\n<p>Seg\u00fan el acuerdo publicado por la Secretar\u00eda de Cultura federal en el\u00a0<em>DOF<\/em>, la ceremonia de entrega del Premio Nacional de Artes y Literatura 2021\u00a0<q>tendr\u00e1 verificativo en la Ciudad de M\u00e9xico el 21 de julio de 2022<\/q>.<\/p>\n<p>No se menciona si en ese mismo acto se dar\u00e1n los premios 2020, los cuales no han sido entregados, y que corresponden al ensayista y traductor Adolfo Casta\u00f1\u00f3n; al historiador Alfredo L\u00f3pez Austin, fallecido en octubre de 2021; al escultor coahuilense Manuel de Jes\u00fas Hern\u00e1ndez,\u00a0<em>Hers\u00faa<\/em>, y al artesano michoacano Mario Agust\u00edn Gaspar.<\/p>\n<\/div>\n<\/div>\n<div class=\"go gui\">\n<div class=\"go-up\"><\/div>\n<\/div>\n<\/div>\n<div id=\"taboola-below-content-thumbnails\" class=\" trc_related_container trc_spotlight_widget tbl-feed-container tbl-feed-frame-DIVIDER  render-late-effect\" data-feed-container-num=\"1\" data-feed-main-container-id=\"taboola-below-content-thumbnails\" data-parent-placement-name=\"Below Content Thumbnails\" data-pub-lang=\"es\">\n<div class=\" tbl-feed-header tbl-logo-right-position\">\n<div class=\"tbl-feed-header-logo\"><\/div>\n<\/div>\n<\/div>\n","protected":false},"excerpt":{"rendered":"<p>Otorgan a \u00d3scar Oliva el Premio Nacional de Artes y Literatura 2021 De la Redacci\u00f3n La Jornada Los nombres de los ganadores del Premio Nacional de Artes y Literatura 2021, que otorga el gobierno federal, se publicaron ayer en el\u00a0Diario Oficial de la Federaci\u00f3n\u00a0(DOF). En esta ocasi\u00f3n, se concedi\u00f3 al poeta chiapaneco \u00d3scar Oliva en [&hellip;]<\/p>\n","protected":false},"author":249,"featured_media":28573,"comment_status":"open","ping_status":"closed","sticky":false,"template":"","format":"standard","meta":{"footnotes":""},"categories":[26],"tags":[],"class_list":["post-28572","post","type-post","status-publish","format-standard","has-post-thumbnail","hentry","category-mundo"],"_links":{"self":[{"href":"https:\/\/eloficiodehistoriar.com.mx\/index.php?rest_route=\/wp\/v2\/posts\/28572","targetHints":{"allow":["GET"]}}],"collection":[{"href":"https:\/\/eloficiodehistoriar.com.mx\/index.php?rest_route=\/wp\/v2\/posts"}],"about":[{"href":"https:\/\/eloficiodehistoriar.com.mx\/index.php?rest_route=\/wp\/v2\/types\/post"}],"author":[{"embeddable":true,"href":"https:\/\/eloficiodehistoriar.com.mx\/index.php?rest_route=\/wp\/v2\/users\/249"}],"replies":[{"embeddable":true,"href":"https:\/\/eloficiodehistoriar.com.mx\/index.php?rest_route=%2Fwp%2Fv2%2Fcomments&post=28572"}],"version-history":[{"count":1,"href":"https:\/\/eloficiodehistoriar.com.mx\/index.php?rest_route=\/wp\/v2\/posts\/28572\/revisions"}],"predecessor-version":[{"id":28574,"href":"https:\/\/eloficiodehistoriar.com.mx\/index.php?rest_route=\/wp\/v2\/posts\/28572\/revisions\/28574"}],"wp:featuredmedia":[{"embeddable":true,"href":"https:\/\/eloficiodehistoriar.com.mx\/index.php?rest_route=\/wp\/v2\/media\/28573"}],"wp:attachment":[{"href":"https:\/\/eloficiodehistoriar.com.mx\/index.php?rest_route=%2Fwp%2Fv2%2Fmedia&parent=28572"}],"wp:term":[{"taxonomy":"category","embeddable":true,"href":"https:\/\/eloficiodehistoriar.com.mx\/index.php?rest_route=%2Fwp%2Fv2%2Fcategories&post=28572"},{"taxonomy":"post_tag","embeddable":true,"href":"https:\/\/eloficiodehistoriar.com.mx\/index.php?rest_route=%2Fwp%2Fv2%2Ftags&post=28572"}],"curies":[{"name":"wp","href":"https:\/\/api.w.org\/{rel}","templated":true}]}}