{"id":28578,"date":"2022-07-21T12:31:46","date_gmt":"2022-07-21T18:31:46","guid":{"rendered":"https:\/\/eloficiodehistoriar.com.mx\/?p=28578"},"modified":"2022-07-21T12:31:46","modified_gmt":"2022-07-21T18:31:46","slug":"el-centro-cultural-del-bosque-celebra-60-anos-con-programacion-especial","status":"publish","type":"post","link":"https:\/\/eloficiodehistoriar.com.mx\/?p=28578","title":{"rendered":"El Centro Cultural del Bosque celebra 60 a\u00f1os con programaci\u00f3n especial"},"content":{"rendered":"<div id=\"article-cont\" class=\"main-cont article-cont actuality\">\n<div class=\"cabeza\">Festejar\u00e1 el Centro Cultural del Bosque sus 60 a\u00f1os con programaci\u00f3n especial<\/div>\n<div class=\"sumarios\"><\/div>\n<div id=\"article-text\" class=\"text tbl-forkorts-article\">\n<div class=\"foto\">\n<div class=\"pie-foto\">\u00c1ngel Vargas<\/div>\n<\/div>\n<div class=\"col\">\n<div class=\"credito-titulo\"><\/div>\n<div class=\"hemero\">La Jornada<\/p>\n<\/div>\n<p class=\"s-s\">La incorporaci\u00f3n oficial del nombre de la escritora Luisa Josefina Hern\u00e1ndez (Ciudad de M\u00e9xico, 1928) al Teatro Orientaci\u00f3n ser\u00e1 la parte central de los festejos por el 60 aniversario del Centro Cultural del Bosque (CCB), que se efectuar\u00e1 a partir de hoy y hasta el pr\u00f3ximo domingo.<\/p>\n<p><q>Este reconocimiento se designa por los indudables aportes al teatro nacional de la reconocida dramaturga, novelista y ensayista mexicana<\/q>, inform\u00f3 el Instituto Nacional de Bellas Artes y Literatura (Inbal).<\/p>\n<p>La ceremonia, que se realizar\u00e1 hoy a las 20 horas, incluir\u00e1 una sesi\u00f3n de lectura por parte de Ver\u00f3nica Langer, Ver\u00f3nica Bravo y Pilar Villanueva de textos in\u00e9ditos de Luisa Josefina Hern\u00e1ndez.<\/p>\n<p>Las actividades por el 60 aniversario incluyen charlas, actos acad\u00e9micos y espect\u00e1culos art\u00edsticos que se suman a los montajes teatrales y danc\u00edsticos previamente dise\u00f1ados que se presentar\u00e1n este mes en el espacio cultural ubicado detr\u00e1s del Auditorio Nacional.<\/p>\n<p>En el contexto de la celebraci\u00f3n, la Coordinaci\u00f3n Nacional de Teatro (CNT) emitir\u00e1 hoy la convocatoria para que los interesados postulen sus propuestas, las cuales conformar\u00e1n la programaci\u00f3n de teatro para adultos y p\u00fablico infantil del periodo 2022-2023.<\/p>\n<p>Ma\u00f1ana se transmitir\u00e1 el encuentro Miradas internacionales, en el que participar\u00e1n integrantes de centros culturales nacionales e internacionales. La jornada proseguir\u00e1 con la emisi\u00f3n del Anecdotario del 60 aniversario del Centro Cultural del Bosque, en la que trabajadores compartir\u00e1n sus experiencias a lo largo de la vida de este complejo cultural. La sesi\u00f3n ser\u00e1 a las 17 horas a trav\u00e9s de la p\u00e1gina de Facebook de la CNT y a las 19 horas, el Teatro El Gale\u00f3n Abraham Oceransky ser\u00e1 sede del conversatorio\u00a0<em>Memoria y vida a trav\u00e9s del arte teatral: charla entre generaciones<\/em>, en el que la actriz Luisa Huertas conversar\u00e1 con egresados de la Escuela Nacional de Arte Teatral (ENAT), adem\u00e1s de trabajadores jubilados del Inbal, que compartir\u00e1n an\u00e9cdotas de trabajo y de vida.<\/p>\n<p>Lo festejos concluir\u00e1n el 24 de julio, a las 13 horas, en la plaza \u00c1ngel Salas, con el espect\u00e1culo\u00a0<em>Vi\u00f1etas flamencas: Presentaciones de danza ca\u00f1a y candela pura,\u00a0<\/em>a cargo de la Compa\u00f1\u00eda de Danza Flamenca, dirigida por Lourdes Lecona.<\/p>\n<p>De acuerdo con el Inbal, el Centro Cultural del Bosque se ha constituido a lo largo de sus seis d\u00e9cadas en\u00a0<q>un espacio emblem\u00e1tico para la producci\u00f3n, difusi\u00f3n, reflexi\u00f3n y disfrute de las artes esc\u00e9nicas, lugar donde generaciones de directores de teatro, escen\u00f3grafos y bailarines han profesionalizado su formaci\u00f3n y forjado su arte, sitio que ofrece una gama de actividades art\u00edsticas y culturales de calidad<\/q>.<\/p>\n<p>Apenas en mayo pasado, los diferentes recintos y lugares del centro cultural fueron reabiertos tras renovarse y actualizarse, como parte del proyecto Chapultepec, Naturaleza y Cultura.<\/p>\n<p>La titular de la Secretar\u00eda de Cultura federal, Alejandra Frausto, asegur\u00f3 en aquella ocasi\u00f3n que en m\u00e1s de 20 a\u00f1os no se hab\u00eda realizado una intervenci\u00f3n a gran escala en el CCB, para lo cual se invirtieron alrededor de 300 millones de pesos (<em>La Jornada<\/em>, 12\/5\/22).<\/p>\n<\/div>\n<\/div>\n<div class=\"go gui\">\n<div class=\"go-next\"><\/div>\n<div class=\"go-up\"><\/div>\n<\/div>\n<\/div>\n<div id=\"taboola-below-content-thumbnails\" class=\" trc_related_container trc_spotlight_widget tbl-feed-container tbl-feed-frame-DIVIDER  render-late-effect\" data-feed-container-num=\"1\" data-feed-main-container-id=\"taboola-below-content-thumbnails\" data-parent-placement-name=\"Below Content Thumbnails\" data-pub-lang=\"es\">\n<div class=\" tbl-feed-header tbl-logo-right-position\">\n<div class=\"tbl-feed-header-logo\"><\/div>\n<\/div>\n<div id=\"taboola-below-content-thumbnails-pl1\" class=\" trc_related_container trc_spotlight_widget trc_elastic trc_elastic_organic-thumbs-feed-02  tbl-feed-card \" data-card-index=\"1\" data-batch-num=\"1\" data-placement-name=\"Below Content Thumbnails | Card 1\">\n<div class=\"trc_rbox_container\">\n<div>\n<div id=\"trc_wrapper_50057\" class=\"trc_rbox organic-thumbs-feed-02 trc-content-organic \">\n<div id=\"outer_50057\" class=\"trc_rbox_outer\">\n<div id=\"rbox-t2v\" class=\"trc_rbox_div trc_rbox_border_elm\">\n<div id=\"internal_trc_50057\">\n<div class=\"videoCube trc_spotlight_item origin-undefined thumbnail_top textItem videoCube_1_child trc-first-recommendation trc-spotlight-first-recommendation  trc_excludable \" data-item-id=\"2559748660274648902\" data-item-title=\"\u00a1MIRA QU\u00c9 CASUALIDAD!\" data-item-thumb=\"https:\/\/www.jornada.com.mx\/2022\/07\/16\/cartones\/fisgon.jpg\" data-item-syndicated=\"false\">\n<div class=\"thumbBlock_holder\"><\/div>\n<\/div>\n<\/div>\n<\/div>\n<\/div>\n<\/div>\n<\/div>\n<\/div>\n<\/div>\n<\/div>\n","protected":false},"excerpt":{"rendered":"<p>Festejar\u00e1 el Centro Cultural del Bosque sus 60 a\u00f1os con programaci\u00f3n especial \u00c1ngel Vargas La Jornada La incorporaci\u00f3n oficial del nombre de la escritora Luisa Josefina Hern\u00e1ndez (Ciudad de M\u00e9xico, 1928) al Teatro Orientaci\u00f3n ser\u00e1 la parte central de los festejos por el 60 aniversario del Centro Cultural del Bosque (CCB), que se efectuar\u00e1 a [&hellip;]<\/p>\n","protected":false},"author":249,"featured_media":28579,"comment_status":"open","ping_status":"closed","sticky":false,"template":"","format":"standard","meta":{"footnotes":""},"categories":[26],"tags":[],"class_list":["post-28578","post","type-post","status-publish","format-standard","has-post-thumbnail","hentry","category-mundo"],"_links":{"self":[{"href":"https:\/\/eloficiodehistoriar.com.mx\/index.php?rest_route=\/wp\/v2\/posts\/28578","targetHints":{"allow":["GET"]}}],"collection":[{"href":"https:\/\/eloficiodehistoriar.com.mx\/index.php?rest_route=\/wp\/v2\/posts"}],"about":[{"href":"https:\/\/eloficiodehistoriar.com.mx\/index.php?rest_route=\/wp\/v2\/types\/post"}],"author":[{"embeddable":true,"href":"https:\/\/eloficiodehistoriar.com.mx\/index.php?rest_route=\/wp\/v2\/users\/249"}],"replies":[{"embeddable":true,"href":"https:\/\/eloficiodehistoriar.com.mx\/index.php?rest_route=%2Fwp%2Fv2%2Fcomments&post=28578"}],"version-history":[{"count":1,"href":"https:\/\/eloficiodehistoriar.com.mx\/index.php?rest_route=\/wp\/v2\/posts\/28578\/revisions"}],"predecessor-version":[{"id":28580,"href":"https:\/\/eloficiodehistoriar.com.mx\/index.php?rest_route=\/wp\/v2\/posts\/28578\/revisions\/28580"}],"wp:featuredmedia":[{"embeddable":true,"href":"https:\/\/eloficiodehistoriar.com.mx\/index.php?rest_route=\/wp\/v2\/media\/28579"}],"wp:attachment":[{"href":"https:\/\/eloficiodehistoriar.com.mx\/index.php?rest_route=%2Fwp%2Fv2%2Fmedia&parent=28578"}],"wp:term":[{"taxonomy":"category","embeddable":true,"href":"https:\/\/eloficiodehistoriar.com.mx\/index.php?rest_route=%2Fwp%2Fv2%2Fcategories&post=28578"},{"taxonomy":"post_tag","embeddable":true,"href":"https:\/\/eloficiodehistoriar.com.mx\/index.php?rest_route=%2Fwp%2Fv2%2Ftags&post=28578"}],"curies":[{"name":"wp","href":"https:\/\/api.w.org\/{rel}","templated":true}]}}