{"id":28585,"date":"2022-07-22T08:45:29","date_gmt":"2022-07-22T14:45:29","guid":{"rendered":"https:\/\/eloficiodehistoriar.com.mx\/?p=28585"},"modified":"2022-07-22T08:45:29","modified_gmt":"2022-07-22T14:45:29","slug":"protestas-en-jalisco-y-cdmx-responsabilizan-a-autoridades-sepultaron-ayer-a-la-activista-raquel","status":"publish","type":"post","link":"https:\/\/eloficiodehistoriar.com.mx\/?p=28585","title":{"rendered":"Protestas en Jalisco y CDMX,  Responsabilizan a autoridades, Sepultaron ayer a la activista RAQUEL"},"content":{"rendered":"<div id=\"article-cont\" class=\"main-cont article-cont actuality\">\n<div class=\"sumarios\">\n<p>Protestas en Jalisco y CDMX<\/p>\n<\/div>\n<div class=\"cabeza\">Responsabilizan a autoridades por feminicidio de Luz Raquel Padilla<\/div>\n<div class=\"sumarios\">\n<p>El detenido no particip\u00f3 en el homicidio, seg\u00fan autoridades \/\/ Sepultaron ayer a la activista<\/p>\n<\/div>\n<div id=\"article-text\" class=\"text\">\n<div class=\"foto\">\n<div class=\"pie-foto\">Los hermanos Mirko y M\u00e1ximo \u00c1lvarez (derecha, diagnosticado con autismo), durante una manifestaci\u00f3n realizada ayer por la tarde frente a la presidencia municipal de Zapopan. Dijeron estar consternados por el asesinato de Luz Raquel Padilla Guti\u00e9rrez y expresaron su preocupaci\u00f3n por el hijo de la activista.<\/div>\n<div><\/div>\n<\/div>\n<div class=\"col col1\">\n<div class=\"credito-autor\">Juan Carlos G. Partida<\/div>\n<div class=\"credito-titulo\"><\/div>\n<div class=\"hemero\">La Jornada<\/p>\n<\/div>\n<p class=\"s-s\">Guadalajara, Jal.,<\/p>\n<p class=\"s-s\">Organismos civiles, madres de ni\u00f1os con autismo y activistas coincidieron en que por el crimen de Luz Raquel Padilla Guti\u00e9rrez merecen castigo no s\u00f3lo los homicidas directos, sino tambi\u00e9n las autoridades estatales y municipales de Zapopan, que fueron negligentes y omisas cuando la v\u00edctima acudi\u00f3 a pedir ayuda.<\/p>\n<p><q>Los responsables tambi\u00e9n son del gobierno; se\u00f1alamos principalmente al gobernador (el emecista Enrique Alfaro) y al alcalde de Zapopan (Juan Jos\u00e9 Frangie, del mismo partido). Ellos son culpables por ineptos<\/q>, se\u00f1al\u00f3 Itzi Solano, directora de Vinculaci\u00f3n Ciudadana de la Confederaci\u00f3n de Derechos Humanos, organismo que convoc\u00f3 a un plant\u00f3n y a hacer pintas frente a la presidencia municipal.<\/p>\n<p>A Luz Raquel, madre de un ni\u00f1o con autismo, le arrojaron alcohol y le prendieron fuego el pasado 16 de julio en un parque del municipio de Zapopan. Despu\u00e9s de tres d\u00edas de agon\u00eda falleci\u00f3 y ayer fue sepultada. Tras su sepelio se llev\u00f3 a cabo una manifestaci\u00f3n en esa ciudad.<\/p>\n<p>En la protesta silenciosa participaron madres de hijos diagnosticados con autismo, mujeres, activistas y decenas de ciudadanos indignados por el homicidio. Hicieron pintas con gis en la banqueta, encendieron veladoras, repartieron folletos y mostraron letreros, mientras un numeroso grupo de polic\u00edas resguardaba la sede del ayuntamiento.<\/p>\n<p><q>Queremos la destituci\u00f3n de las autoridades, de quienes hayan sido responsables del expediente de Luz Raquel, porque ella pidi\u00f3 ayuda y se la negaron<\/q>, expres\u00f3 Itzi Solano.<\/p>\n<p>Los hermanos Mirko y M\u00e1ximo \u00c1lvarez, este \u00faltimo paciente de trastorno de espectro autista, manifestaron:\u00a0<q>Los que nacemos as\u00ed casi no tenemos futuro, y sin su madre a este ni\u00f1o (el hijo de Padilla) no s\u00e9 lo que le espera<\/q>.<\/p>\n<p>Las protestas llegaron a la comisar\u00eda de Zapopan, donde al mediod\u00eda y la tarde del jueves manifestantes repudiaron la falta de protecci\u00f3n para la integrante de la organizaci\u00f3n Yo Cuido M\u00e9xico.<\/p>\n<p>En mayo pasado la v\u00edctima present\u00f3 una denuncia por agresiones de su vecino, Sergio N, quien le arroj\u00f3 cloro industrial, le caus\u00f3 quemaduras e incluso pint\u00f3 letreros con amenazas de muerte, molesto por las reacciones del hijo de Padilla Guti\u00e9rrez, quien en crisis gritaba y golpeaba paredes.<\/p>\n<p>S\u00f3lo despu\u00e9s de que muri\u00f3 la joven madre las autoridades detuvieron al agresor el pasado mi\u00e9rcoles. Seg\u00fan las investigaciones, el individuo no particip\u00f3 en el ataque con alcohol.<\/p>\n<p>Tras presentarse voluntariamente ante la polic\u00eda de Zapopan, Sergio N fue enviado a declarar a la Fiscal\u00eda del Estado, donde qued\u00f3 detenido, inform\u00f3 la instituci\u00f3n en redes sociales. A\u00f1adi\u00f3 que\u00a0<q>se cumpliment\u00f3 la orden de aprehensi\u00f3n por lesiones, amenazas y delitos contra la dignidad de las personas<\/q>.<\/p>\n<p class=\"sumario\">Buscan visibilizar cuidado de personas con discapacidad<\/p>\n<p class=\"s-s\">Ayer al mediod\u00eda, en la bas\u00edlica de Zapopan se ofici\u00f3 una misa de cuerpo presente y despu\u00e9s Luz Raquel fue sepultada en el pante\u00f3n municipal. Familiares, amigos y activistas llevaron globos morados y echaron a volar varias palomas blancas.<\/p>\n<\/div>\n<div class=\"col col2\">\n<p>Sus compa\u00f1eras de la asociaci\u00f3n Yo Cuido M\u00e9xico, grupo integrado por madres que buscan visibilizar el cuidado de personas con padecimientos como trabajo y como derecho \u2013y al que pertenec\u00eda la joven mujer\u2013, demandaron justicia.<\/p>\n<p>Milly Cruz, coordinadora de esa organizaci\u00f3n en Jalisco, as\u00ed como del agrupamiento Familias y Retos Extraordinarios, cont\u00f3 que Luz\u00a0<q>era muy alegre, le gustaba participar en los cursos para hacernos visibles y que las cuidadoras se instruyan; ella estuvo un a\u00f1o en Yo Cuido M\u00e9xico y cuatro a\u00f1os en Familias y Retos Extraordinarios<\/q>.<\/p>\n<p class=\"sumario\">Manifestaci\u00f3n en la CDMX<\/p>\n<p class=\"s-s\">La agrupaci\u00f3n Yo Cuido M\u00e9xico tambi\u00e9n se manifest\u00f3 frente a la representaci\u00f3n del gobierno de Jalisco en la Ciudad de M\u00e9xico para exigir justicia y castigo para los asesinos de su colega y criticaron las omisiones del gobierno de Enrique Alfaro.<\/p>\n<p>Aseguraron que el homicidio de la madre cuidadora pudo haberse evitado si la fiscal\u00eda jalisciense hubiera atendido sus peticiones de auxilio, pero fue\u00a0<q>ignorada<\/q>.<\/p>\n<p>Itzel Hermida Carrillo, integrante de la agrupaci\u00f3n, dijo que demandan\u00a0<q>justicia para nuestra compa\u00f1era Luz Raquel y su hijo Bruno, de 11 a\u00f1os, quien qued\u00f3 hu\u00e9rfano a ra\u00edz de este brutal asesinato<\/q>.<\/p>\n<p>Agreg\u00f3 que ante la situaci\u00f3n de las personas cuidadoras, existe una\u00a0<q>sociedad indolente e indiferente<\/q>\u00a0y lament\u00f3\u00a0<q>la impunidad que reina en nuestro pa\u00eds<\/q>.<\/p>\n<p><q>Como hermanas de lucha nos sentimos indignadas por su asesinato. Ella hab\u00eda denunciado en repetidas ocasiones y hab\u00eda acudido a las autoridades; sin embargo, no se le escuch\u00f3. Se dijo que se trataba de pleitos entre vecinos y que no ameritaban que ella fuera puesta bajo protecci\u00f3n<\/q>, acus\u00f3 Carrillo.<\/p>\n<p>La Comisi\u00f3n Nacional de los Derechos Humanos (CNDH) y su similar de Jalisco exhortaron a las autoridades de procuraci\u00f3n de justicia actuar con diligencia en la investigaci\u00f3n de este caso.<\/p>\n<p>Pidieron que no se deje fuera ninguna l\u00ednea de indagaci\u00f3n y se act\u00fae con perspectiva de g\u00e9nero y de derechos humanos en todo momento.<\/p>\n<p>Asimismo, hicieron un llamado a las autoridades estatales para que atiendan de manera oportuna e integral a las v\u00edctimas indirectas, especialmente al hijo de la joven.<\/p>\n<p>Diputadas de Morena se\u00f1alaron que las autoridades de Jalisco le fallaron a Luz Raquel Padilla, a quien no protegieron cuando lo pidi\u00f3.<\/p>\n<p>En un pronunciamiento emitido ayer, las legisladoras exigieron justicia en este caso y que se frene la ola de violencia contra las mujeres en el estado.<\/p>\n<p>Con informaci\u00f3n de Carolina G\u00f3mez, Georgina Saldierna y Enrique M\u00e9ndez<\/p>\n<\/div>\n<\/div>\n<div class=\"go gui\">\n<div class=\"go-up\"><\/div>\n<\/div>\n<\/div>\n<div id=\"taboola-below-content-thumbnails\" class=\" trc_related_container trc_spotlight_widget tbl-feed-container tbl-feed-frame-DIVIDER  render-late-effect\" data-feed-container-num=\"1\" data-feed-main-container-id=\"taboola-below-content-thumbnails\" data-parent-placement-name=\"Below Content Thumbnails\" data-pub-lang=\"es\">\n<div class=\" tbl-feed-header tbl-logo-right-position\">\n<div class=\"tbl-feed-header-logo\"><\/div>\n<\/div>\n<\/div>\n","protected":false},"excerpt":{"rendered":"<p>Protestas en Jalisco y CDMX Responsabilizan a autoridades por feminicidio de Luz Raquel Padilla El detenido no particip\u00f3 en el homicidio, seg\u00fan autoridades \/\/ Sepultaron ayer a la activista Los hermanos Mirko y M\u00e1ximo \u00c1lvarez (derecha, diagnosticado con autismo), durante una manifestaci\u00f3n realizada ayer por la tarde frente a la presidencia municipal de Zapopan. Dijeron [&hellip;]<\/p>\n","protected":false},"author":249,"featured_media":28586,"comment_status":"open","ping_status":"closed","sticky":false,"template":"","format":"standard","meta":{"footnotes":""},"categories":[26],"tags":[],"class_list":["post-28585","post","type-post","status-publish","format-standard","has-post-thumbnail","hentry","category-mundo"],"_links":{"self":[{"href":"https:\/\/eloficiodehistoriar.com.mx\/index.php?rest_route=\/wp\/v2\/posts\/28585","targetHints":{"allow":["GET"]}}],"collection":[{"href":"https:\/\/eloficiodehistoriar.com.mx\/index.php?rest_route=\/wp\/v2\/posts"}],"about":[{"href":"https:\/\/eloficiodehistoriar.com.mx\/index.php?rest_route=\/wp\/v2\/types\/post"}],"author":[{"embeddable":true,"href":"https:\/\/eloficiodehistoriar.com.mx\/index.php?rest_route=\/wp\/v2\/users\/249"}],"replies":[{"embeddable":true,"href":"https:\/\/eloficiodehistoriar.com.mx\/index.php?rest_route=%2Fwp%2Fv2%2Fcomments&post=28585"}],"version-history":[{"count":1,"href":"https:\/\/eloficiodehistoriar.com.mx\/index.php?rest_route=\/wp\/v2\/posts\/28585\/revisions"}],"predecessor-version":[{"id":28587,"href":"https:\/\/eloficiodehistoriar.com.mx\/index.php?rest_route=\/wp\/v2\/posts\/28585\/revisions\/28587"}],"wp:featuredmedia":[{"embeddable":true,"href":"https:\/\/eloficiodehistoriar.com.mx\/index.php?rest_route=\/wp\/v2\/media\/28586"}],"wp:attachment":[{"href":"https:\/\/eloficiodehistoriar.com.mx\/index.php?rest_route=%2Fwp%2Fv2%2Fmedia&parent=28585"}],"wp:term":[{"taxonomy":"category","embeddable":true,"href":"https:\/\/eloficiodehistoriar.com.mx\/index.php?rest_route=%2Fwp%2Fv2%2Fcategories&post=28585"},{"taxonomy":"post_tag","embeddable":true,"href":"https:\/\/eloficiodehistoriar.com.mx\/index.php?rest_route=%2Fwp%2Fv2%2Ftags&post=28585"}],"curies":[{"name":"wp","href":"https:\/\/api.w.org\/{rel}","templated":true}]}}