{"id":28588,"date":"2022-07-22T08:56:29","date_gmt":"2022-07-22T14:56:29","guid":{"rendered":"https:\/\/eloficiodehistoriar.com.mx\/?p=28588"},"modified":"2022-07-22T08:56:29","modified_gmt":"2022-07-22T14:56:29","slug":"los-trazos-de-escritores-se-exhiben-en-el-colegio-nacional-dialogos-entre-la-letra-y-las-imagenes","status":"publish","type":"post","link":"https:\/\/eloficiodehistoriar.com.mx\/?p=28588","title":{"rendered":"Los trazos de escritores se exhiben en El Colegio Nacional \u00abDi\u00e1logos entre la letra y las im\u00e1genes\u00bb"},"content":{"rendered":"<div id=\"article-cont\" class=\"main-cont article-cont actuality\">\n<div class=\"cabeza\">Exhibe El Colegio Nacional obras pl\u00e1sticas de literatos mexicanos<\/div>\n<div class=\"sumarios\">\n<p>Con la colaboraci\u00f3n del fallecido Vicente Rojo, muestra otra faceta de poetas, narradores y ensayistas<\/p>\n<\/div>\n<div id=\"article-text\" class=\"text tbl-forkorts-article\">\n<div class=\"foto\">\n<div class=\"pie-foto\">Esta pieza de Fernando del Paso, perteneciente a la serie <em>Destrucci\u00f3n del orden\u00a0<\/em>(1991-1992), tinta china con color sobre papel, de la colecci\u00f3n de Socorro del Paso, forma parte de la exposici\u00f3n\u00a0<em>Correspondencias: Di\u00e1logos entre la letra y las im\u00e1genes<\/em>, en la que colabor\u00f3 el artista Vicente Rojo y que se exhibe en El Colegio Nacional.<\/div>\n<div><\/div>\n<\/div>\n<div class=\"col\">\n<div class=\"credito-autor\">Alondra Flores Soto<\/div>\n<div class=\"credito-titulo\"><\/div>\n<div class=\"hemero\">La Jornada<\/p>\n<\/div>\n<p class=\"s-s\">Los trazos y pinceladas de escritores de la literatura mexicana se exhiben en El Colegio Nacional con la exposici\u00f3n\u00a0<em>Correspondencias: Di\u00e1logos entre la letra y las im\u00e1genes,\u00a0<\/em>en la que colabor\u00f3 el artista Vicente Rojo,\u00a0<q>con su entusiasmo contagioso y su energ\u00eda infantil de siempre<\/q>, se\u00f1al\u00f3 el poeta y ensayista Vicente Quirarte, coordinador de la muestra, que abrir\u00e1 hoy.\u00a0<q>El hecho de que tambi\u00e9n aparezca como curador no es un homenaje sentimental nada m\u00e1s, sino es una demostraci\u00f3n de que su actividad sigue viva<\/q>.<\/p>\n<p>La alianza entre la palabra y la visualidad est\u00e1 integrada por 77 obras de quienes se han dedicado a la literatura e incursionaron en expresiones pl\u00e1sticas, al igual que piezas alusivas a ellos. Coordinada por el colegiado Vicente Quirarte, colabor\u00f3 el artista Vicente Rojo hasta poco antes de su muerte, ocurrida el 17 de marzo de 2021. Se incluyen pintura, caricatura, libros de artista, arte objeto, fotograf\u00eda,\u00a0<em>collages<\/em>\u00a0y otros lenguajes pl\u00e1sticos.<\/p>\n<p>En entrevista, Quirarte apunta que\u00a0<q>no es una reuni\u00f3n exhaustiva, pero siento que est\u00e1n los m\u00e1s representativos, al menos los que tenemos noticia que ejercieron en otro oficio aparte de la literatura<\/q>. Mencion\u00f3 el caso de Alberto Blanco, \u201cgran poeta que tambi\u00e9n desde hace tiempo destaca en el arte del\u00a0<em>collage;<\/em>\u00a0es muy respetado y reconocido como poeta y artista pl\u00e1stico\u201d.<\/p>\n<p>La instituci\u00f3n define que con\u00a0<em>Correspondencias\u00a0<\/em>(que agrupa a destacados intelectuales) se busca explorar la faceta de expresi\u00f3n pl\u00e1stica de una veintena de poetas, narradores y ensayistas mexicanos, nacidos entre 1871 y 1981, gracias a una selecci\u00f3n diversa por su tem\u00e1tica y formato, a fin de generar una experiencia de\u00a0<q>caminata lectora\/lectura andante<\/q>\u00a0para que la recorra el visitante.<\/p>\n<p><q>Hace dos a\u00f1os, antes de la pandemia, con el maestro Rojo hicimos el proyecto de una muestra semejante<\/q>. En la idea original, que surgi\u00f3 en 2020, el pintor y grabador de origen catal\u00e1n\u00a0<q>particip\u00f3 con gran dedicaci\u00f3n hasta poco antes de su fallecimiento<\/q>. Con entusiasmo hizo aportaciones intelectuales y materiales, por ejemplo, llevando los dibujos que hizo para el poemario\u00a0<em>Discos visuales,<\/em>\u00a0de Octavio Paz, o los dibujos originales de Jos\u00e9 Emilio Pacheco.\u00a0<q>Nombrarlo es una forma de mantenerlo presente entre nosotros<\/q>, afirm\u00f3 Quirarte para anunciar la apertura de la muestra, que concluir\u00e1 el 22 octubre.<\/p>\n<p>Al final hay una peque\u00f1a sorpresa, adelanta el autor de\u00a0<em>El \u00e1ngel es vampiro<\/em>:\u00a0<q>las caricaturas hechas por Vicente Rojo. Tambi\u00e9n son otra faceta de \u00e9l, no como pintor: las hac\u00eda como actividad l\u00fadica<\/q>.<\/p>\n<p>Est\u00e1n tambi\u00e9n presentes caricaturas de Augusto Monterroso y Carlos Fuentes, bocetos que Octavio Paz hizo para sus\u00a0<em>Topoemas<\/em>, al igual que obras de Rub\u00e9n Bonifaz Nu\u00f1o, Fernando del Paso y Salvador Elizondo, por ejemplo. De autores m\u00e1s recientes est\u00e1n piezas de Francisco Hern\u00e1ndez y Jorge Esquinca, adem\u00e1s de libros de artista de Carmen Boullosa, Kenia Cano y Myriam Moscona, quienes emplean t\u00e9cnicas como bordados,\u00a0<em>collages<\/em>\u00a0y otras experimentaciones pl\u00e1sticas.<\/p>\n<p>Relata que fue dif\u00edcil reunir las piezas, pues los coleccionistas privados se\u00f1alan:\u00a0<q>esta obra es invaluable<\/q>, pero cont\u00f3 con la ayuda de M\u00f3nica L\u00f3pez Velarde y Vivian C\u00e1rdenas, quienes hicieron la curadur\u00eda de la exposici\u00f3n con el pr\u00e9stamo de acervos privados y de instituciones p\u00fablicas para recolectar materiales diversos.<\/p>\n<p class=\"sumario\">Retratados<\/p>\n<p class=\"s-s\">Por primera vez en la historia de El Colegio Nacional se exhibir\u00e1n algunos retratos al \u00f3leo de integrantes de la instituci\u00f3n, que usualmente se encuentran en la galer\u00eda en la sede del colegio en Donceles 104, en el Centro Hist\u00f3rico, y son observados \u00fanicamente por los colegiados.\u00a0<q>El p\u00fablico podr\u00e1 ver, por ejemplo, el retrato de Alfonso Reyes que fue pintado por David Alfaro Siqueiros, Rub\u00e9n Bonifaz Nu\u00f1o por Arnaldo Coen y el de Octavio Paz, que fue hecho por Lucinda Urrusti<\/q>.<\/p>\n<p>Antes de la inauguraci\u00f3n a las 19:30 horas, se realizar\u00e1 un conversatorio en el aula mayor, en el que participar\u00e1n algunos autores presentes en la exposici\u00f3n para hablar de su actividad pl\u00e1stica. Myriam Moscona, Carmen Boullosa, Kenia Cano y Jorge Esquinca son parte de la charla, a partir de las 18 horas. La entrada es libre, adem\u00e1s de que se transmitir\u00e1 en vivo por las redes sociales de El Colegio Nacional.<\/p>\n<\/div>\n<\/div>\n<\/div>\n<div id=\"taboola-below-content-thumbnails\" class=\" trc_related_container trc_spotlight_widget tbl-feed-container tbl-feed-frame-DIVIDER  render-late-effect\" data-feed-container-num=\"1\" data-feed-main-container-id=\"taboola-below-content-thumbnails\" data-parent-placement-name=\"Below Content Thumbnails\" data-pub-lang=\"es\">\n<div class=\" tbl-feed-header tbl-logo-right-position\">\n<div class=\"tbl-feed-header-logo\"><\/div>\n<\/div>\n<\/div>\n","protected":false},"excerpt":{"rendered":"<p>Exhibe El Colegio Nacional obras pl\u00e1sticas de literatos mexicanos Con la colaboraci\u00f3n del fallecido Vicente Rojo, muestra otra faceta de poetas, narradores y ensayistas Esta pieza de Fernando del Paso, perteneciente a la serie Destrucci\u00f3n del orden\u00a0(1991-1992), tinta china con color sobre papel, de la colecci\u00f3n de Socorro del Paso, forma parte de la exposici\u00f3n\u00a0Correspondencias: [&hellip;]<\/p>\n","protected":false},"author":249,"featured_media":28589,"comment_status":"open","ping_status":"closed","sticky":false,"template":"","format":"standard","meta":{"footnotes":""},"categories":[26],"tags":[],"class_list":["post-28588","post","type-post","status-publish","format-standard","has-post-thumbnail","hentry","category-mundo"],"_links":{"self":[{"href":"https:\/\/eloficiodehistoriar.com.mx\/index.php?rest_route=\/wp\/v2\/posts\/28588","targetHints":{"allow":["GET"]}}],"collection":[{"href":"https:\/\/eloficiodehistoriar.com.mx\/index.php?rest_route=\/wp\/v2\/posts"}],"about":[{"href":"https:\/\/eloficiodehistoriar.com.mx\/index.php?rest_route=\/wp\/v2\/types\/post"}],"author":[{"embeddable":true,"href":"https:\/\/eloficiodehistoriar.com.mx\/index.php?rest_route=\/wp\/v2\/users\/249"}],"replies":[{"embeddable":true,"href":"https:\/\/eloficiodehistoriar.com.mx\/index.php?rest_route=%2Fwp%2Fv2%2Fcomments&post=28588"}],"version-history":[{"count":1,"href":"https:\/\/eloficiodehistoriar.com.mx\/index.php?rest_route=\/wp\/v2\/posts\/28588\/revisions"}],"predecessor-version":[{"id":28590,"href":"https:\/\/eloficiodehistoriar.com.mx\/index.php?rest_route=\/wp\/v2\/posts\/28588\/revisions\/28590"}],"wp:featuredmedia":[{"embeddable":true,"href":"https:\/\/eloficiodehistoriar.com.mx\/index.php?rest_route=\/wp\/v2\/media\/28589"}],"wp:attachment":[{"href":"https:\/\/eloficiodehistoriar.com.mx\/index.php?rest_route=%2Fwp%2Fv2%2Fmedia&parent=28588"}],"wp:term":[{"taxonomy":"category","embeddable":true,"href":"https:\/\/eloficiodehistoriar.com.mx\/index.php?rest_route=%2Fwp%2Fv2%2Fcategories&post=28588"},{"taxonomy":"post_tag","embeddable":true,"href":"https:\/\/eloficiodehistoriar.com.mx\/index.php?rest_route=%2Fwp%2Fv2%2Ftags&post=28588"}],"curies":[{"name":"wp","href":"https:\/\/api.w.org\/{rel}","templated":true}]}}