{"id":28593,"date":"2022-07-22T09:07:31","date_gmt":"2022-07-22T15:07:31","guid":{"rendered":"https:\/\/eloficiodehistoriar.com.mx\/?p=28593"},"modified":"2022-07-22T09:07:31","modified_gmt":"2022-07-22T15:07:31","slug":"gabriela-mistral-dejo-huella-imborrable-en-mexico-y-mexico-en-gabriela-mistral-entre-1922-y-1924","status":"publish","type":"post","link":"https:\/\/eloficiodehistoriar.com.mx\/?p=28593","title":{"rendered":"Gabriela Mistral dej\u00f3 huella imborrable en M\u00e9xico, y M\u00e9xico en Gabriela Mistral, entre 1922 y 1924."},"content":{"rendered":"<div id=\"article-cont\" class=\"main-cont article-cont analysis\">\n<div class=\"cabeza\">A 100 a\u00f1os de la llegada de Gabriela Mistral a M\u00e9xico<\/div>\n<div class=\"sumarios\"><\/div>\n<div class=\"credito-articulo\">Alejandra Frausto*<\/div>\n<div id=\"article-text\" class=\"text\">\n<div class=\"foto\">\n<div class=\"pie-foto\">Se cumpli\u00f3 ayer el centenario de la llegada de la poeta chilena Gabriela Mistral a M\u00e9xico, invitada por el entonces secretario de Educaci\u00f3n P\u00fablica, Jos\u00e9 Vasconcelos, para colaborar en los planes de la reforma educativa y la creaci\u00f3n de bibliotecas p\u00fablicas.<\/div>\n<div class=\"pie-foto\">En 1945 fue galardonada con el Premio Nobel de Literatura. Esta imagen presidi\u00f3 la sesi\u00f3n solemne en el Senado el pasado mi\u00e9rcoles para conmemorar esa efem\u00e9ride<\/div>\n<div><\/div>\n<\/div>\n<div class=\"col col1\">\n<div class=\"inicial\">Dos a\u00f1os bastaron para\u00a0que Gabriela Mistral dejara una huella imborrable en M\u00e9xico, y M\u00e9xico en Gabriela Mistral. Entre 1922 y 1924, Mistral, de 33 a\u00f1os, se uni\u00f3 a la cruzada educativa de Jos\u00e9 Vasconcelos, en esta tierra donde se enraizaban los ideales de la lucha revolucionaria. Ella misma dir\u00eda que\u00a0<q>recorr\u00eda el suelo todav\u00eda garabateado de sangre luchadora<\/q>.<\/div>\n<p>En esa nueva revoluci\u00f3n, intelectuales mexicanos y extranjeros se armaron de plumas y libros; luchaban contra el analfabetismo por medio de las misiones culturales, que buscaban derribar los l\u00edmites al desarrollo de ni\u00f1as, ni\u00f1os, hombres y mujeres, sobre todo en zonas rurales e ind\u00edgenas, hist\u00f3ricamente las m\u00e1s azotadas por la exclusi\u00f3n y el racismo. Era una labor humanista en la que el inter\u00e9s por el otro importaba m\u00e1s que las nacionalidades.<\/p>\n<p>Al principio Mistral no fue bien recibida. Le cuestionaban que una extranjera viniera a ense\u00f1arles algo que ya se sab\u00eda, con un supuesto sueldo exorbitante\u00a0<q>por pasearse y escribir<\/q>. Qu\u00e9 parecido a lo que hoy en d\u00eda escuchamos ante la iniciativa humanista del presidente Andr\u00e9s Manuel L\u00f3pez Obrador para invitar m\u00e9dicos de otras latitudes a M\u00e9xico.<\/p>\n<p>Andando los caminos de la educaci\u00f3n, recorri\u00f3 comunidades de Guerrero, Hidalgo, Jalisco, Michoac\u00e1n, Morelos, Oaxaca, Puebla, Quer\u00e9taro y Veracruz. En Huautla de Jim\u00e9nez conoci\u00f3 a Mar\u00eda Sabina y de ello escribi\u00f3:\u00a0<q>Entre los mazatecos tuvimos experiencias maravillosas; nos dieron m\u00e1s de lo que nosotras les ense\u00f1amos<\/q>. Puso pie a tierra y camin\u00f3 el territorio.<\/p>\n<p>En esos viajes y por ese contacto se enamor\u00f3 del pa\u00eds que sab\u00eda diverso.\u00a0<q>Hay varios M\u00e9xicos dentro de M\u00e9xico y no se agota el pa\u00eds como los otros<\/q>, dec\u00eda. Le cant\u00f3 al ma\u00edz, ese\u00a0<q>Quetzalc\u00f3atl verde \/ de las colas trabadas<\/q>; al arte popular:\u00a0<q>Cajita m\u00eda \/ de Olinal\u00e1, \/ palo-rosa, \/ jacarand\u00e1. \/ Cuando la abro \/ de golpe da \/ su olor de reina \/ de Sab\u00e1<\/q>, y cuando estuvo lejos, extra\u00f1\u00f3 a la infancia mexicana:\u00a0<q>Hace 12 a\u00f1os dej\u00e9 \/ a mi ni\u00f1o mexicano; \/ pero despierta o dormida \/ yo lo peino de mis manos&#8230;<\/q><\/p>\n<p>Su amor y vocaci\u00f3n iban dirigidos a la ense\u00f1anza y la pedagog\u00eda. No busc\u00f3 los reflectores de la fama, pero igual la alcanzaron: fue, con todo derecho, la primera mujer latinoamericana en recibir el Nobel de Literatura. Tal como hoy tenemos a otra gran mujer, la primera profesora de aula en convertirse en secretaria de Educaci\u00f3n P\u00fablica.<\/p>\n<\/div>\n<div class=\"col col2\">\n<p>En M\u00e9xico, adem\u00e1s de impulsar las bibliotecas ambulantes, las escuelas nocturnas y la alfabetizaci\u00f3n para adultos ind\u00edgenas y obreros, trab\u00f3 amistad con Alfonso Reyes, Frida Kahlo, Pita Amor, Diego Rivera y Roberto Montenegro, quien la inmortaliz\u00f3 en los murales de la SEP. Cabe destacar que nuestro movimiento muralista tambi\u00e9n cumple 100 a\u00f1os.<\/p>\n<p>Innumerables cartas, escritos, fotograf\u00edas y diversos documentos dan cuenta de su paso por M\u00e9xico.<\/p>\n<p>Agradezco y aplaudo la iniciativa de la doctora Beatriz Guti\u00e9rrez M\u00fcller por reunir y entregar a la Rep\u00fablica de Chile ese impresionante y casi in\u00e9dito acervo.<\/p>\n<p>La vida de Mistral fue un canto a las letras, empezando por el nombre que escogi\u00f3, pr\u00e9stamo y homenaje a dos de sus escritores favoritos: Gabriele D\u2019Annunzio y Fr\u00e9d\u00e9ric Mistral. Pero su amor por los libros no qued\u00f3 ah\u00ed: lo comparti\u00f3 con sus lectores, y con todos aquellos que ten\u00edan derecho a leerlos y amarlos.<\/p>\n<p>La poeta muri\u00f3 en Nueva York, lejos de su tierra, en enero de 1957. A su sepelio acudieron 170 mil personas para despedirla. Entre ellos, obreros, soldados, ancianas, pero sobre todo aquellos a quienes tachaban de\u00a0<q>patipelaos<\/q>: los ni\u00f1os descalzos de Chile que aspiraron, como los mexicanos, a la dignidad de una buena educaci\u00f3n. En M\u00e9xico tambi\u00e9n se llor\u00f3 su partida, como plasm\u00f3 Carlos Pellicer en sus\u00a0<q>Siete sonetos<\/q>.<\/p>\n<p>Honramos a la profesora, a la diplom\u00e1tica, a la poeta y a la feminista con coraz\u00f3n grande y libre, cuyo legado podemos ver en cientos de escuelas que llevan su nombre por todo el pa\u00eds. Con parte de esa historia, Chile y M\u00e9xico refuerzan su hermandad, lazo con el que se han apoyado en los momentos m\u00e1s dif\u00edciles de dictaduras y de opresi\u00f3n. Hoy reconozco el liderazgo del presidente L\u00f3pez Obrador con su llamado a que se unan las Am\u00e9ricas por mucho tiempo fragmentadas como si fueran dos tierras distintas.<\/p>\n<p>Porque el camino m\u00e1s certero a la libertad es la educaci\u00f3n y la cultura, y porque la libertad se ejerce desde la palabra hasta la creaci\u00f3n: viva Gabriela Mistral, viva Chile y viva M\u00e9xico.<\/p>\n<p><em>*Secretaria de Cultura federal<\/em><\/p>\n<p class=\"email\">\n<\/div>\n<\/div>\n<div class=\"go gui\">\n<div class=\"go-up\"><\/div>\n<\/div>\n<\/div>\n<div id=\"taboola-below-content-thumbnails\" class=\" trc_related_container trc_spotlight_widget tbl-feed-container tbl-feed-frame-DIVIDER  render-late-effect\" data-feed-container-num=\"1\" data-feed-main-container-id=\"taboola-below-content-thumbnails\" data-parent-placement-name=\"Below Content Thumbnails\" data-pub-lang=\"es\">\n<div class=\" tbl-feed-header tbl-logo-right-position\">\n<div class=\"tbl-feed-header-logo\"><\/div>\n<\/div>\n<\/div>\n","protected":false},"excerpt":{"rendered":"<p>A 100 a\u00f1os de la llegada de Gabriela Mistral a M\u00e9xico Alejandra Frausto* Se cumpli\u00f3 ayer el centenario de la llegada de la poeta chilena Gabriela Mistral a M\u00e9xico, invitada por el entonces secretario de Educaci\u00f3n P\u00fablica, Jos\u00e9 Vasconcelos, para colaborar en los planes de la reforma educativa y la creaci\u00f3n de bibliotecas p\u00fablicas. En [&hellip;]<\/p>\n","protected":false},"author":249,"featured_media":28594,"comment_status":"open","ping_status":"closed","sticky":false,"template":"","format":"standard","meta":{"footnotes":""},"categories":[26],"tags":[],"class_list":["post-28593","post","type-post","status-publish","format-standard","has-post-thumbnail","hentry","category-mundo"],"_links":{"self":[{"href":"https:\/\/eloficiodehistoriar.com.mx\/index.php?rest_route=\/wp\/v2\/posts\/28593","targetHints":{"allow":["GET"]}}],"collection":[{"href":"https:\/\/eloficiodehistoriar.com.mx\/index.php?rest_route=\/wp\/v2\/posts"}],"about":[{"href":"https:\/\/eloficiodehistoriar.com.mx\/index.php?rest_route=\/wp\/v2\/types\/post"}],"author":[{"embeddable":true,"href":"https:\/\/eloficiodehistoriar.com.mx\/index.php?rest_route=\/wp\/v2\/users\/249"}],"replies":[{"embeddable":true,"href":"https:\/\/eloficiodehistoriar.com.mx\/index.php?rest_route=%2Fwp%2Fv2%2Fcomments&post=28593"}],"version-history":[{"count":1,"href":"https:\/\/eloficiodehistoriar.com.mx\/index.php?rest_route=\/wp\/v2\/posts\/28593\/revisions"}],"predecessor-version":[{"id":28595,"href":"https:\/\/eloficiodehistoriar.com.mx\/index.php?rest_route=\/wp\/v2\/posts\/28593\/revisions\/28595"}],"wp:featuredmedia":[{"embeddable":true,"href":"https:\/\/eloficiodehistoriar.com.mx\/index.php?rest_route=\/wp\/v2\/media\/28594"}],"wp:attachment":[{"href":"https:\/\/eloficiodehistoriar.com.mx\/index.php?rest_route=%2Fwp%2Fv2%2Fmedia&parent=28593"}],"wp:term":[{"taxonomy":"category","embeddable":true,"href":"https:\/\/eloficiodehistoriar.com.mx\/index.php?rest_route=%2Fwp%2Fv2%2Fcategories&post=28593"},{"taxonomy":"post_tag","embeddable":true,"href":"https:\/\/eloficiodehistoriar.com.mx\/index.php?rest_route=%2Fwp%2Fv2%2Ftags&post=28593"}],"curies":[{"name":"wp","href":"https:\/\/api.w.org\/{rel}","templated":true}]}}