{"id":28596,"date":"2022-07-22T09:17:57","date_gmt":"2022-07-22T15:17:57","guid":{"rendered":"https:\/\/eloficiodehistoriar.com.mx\/?p=28596"},"modified":"2022-07-22T09:17:57","modified_gmt":"2022-07-22T15:17:57","slug":"que-tanta-gente-asiste-a-eventos-y-consume-arte","status":"publish","type":"post","link":"https:\/\/eloficiodehistoriar.com.mx\/?p=28596","title":{"rendered":"\u00bfQu\u00e9 tanta gente asiste a eventos y consume arte?"},"content":{"rendered":"<div>\n<h1 class=\"title\">Cultura en Xalapa:<\/h1>\n<h1 class=\"title\">\u00bfQu\u00e9 tanta gente asiste a eventos y consume arte?<\/h1>\n<\/div>\n<h3 class=\"subtitle\">No es la cantidad de eventos sino c\u00f3mo atraer al p\u00fablico, afirma el promotor Demetrio Arrazola Luis<\/h3>\n<p>Muchas agrupaciones independientes deben buscar formas para sobresalir en la oferta cultural<\/p>\n<div id=\"affix-share\" class=\"sharing-menu affix\">\n<ul>\n<li>Maribel S\u00e1nchez<\/li>\n<li>Diario de Xalapa<\/li>\n<\/ul>\n<\/div>\n<div class=\"content-body clearfix \">\n<div id=\"content-body-225-8628920\">\n<p><i>A pesar de que en los \u00faltimos\u00a0<b>12 meses<\/b>\u00a0la asistencia a eventos culturales en M\u00e9xico se increment\u00f3 en\u00a0<b>23.9 puntos\u00a0<\/b>porcentuales,\u00a0<b>a\u00fan se encuentra 16.6 puntos por debajo del valor observado en 2019,<\/b>\u00a0as\u00ed lo indica el Instituto Nacional de Estad\u00edstica y Geograf\u00eda.<\/i><\/p>\n<p><i>A partir de los resultados del M\u00f3dulo sobre Eventos Culturales Seleccionados, en el caso espec\u00edfico de Xalapa lo anterior se constata con los avisos de \u201clocalidades agotadas\u201d emitidos por algunas compa\u00f1\u00edas institucionales, sin embargo, se trata de actividades con aforos limitados por crisis sanitaria.<\/i><\/p>\n<\/div>\n<\/div>\n<div class=\"advertisment \"><\/div>\n<article class=\"content-continued-body clearfix \">\n<div id=\"content-body-5851641-8628920\">\n<ul>\n<li><\/li>\n<\/ul>\n<p><b>Recuperar el p\u00fablico ganado previo a la pandemia a\u00fan se ve lejano<\/b>, especialmente para la iniciativa privada, coinciden artistas independientes, quienes enfatizan los impactos de la econom\u00eda deprimida y el reto que siempre ha habido de formar nuevos p\u00fablicos para el arte.<\/p>\n<article class=\"cultura\nmedia col-md-4 inline-story \"><\/p>\n<div class=\"teaser \">\n<h4 class=\"title \"><b>\u201cEn Xalapa el problema no es la actividad, porque hay sobreoferta, sino c\u00f3mo se atrae al p\u00fablico y qu\u00e9 se hace para generar nuevos p\u00fablicos; m\u00e1s all\u00e1 de los protocolos sanitarios hay una realidad que pesa: la econom\u00eda est\u00e1 menguada y el arte no est\u00e1 en la canasta b\u00e1sica<\/b>\u201d, expresa el promotor Demetrio Arrazola Luis.<\/h4>\n<\/div>\n<\/article>\n<p>El acad\u00e9mico Eduardo Mier habla tambi\u00e9n de la desigualdad en la que trabajan artistas que pertenecen a una instituci\u00f3n y los independientes, pues agrupaciones que no dependen de las taquillas siguen ofreciendo una gran cantidad de eventos gratuitos. \u201c<b>\u00bfC\u00f3mo pueden las agrupaciones esc\u00e9nicas independientes competir con eso?<\/b>\u201d, cuestiona.<\/p>\n<p>Elena Barcelata anota que en la capital del estado\u00a0<b>\u201csolo es un grupo relativamente peque\u00f1o de la poblaci\u00f3n el que asiste; muchas veces es la misma gente que hace arte quien consume, es dif\u00edcil que m\u00e1s gente est\u00e9 interesada, es un fen\u00f3meno raro\u201d.<\/b><\/p>\n<p>Ante estas caracter\u00edsticas locales apremian a la generaci\u00f3n de pol\u00edticas p\u00fablicas que vean a la cultura m\u00e1s como un bien cultural y un derecho de todas las personas que en t\u00e9rminos de oferta y demanda.<\/p>\n<p>A nivel nacional en los \u00faltimos doce meses,\u00a0<b>41.2 por de la poblaci\u00f3n de 18 a\u00f1os y m\u00e1s asisti\u00f3 a alg\u00fan evento cultural seleccionado; es decir, a una obra de teatro, concierto o presentaci\u00f3n de m\u00fasica en vivo, espect\u00e1culo de danza, exposici\u00f3n, proyecci\u00f3n de pel\u00edculas o cine.<\/b><\/p>\n<div class=\"cultura\nmedia \"><\/p>\n<div class=\"teaser \">\n<div class=\"img-container picture\">\n<div id=\"standard_9\" class=\"st-placement standard_9 inImageRestricted\">\n<div class=\"st-adunit st-adunit-tagged st-reset st-show\">\n<div class=\"st-adunit-ad st-reset\">\n<div class=\"st-display-render st-reset\">\n<div class=\"st-reset\">\n<div class=\"important-styled st-canvas-container open Leaderboard display-standard fssquz2\">\n<div class=\"important-styled st-canvas-el fhxwyqa\">\n<div class=\"important-styled st-canvas-container undefined fssquz2\">\n<div class=\"important-styled st-canvas-el f8stzr5\">\n<div class=\"important-styled st-canvas-container undefined fssquz2\">\n<div class=\"important-styled st-canvas-el f6eoucy\">\n<div class=\"important-styled f1m7i34m\">\n<div class=\"important-styled display-render-wrapper f1m7i34m\"><i>Adem\u00e1s, 36.2 por ciento de las mujeres y 47.0 por ciento de los hombres encuestados asistieron a alg\u00fan evento cultural. En 2019, 51.6 por ciento de las mujeres y 48.4 por ciento de los hombres asistieron a alguno.<\/i><\/div>\n<\/div>\n<\/div>\n<\/div>\n<\/div>\n<\/div>\n<\/div>\n<\/div>\n<\/div>\n<\/div>\n<\/div>\n<\/div>\n<\/div>\n<\/div>\n<\/div>\n<\/div>\n<\/div>\n<\/article>\n","protected":false},"excerpt":{"rendered":"<p>Cultura en Xalapa: \u00bfQu\u00e9 tanta gente asiste a eventos y consume arte? No es la cantidad de eventos sino c\u00f3mo atraer al p\u00fablico, afirma el promotor Demetrio Arrazola Luis Muchas agrupaciones independientes deben buscar formas para sobresalir en la oferta cultural Maribel S\u00e1nchez Diario de Xalapa A pesar de que en los \u00faltimos\u00a012 meses\u00a0la asistencia [&hellip;]<\/p>\n","protected":false},"author":249,"featured_media":28597,"comment_status":"open","ping_status":"closed","sticky":false,"template":"","format":"standard","meta":{"footnotes":""},"categories":[26],"tags":[],"class_list":["post-28596","post","type-post","status-publish","format-standard","has-post-thumbnail","hentry","category-mundo"],"_links":{"self":[{"href":"https:\/\/eloficiodehistoriar.com.mx\/index.php?rest_route=\/wp\/v2\/posts\/28596","targetHints":{"allow":["GET"]}}],"collection":[{"href":"https:\/\/eloficiodehistoriar.com.mx\/index.php?rest_route=\/wp\/v2\/posts"}],"about":[{"href":"https:\/\/eloficiodehistoriar.com.mx\/index.php?rest_route=\/wp\/v2\/types\/post"}],"author":[{"embeddable":true,"href":"https:\/\/eloficiodehistoriar.com.mx\/index.php?rest_route=\/wp\/v2\/users\/249"}],"replies":[{"embeddable":true,"href":"https:\/\/eloficiodehistoriar.com.mx\/index.php?rest_route=%2Fwp%2Fv2%2Fcomments&post=28596"}],"version-history":[{"count":1,"href":"https:\/\/eloficiodehistoriar.com.mx\/index.php?rest_route=\/wp\/v2\/posts\/28596\/revisions"}],"predecessor-version":[{"id":28598,"href":"https:\/\/eloficiodehistoriar.com.mx\/index.php?rest_route=\/wp\/v2\/posts\/28596\/revisions\/28598"}],"wp:featuredmedia":[{"embeddable":true,"href":"https:\/\/eloficiodehistoriar.com.mx\/index.php?rest_route=\/wp\/v2\/media\/28597"}],"wp:attachment":[{"href":"https:\/\/eloficiodehistoriar.com.mx\/index.php?rest_route=%2Fwp%2Fv2%2Fmedia&parent=28596"}],"wp:term":[{"taxonomy":"category","embeddable":true,"href":"https:\/\/eloficiodehistoriar.com.mx\/index.php?rest_route=%2Fwp%2Fv2%2Fcategories&post=28596"},{"taxonomy":"post_tag","embeddable":true,"href":"https:\/\/eloficiodehistoriar.com.mx\/index.php?rest_route=%2Fwp%2Fv2%2Ftags&post=28596"}],"curies":[{"name":"wp","href":"https:\/\/api.w.org\/{rel}","templated":true}]}}