{"id":28600,"date":"2022-07-23T09:11:13","date_gmt":"2022-07-23T15:11:13","guid":{"rendered":"https:\/\/eloficiodehistoriar.com.mx\/?p=28600"},"modified":"2022-07-23T09:11:13","modified_gmt":"2022-07-23T15:11:13","slug":"en-plena-produccion-y-a-todo-vapor-como-maestro-de-las-nuevas-generaciones-de-escritores-oscar-oliva","status":"publish","type":"post","link":"https:\/\/eloficiodehistoriar.com.mx\/?p=28600","title":{"rendered":"En plena producci\u00f3n y a todo vapor como maestro de las nuevas generaciones de escritores \u00d3scar Oliva"},"content":{"rendered":"<div id=\"article-cont\" class=\"main-cont article-cont actuality\">\n<div class=\"cabeza\">Hay que fracasar en cada poema para encontrar su propia salvaci\u00f3n: \u00d3scar Oliva<\/div>\n<div class=\"sumarios\"><\/div>\n<div id=\"article-text\" class=\"text\">\n<div class=\"foto\">\n<div class=\"pie-foto\">M\u00f3nica Mateos-Vega<\/div>\n<\/div>\n<div class=\"col col1\">\n<div class=\"credito-titulo\"><\/div>\n<div class=\"hemero\">La Jornada<\/div>\n<div class=\"hemero\">\nEn plena producci\u00f3n de una poes\u00eda\u00a0<q>m\u00e1s reflexiva<\/q>\u00a0y a todo vapor en su labor como maestro de las nuevas generaciones de escritores, el poeta chiapaneco \u00d3scar Oliva (Tuxtla Guti\u00e9rrez, 1937) recibi\u00f3 la noticia de que fue galardonado con el Premio Nacional de Artes y Literatura 2021 que otorga el gobierno de M\u00e9xico.<\/div>\n<p><q>Una de las cosas m\u00e1s importantes que este reconocimiento me ha dado es sentir un gran cari\u00f1o en mi tierra natal Chiapas, y desde otros lugares me han llegado abrazos y saludos, eso me gusta mucho, me siento muy contento<\/q>, dijo a\u00a0<em>La Jornada<\/em>, v\u00eda telef\u00f3nica, el tambi\u00e9n ensayista.<\/p>\n<p>Sobre todo, reconoci\u00f3 el autor, al saber de su premio se agolparon en su mente recuerdos de juventud, principalmente aquellos en torno a la legendaria cofrad\u00eda conocida como\u00a0<em>La espiga amotinada\u00a0<\/em>(1960), de la que form\u00f3 parte y que reuni\u00f3 en un libro con ese t\u00edtulo los primeros poemarios de sus colegas Juan Ba\u00f1uelos (<em>Puertas del mundo<\/em>), Jaime Augusto Shelley (<em>La rueda y el eco<\/em>), Eraclio Zepeda (<em>Los soles de la noche<\/em>), todos ellos ya fallecidos, as\u00ed como de Jaime Labastida (<em>El descenso<\/em>) y del propio Oliva (<em>La voz desbocada<\/em>), con un pr\u00f3logo de Agust\u00ed Bartra.<\/p>\n<p><q>Ellos no s\u00f3lo fueron mis hermanos, sino mis maestros. Estoy hablando de Eraclio, Juan y Jaime Augusto. Record\u00e9 con gran emoci\u00f3n las muestras de cari\u00f1o que me sigue dando mi hermano, el poeta Jaime Labastida, seguimos trabajando juntos con la poes\u00eda y a trav\u00e9s de nuestros ensayos. Tambi\u00e9n record\u00e9 a mis hermanos mayores: Rosario Castellanos, Jaime Sabines, Agust\u00ed Bartra, Efra\u00edn Huerta, Juan de la Cabada, Rub\u00e9n Bonifaz Nu\u00f1o. Son much\u00edsimos los amigos que me ofrecieron su cari\u00f1o y lecciones muy importantes.<\/q><\/p>\n<p>Oscar Oliva, a sus 85 a\u00f1os, se define como\u00a0<q>un poeta de la perseverancia, pues si he logrado alguno que otro poema que est\u00e9 m\u00e1s o menos bien escrito, y que m\u00e1s o menos diga las emociones que quiero, lo debo estar perseverando, trabajando y leyendo todos los d\u00edas<\/q>.<\/p>\n<p>Para el escritor, quien estudi\u00f3 Letras Hisp\u00e1nicas en la Facultad de Filosof\u00eda y Letras de la Universidad Nacional Aut\u00f3noma de M\u00e9xico e Historia en la Universidad Veracruzana, la poes\u00eda es un g\u00e9nero que va a existir y persistir mientras haya humanidad,\u00a0<q>creer esto es mi motivaci\u00f3n. El fil\u00f3sofo alem\u00e1n Theodor Adorno dijo una vez que despu\u00e9s de Auschwitz ya no se iba a poder escribir poes\u00eda. Creo que no ten\u00eda raz\u00f3n, al contrario, en la crisis de la civilizaci\u00f3n en la que estamos inmersos en estos momentos, la poes\u00eda, el arte en general, la ciencia, la tecnolog\u00eda y los grandes avances de la f\u00edsica te\u00f3rica nos dan esperanza. La poes\u00eda es una forma de conocernos y tambi\u00e9n una manera de conocimiento, tanto como la ciencia o la filosof\u00eda<\/q>.<\/p>\n<\/div>\n<div class=\"col col2\">\n<p>En estos d\u00edas, el poeta trabaja en una obra \u201cm\u00e1s reflexiva, para que sea parte del conocimiento humano, sobre todo para intensificar las emociones que he procurado dar con mi poes\u00eda: las tensiones sociales, las tensiones entre hombre y mujer, las tensiones entre hombre y sociedad, o entre el hombre y la naturaleza.<\/p>\n<p><q>Estoy intensificando en estos momentos mi quehacer po\u00e9tico, por supuesto con la experiencia de todo lo que he vivido y visto pasar por el mundo, pues el mundo es mi casa. Porque desde la banqueta oigo no solamente los estallidos, sino tambi\u00e9n escucho la fulguraci\u00f3n del universo y el camino que ronda el sol en nuestras cabezas<\/q>.<\/p>\n<p>A los 14 a\u00f1os Oliva escribi\u00f3 su primer poema, titulado\u00a0<em>Estos minutos<\/em>, publicado en el peri\u00f3dico\u00a0<em>El Estudiante<\/em>. Se trataba de un poema en prosa sobre la destrucci\u00f3n del parque central de Tuxtla Guti\u00e9rrez y de sus antiguos \u00e1rboles.<\/p>\n<p>Entre 1995 y 1996 form\u00f3 parte de la Comisi\u00f3n Nacional de Intermediaci\u00f3n (Conai) que intervino en los di\u00e1logos entre el gobierno federal y el Ej\u00e9rcito Zapatista de Liberaci\u00f3n Nacional (EZLN).<\/p>\n<p>Adem\u00e1s de escribir, Oliva es un apasionado de los talleres de poes\u00eda que imparte, especialmente en su natal Tuxtla Guti\u00e9rrez, donde \u201cuna cosa nada m\u00e1s les digo a mis alumnos: que duden de todo, incluso de lo que les digo, de lo propio; y en medio de esa duda, que lean mucho. No hay otro camino para aquellos que quieren ser escritores de poes\u00eda m\u00e1s que leer mucho y dudar.<\/p>\n<p><q>Pero tambi\u00e9n hay que fracasar en cada poema para que de muchas maneras ese poema encuentre su propia salvaci\u00f3n<\/q>, concluy\u00f3 el escritor, quien parte rumbo a un encuentro de poes\u00eda en Costa Rica.<\/p>\n<p>El Premio Nacional de Artes y Literatura 2021 en el campo de Ling\u00fc\u00edstica y Literatura fue otorgado a \u00d3scar Oliva\u00a0<q>por ser uno de los grandes poetas del siglo XX; autor comprometido, cercano a los pueblos originarios, formador de varias generaciones de escritores y poetas, que le da voz al sur y a la protesta c\u00edvica. Su obra se manifiesta contra la opresi\u00f3n y la violencia ejercida desde el poder<\/q>, explic\u00f3 la Secretar\u00eda de Cultura federal en un comunicado.<\/p>\n<p>Al igual que con los premios de 2020, no hay una fecha para la entrega de estos galardones correspondientes al a\u00f1o pasado, que se otorgaron a quienes\u00a0<q>por sus creaciones, producciones o trabajos docentes de investigaci\u00f3n o de divulgaci\u00f3n han contribuido a enriquecer el acervo cultural del pa\u00eds o al progreso de las expresiones art\u00edsticas en general<\/q>.<\/p>\n<\/div>\n<\/div>\n<div class=\"go gui\">\n<div class=\"go-up\"><\/div>\n<\/div>\n<\/div>\n<div id=\"taboola-below-content-thumbnails\" class=\" trc_related_container trc_spotlight_widget tbl-feed-container tbl-feed-frame-DIVIDER  render-late-effect\" data-feed-container-num=\"1\" data-feed-main-container-id=\"taboola-below-content-thumbnails\" data-parent-placement-name=\"Below Content Thumbnails\" data-pub-lang=\"es\">\n<div class=\" tbl-feed-header tbl-logo-right-position\">\n<div class=\"tbl-feed-header-logo\"><\/div>\n<\/div>\n<\/div>\n","protected":false},"excerpt":{"rendered":"<p>Hay que fracasar en cada poema para encontrar su propia salvaci\u00f3n: \u00d3scar Oliva M\u00f3nica Mateos-Vega La Jornada En plena producci\u00f3n de una poes\u00eda\u00a0m\u00e1s reflexiva\u00a0y a todo vapor en su labor como maestro de las nuevas generaciones de escritores, el poeta chiapaneco \u00d3scar Oliva (Tuxtla Guti\u00e9rrez, 1937) recibi\u00f3 la noticia de que fue galardonado con el [&hellip;]<\/p>\n","protected":false},"author":249,"featured_media":28601,"comment_status":"open","ping_status":"closed","sticky":false,"template":"","format":"standard","meta":{"footnotes":""},"categories":[26],"tags":[],"class_list":["post-28600","post","type-post","status-publish","format-standard","has-post-thumbnail","hentry","category-mundo"],"_links":{"self":[{"href":"https:\/\/eloficiodehistoriar.com.mx\/index.php?rest_route=\/wp\/v2\/posts\/28600","targetHints":{"allow":["GET"]}}],"collection":[{"href":"https:\/\/eloficiodehistoriar.com.mx\/index.php?rest_route=\/wp\/v2\/posts"}],"about":[{"href":"https:\/\/eloficiodehistoriar.com.mx\/index.php?rest_route=\/wp\/v2\/types\/post"}],"author":[{"embeddable":true,"href":"https:\/\/eloficiodehistoriar.com.mx\/index.php?rest_route=\/wp\/v2\/users\/249"}],"replies":[{"embeddable":true,"href":"https:\/\/eloficiodehistoriar.com.mx\/index.php?rest_route=%2Fwp%2Fv2%2Fcomments&post=28600"}],"version-history":[{"count":1,"href":"https:\/\/eloficiodehistoriar.com.mx\/index.php?rest_route=\/wp\/v2\/posts\/28600\/revisions"}],"predecessor-version":[{"id":28602,"href":"https:\/\/eloficiodehistoriar.com.mx\/index.php?rest_route=\/wp\/v2\/posts\/28600\/revisions\/28602"}],"wp:featuredmedia":[{"embeddable":true,"href":"https:\/\/eloficiodehistoriar.com.mx\/index.php?rest_route=\/wp\/v2\/media\/28601"}],"wp:attachment":[{"href":"https:\/\/eloficiodehistoriar.com.mx\/index.php?rest_route=%2Fwp%2Fv2%2Fmedia&parent=28600"}],"wp:term":[{"taxonomy":"category","embeddable":true,"href":"https:\/\/eloficiodehistoriar.com.mx\/index.php?rest_route=%2Fwp%2Fv2%2Fcategories&post=28600"},{"taxonomy":"post_tag","embeddable":true,"href":"https:\/\/eloficiodehistoriar.com.mx\/index.php?rest_route=%2Fwp%2Fv2%2Ftags&post=28600"}],"curies":[{"name":"wp","href":"https:\/\/api.w.org\/{rel}","templated":true}]}}