{"id":28603,"date":"2022-07-23T09:17:05","date_gmt":"2022-07-23T15:17:05","guid":{"rendered":"https:\/\/eloficiodehistoriar.com.mx\/?p=28603"},"modified":"2022-07-23T09:17:05","modified_gmt":"2022-07-23T15:17:05","slug":"rodrigo-moya-realizo-un-estudio-fotografico-de-meche-carreno","status":"publish","type":"post","link":"https:\/\/eloficiodehistoriar.com.mx\/?p=28603","title":{"rendered":"Rodrigo Moya, realiz\u00f3 un estudio fotogr\u00e1fico de Meche Carre\u00f1o"},"content":{"rendered":"<div id=\"article-cont\" class=\"main-cont article-cont actuality\">\n<div class=\"cabeza\">De la emoci\u00f3n de fotografiar a Meche Carre\u00f1o<\/div>\n<div class=\"sumarios\"><\/div>\n<div id=\"article-text\" class=\"text\">\n<div class=\"col col1\">\n<div class=\"credito-autor\">Rodrigo Moya<\/div>\n<div class=\"credito-titulo\"><\/div>\n<div class=\"hemero\">La Jornada<\/p>\n<\/div>\n<p class=\"s-s\"><em>En 2009\u00a0<\/em>La Jornada<em>\u00a0public\u00f3 el testimonio del fot\u00f3grafo Rodrigo Moya, quien realiz\u00f3 un estudio fotogr\u00e1fico a la actriz Meche Carre\u00f1o para la revista\u00a0<\/em>Sucesos<em>\u00a0en 1964. Aqu\u00ed presentamos un extracto del texto<\/em><\/p>\n<p>Despu\u00e9s de que Meche Carre\u00f1o se volvi\u00f3 blanco de los fot\u00f3grafos de la \u00e9poca, ella accedi\u00f3 posar para la revista\u00a0<em>Sucesos<\/em>, en la que yo colaboraba\u2026 Nos reunimos una ma\u00f1ana para la sesi\u00f3n fotogr\u00e1fica. Mi idea no era repetir la foto con los pechos al aire, sino lograr una imagen menos desnuda, pero m\u00e1s provocativa. La propia Meche eligi\u00f3 un\u00a0<em>baby doll<\/em>, aqu\u00e9l camisoncito de dormir sedoso y corto, una cuarta abajo de la cadera, combinado con un calzoncillo igualmente ligero y holgado\u2026 Luego cambi\u00f3 el vol\u00e1til\u00a0<em>baby doll\u00a0<\/em>por un extra\u00f1o vestido tejido por su amorosa madre. Era una especie de red de pescador que le ce\u00f1\u00eda brazos y piernas, con las copas y el bikini trenzado entre la misma malla de red. Era f\u00e1cil fotografiarla. Se plegaba a cualquier sugerencia o ella misma propon\u00eda acciones y lugares. Era un juego placentero y creativo para ambos.<\/p>\n<p>Cuando un d\u00eda le llev\u00e9 de regalo las fotos, quedamos de hacer otra sesi\u00f3n m\u00e1s atrevida. La ocurrencia era fotografiarla desnuda sobre una caballo, parodiando la historia de Lady Godiva. Se entusiasm\u00f3, y semanas despu\u00e9s emprender\u00edamos la sesi\u00f3n en otra ex hacienda por las laderas del Iztacc\u00edhuatl. Hab\u00eda caballos, bosques, campo abierto, pajonales y un viejo caporal. Exist\u00edan las condiciones para trepar a Meche sobre un caballo, pelo contra pelo, y fotografiarla como si fuera aquella reina medieval que fue obligada por el celoso rey, su esposo, a cabalgar desnuda ante su pueblo, que prefiri\u00f3 darle la espalda para no deslumbrarse, o no pecar con la imaginaci\u00f3n, seg\u00fan la leyenda. El vestuario esta vez era un bikini confeccionado por su mam\u00e1, con tela imitaci\u00f3n piel de tigre\u2026 Nos aproximamos al anciano y al caballo ya listo. La toma era delicada y el hombre tranquilizaba al equino. Meche se quit\u00f3 el porta busto y empezaba a despojarse del bikini, cuando el caballerango la vio en todo su esplendor. Entonces ya no fueron\u00a0<em>ujujuyes<\/em>, sino verdaderos alaridos, al tiempo que doblaba el cuerpo hacia atr\u00e1s, abr\u00eda las piernas, y se llevaba las manos a las ingles sin dejar de gritar. El caballo se encabrit\u00f3 y Meche se asust\u00f3. Pero hab\u00eda que hacer la foto, programada para portada de la revista\u00a0<em>Sucesos<\/em>.<\/p>\n<\/div>\n<div class=\"col col2\">\n<div class=\"foto\">\n<div class=\"pie-foto\">M\u00e1s preocupado por la monta precaria de Meche y la lujuria del ardiente caporal, que por el proyecto Lady Godiva, apenas pude tomar unas placas en color y dos o tres en blanco y negro. Por eso Mercedes Carre\u00f1o se ve un poco tensa y asustada sobre las ancas de un caballo est\u00e1tico, y mira al fot\u00f3grafo como diciendo \u00a1b\u00e1jame de aqu\u00ed!<\/div>\n<\/div>\n<\/div>\n<\/div>\n<div class=\"go gui\">\n<div class=\"go-up\"><\/div>\n<\/div>\n<\/div>\n<div id=\"taboola-below-content-thumbnails\" class=\" trc_related_container trc_spotlight_widget tbl-feed-container tbl-feed-frame-DIVIDER  render-late-effect\" data-feed-container-num=\"1\" data-feed-main-container-id=\"taboola-below-content-thumbnails\" data-parent-placement-name=\"Below Content Thumbnails\" data-pub-lang=\"es\">\n<div class=\" tbl-feed-header tbl-logo-right-position\">\n<div class=\"tbl-feed-header-logo\"><\/div>\n<\/div>\n<\/div>\n","protected":false},"excerpt":{"rendered":"<p>De la emoci\u00f3n de fotografiar a Meche Carre\u00f1o Rodrigo Moya La Jornada En 2009\u00a0La Jornada\u00a0public\u00f3 el testimonio del fot\u00f3grafo Rodrigo Moya, quien realiz\u00f3 un estudio fotogr\u00e1fico a la actriz Meche Carre\u00f1o para la revista\u00a0Sucesos\u00a0en 1964. Aqu\u00ed presentamos un extracto del texto Despu\u00e9s de que Meche Carre\u00f1o se volvi\u00f3 blanco de los fot\u00f3grafos de la \u00e9poca, [&hellip;]<\/p>\n","protected":false},"author":249,"featured_media":28604,"comment_status":"open","ping_status":"closed","sticky":false,"template":"","format":"standard","meta":{"footnotes":""},"categories":[26],"tags":[],"class_list":["post-28603","post","type-post","status-publish","format-standard","has-post-thumbnail","hentry","category-mundo"],"_links":{"self":[{"href":"https:\/\/eloficiodehistoriar.com.mx\/index.php?rest_route=\/wp\/v2\/posts\/28603","targetHints":{"allow":["GET"]}}],"collection":[{"href":"https:\/\/eloficiodehistoriar.com.mx\/index.php?rest_route=\/wp\/v2\/posts"}],"about":[{"href":"https:\/\/eloficiodehistoriar.com.mx\/index.php?rest_route=\/wp\/v2\/types\/post"}],"author":[{"embeddable":true,"href":"https:\/\/eloficiodehistoriar.com.mx\/index.php?rest_route=\/wp\/v2\/users\/249"}],"replies":[{"embeddable":true,"href":"https:\/\/eloficiodehistoriar.com.mx\/index.php?rest_route=%2Fwp%2Fv2%2Fcomments&post=28603"}],"version-history":[{"count":1,"href":"https:\/\/eloficiodehistoriar.com.mx\/index.php?rest_route=\/wp\/v2\/posts\/28603\/revisions"}],"predecessor-version":[{"id":28605,"href":"https:\/\/eloficiodehistoriar.com.mx\/index.php?rest_route=\/wp\/v2\/posts\/28603\/revisions\/28605"}],"wp:featuredmedia":[{"embeddable":true,"href":"https:\/\/eloficiodehistoriar.com.mx\/index.php?rest_route=\/wp\/v2\/media\/28604"}],"wp:attachment":[{"href":"https:\/\/eloficiodehistoriar.com.mx\/index.php?rest_route=%2Fwp%2Fv2%2Fmedia&parent=28603"}],"wp:term":[{"taxonomy":"category","embeddable":true,"href":"https:\/\/eloficiodehistoriar.com.mx\/index.php?rest_route=%2Fwp%2Fv2%2Fcategories&post=28603"},{"taxonomy":"post_tag","embeddable":true,"href":"https:\/\/eloficiodehistoriar.com.mx\/index.php?rest_route=%2Fwp%2Fv2%2Ftags&post=28603"}],"curies":[{"name":"wp","href":"https:\/\/api.w.org\/{rel}","templated":true}]}}