{"id":28606,"date":"2022-07-23T09:22:36","date_gmt":"2022-07-23T15:22:36","guid":{"rendered":"https:\/\/eloficiodehistoriar.com.mx\/?p=28606"},"modified":"2022-07-23T09:22:36","modified_gmt":"2022-07-23T15:22:36","slug":"la-obra-the_wall-de-la-coreografa-yeri-anarika-que-se-estrena-hoy-en-el-centro-nacional-de-las-artes","status":"publish","type":"post","link":"https:\/\/eloficiodehistoriar.com.mx\/?p=28606","title":{"rendered":"La obra\u00a0\u00ab#The_Wall\u00bb de la core\u00f3grafa Yeri Anarika, que se estrena hoy en el Centro Nacional de las Artes"},"content":{"rendered":"<div class=\"cabeza\">Exploran las emociones de un mundo lleno de muros<\/div>\n<div class=\"sumarios\">\n<p>Elisa Carrillo expresa el dolor y la frustraci\u00f3n de no encontrar a un ser querido detr\u00e1s de la malla met\u00e1lica<\/p>\n<\/div>\n<div id=\"article-text\" class=\"text\">\n<div class=\"foto\">\n<div class=\"pie-foto\">Fabiola Palapa Quijas<\/div>\n<\/div>\n<div class=\"col col1\">\n<div class=\"credito-titulo\"><\/div>\n<div class=\"hemero\">La Jornada<\/p>\n<\/div>\n<p class=\"s-s\">La obra\u00a0<em>#The_Wall<\/em>, de la core\u00f3grafa mexicana Yeri Anarika, que se estrena hoy en el Centro Nacional de las Artes (Cenart), es una pieza sobre la necesidad de libertad en un mundo lleno de muros fronterizos, medi\u00e1ticos y mentales.<\/p>\n<p>Con la obra de Yeri Anarika, comisionada por los primeros bailarines Elisa Carrillo Cabrera y Mikhail Kaniskin a tres d\u00e9cadas de la ca\u00edda del Muro de Berl\u00edn, comienzan las actividades de la quinta edici\u00f3n de Danzatl\u00e1n: Festival Internacional de la Danza.<\/p>\n<p>En el escenario donde se proyectan videos alusivos a los muros, vallas y barreras fronterizas, Elisa Carrillo, primera bailarina del Staatsballett de Berl\u00edn, acompa\u00f1ada de 14 bailarines, explora a trav\u00e9s del movimiento las emociones de vivir detr\u00e1s de esas barreras f\u00edsicas o invisibles, sean ideol\u00f3gicas o sociales.<\/p>\n<p>La presencia de Carrillo en el escenario es hipn\u00f3tica. Por momentos se mueve suave y en otros con gran fuerza para expresar el dolor y la frustraci\u00f3n de no encontrar a ese ser querido detr\u00e1s de la malla met\u00e1lica.<\/p>\n<p>Dentro de la obra, Elisa interpreta un solo que nos recuerda la pol\u00edtica de Tolerancia cero en el gobierno de Donald Trump, que separ\u00f3 a los hijos de sus padres.<\/p>\n<p>Carrillo es certera en sus movimientos, los cuales sincroniza con im\u00e1genes de ella misma que se proyectan mientras baila.<\/p>\n<p>Los bailarines trasladan al lenguaje corporal los sentimientos que detonan las barreras f\u00edsicas o mentales en la obra de danza contempor\u00e1nea dirigida por Mikhail Kaniskin y producida por la Fundaci\u00f3n Elisa Carrillo Cabrera con el est\u00edmulo fiscal Efiartes.<\/p>\n<p>Antes del estreno mundial de la obra, Yeri Anarika convers\u00f3 con\u00a0<em>La Jornada<\/em>\u00a0sobre esta propuesta que contiene un mensaje esperanzador.<\/p>\n<p>\u201cLa obra\u00a0<em>#The_Wall<\/em>\u00a0es resultado de una investigaci\u00f3n amplia que hicimos todo el equipo. No s\u00f3lo se habla del muro de la frontera sur y norte o de los refugiados, tambi\u00e9n se hace referencia a los muros medi\u00e1ticos y los que est\u00e1n en la mente. Intentamos visualizar desde lo art\u00edstico c\u00f3mo se ven esos muros, c\u00f3mo se sienten, qu\u00e9 representan y c\u00f3mo los podemos romper, porque eso es lo que queremos todos al final, para ser libres.\u201d<\/p>\n<p>La core\u00f3grafa considera que el incremento de las vallas fronterizas nos distrae de otros problemas urgentes, como el cambio clim\u00e1tico. Al referirse al solo de Elisa Carrillo, expres\u00f3 que se recurri\u00f3 a la multimedia para duplicar la figura de la bailarina y hacer alusi\u00f3n a las madres que fueron separadas de sus hijos.<\/p>\n<p>\u201cElisa toca una de las historias m\u00e1s crueles. Se habla de la frustraci\u00f3n, de no poder ver a tu hijo al otro lado de la reja, aunque sabes que est\u00e1 ah\u00ed. Est\u00e1 la esperanza de volver a verlo y abrazarlo, pero te falta el dinero y todo eso predice en ella una frustraci\u00f3n.<\/p>\n<\/div>\n<div class=\"col col2\">\n<p><q>A lo largo de las diferentes escenas que conforman la pieza hay emociones no s\u00f3lo de tristeza o frustraci\u00f3n, tambi\u00e9n est\u00e1 la adrenalina, eso que motiva a los seres humanos a continuar.<\/q><\/p>\n<p>Yeri Anarika explic\u00f3 que\u00a0<q>todos queremos ser libres en nuestro pensamiento y en nuestra forma de actuar. Queremos tener esa libertad de poder ser, de poder estar, pero tambi\u00e9n tenemos una condici\u00f3n humana terrible y fuerte y es la que nos est\u00e1 rigiendo desde que existe el hombre, y es el poder<\/q>.<\/p>\n<p>Sobre el trabajo de los int\u00e9rpretes, la core\u00f3grafa indic\u00f3 que\u00a0<q>todos bailan t\u00e9cnicamente en sus l\u00edmites. Hay un trabajo muy t\u00e9cnico y todos deben ser muy conscientes de su cuerpo, de su trabajo, as\u00ed como entender de d\u00f3nde viene el movimiento y todo lo que est\u00e1n haciendo, cu\u00e1l es su personaje y por qu\u00e9 est\u00e1n en el escenario, eso es muy importante<\/q>.<\/p>\n<p>En la propuesta coreogr\u00e1fica, la mitad del elenco son bailarines invitados, adem\u00e1s de los cocreadores de la coreograf\u00eda de Anarika: Mar\u00eda Alejandra Corona P\u00e9rez, Irving Guerrero Sandoval, Yansi M\u00e9ndez Bautista, Sergio Ulises V\u00e1zquez Contreras, Ulises Gonz\u00e1lez Zarate, Paulina del Carmen Fern\u00e1ndez S\u00e1nchez y Luis Galaviz Castro.<\/p>\n<p>El resto de ellos son Lilia Am\u00e9rica D\u00edaz M\u00e9ndez, Axl Abner Valencia Villal\u00f3n, Aizlynn Cassandra Salinas Cort\u00e1zar, Sergio Iv\u00e1n Orozco Guti\u00e9rrez, Daniela M\u00e9rida Medina, Roberto de As\u00eds Cobos Cant\u00fa y Crist\u00f3bal V\u00edctor R\u00edos Hern\u00e1ndez, integrantes de la Compa\u00f1\u00eda de Danza del Estado de M\u00e9xico, dirigida art\u00edsticamente por el cubano Jasmany Hern\u00e1ndez.<\/p>\n<p>#The_Wall es el resultado de la colaboraci\u00f3n de un equipo creativo de M\u00e9xico y Alemania. Los ritmos del grupo mexicano CitadinoSON se mezclan con los sonidos electroac\u00fasticos de los alemanes Hannes y Andi Teichmann, conocidos como Gebr\u00fcder Teichmann.<\/p>\n<p>Intervienen el artista Josu\u00e9 Abraham Palma con su lenguaje multimedia, el iluminador Rafael Mendoza y la vestuarista Carolina Jim\u00e9nez.<\/p>\n<p>Como parte de Danzatl\u00e1n,\u00a0<em>#The_Wall\u00a0<\/em>se presenta hoy a las 19 horas y ma\u00f1ana a las 18 horas en el Teatro de las Artes del Cenart (R\u00edo Churubusco 79, colonia Country Club).<\/p>\n<p>Posteriormente se presentar\u00e1 en el Centro Cultural Mexiquense An\u00e1huac, en Huixquilucan, el 27 de julio, a las 19 horas, y en la Sala de Conciertos Elisa Carrillo, del Centro Cultural Mexiquense Bicentenario, en Texcoco, el 30 de julio, a las 17 horas.<\/p>\n<\/div>\n<\/div>\n","protected":false},"excerpt":{"rendered":"<p>Exploran las emociones de un mundo lleno de muros Elisa Carrillo expresa el dolor y la frustraci\u00f3n de no encontrar a un ser querido detr\u00e1s de la malla met\u00e1lica Fabiola Palapa Quijas La Jornada La obra\u00a0#The_Wall, de la core\u00f3grafa mexicana Yeri Anarika, que se estrena hoy en el Centro Nacional de las Artes (Cenart), es [&hellip;]<\/p>\n","protected":false},"author":249,"featured_media":28607,"comment_status":"open","ping_status":"closed","sticky":false,"template":"","format":"standard","meta":{"footnotes":""},"categories":[26],"tags":[],"class_list":["post-28606","post","type-post","status-publish","format-standard","has-post-thumbnail","hentry","category-mundo"],"_links":{"self":[{"href":"https:\/\/eloficiodehistoriar.com.mx\/index.php?rest_route=\/wp\/v2\/posts\/28606","targetHints":{"allow":["GET"]}}],"collection":[{"href":"https:\/\/eloficiodehistoriar.com.mx\/index.php?rest_route=\/wp\/v2\/posts"}],"about":[{"href":"https:\/\/eloficiodehistoriar.com.mx\/index.php?rest_route=\/wp\/v2\/types\/post"}],"author":[{"embeddable":true,"href":"https:\/\/eloficiodehistoriar.com.mx\/index.php?rest_route=\/wp\/v2\/users\/249"}],"replies":[{"embeddable":true,"href":"https:\/\/eloficiodehistoriar.com.mx\/index.php?rest_route=%2Fwp%2Fv2%2Fcomments&post=28606"}],"version-history":[{"count":1,"href":"https:\/\/eloficiodehistoriar.com.mx\/index.php?rest_route=\/wp\/v2\/posts\/28606\/revisions"}],"predecessor-version":[{"id":28608,"href":"https:\/\/eloficiodehistoriar.com.mx\/index.php?rest_route=\/wp\/v2\/posts\/28606\/revisions\/28608"}],"wp:featuredmedia":[{"embeddable":true,"href":"https:\/\/eloficiodehistoriar.com.mx\/index.php?rest_route=\/wp\/v2\/media\/28607"}],"wp:attachment":[{"href":"https:\/\/eloficiodehistoriar.com.mx\/index.php?rest_route=%2Fwp%2Fv2%2Fmedia&parent=28606"}],"wp:term":[{"taxonomy":"category","embeddable":true,"href":"https:\/\/eloficiodehistoriar.com.mx\/index.php?rest_route=%2Fwp%2Fv2%2Fcategories&post=28606"},{"taxonomy":"post_tag","embeddable":true,"href":"https:\/\/eloficiodehistoriar.com.mx\/index.php?rest_route=%2Fwp%2Fv2%2Ftags&post=28606"}],"curies":[{"name":"wp","href":"https:\/\/api.w.org\/{rel}","templated":true}]}}