{"id":28609,"date":"2022-07-23T09:29:04","date_gmt":"2022-07-23T15:29:04","guid":{"rendered":"https:\/\/eloficiodehistoriar.com.mx\/?p=28609"},"modified":"2022-07-23T09:29:04","modified_gmt":"2022-07-23T15:29:04","slug":"carlos-fuentes-y-el-toreo-con-relatos-en-cada-mirada-cada-pase-faena-en-la-que-el-toro","status":"publish","type":"post","link":"https:\/\/eloficiodehistoriar.com.mx\/?p=28609","title":{"rendered":"Carlos Fuentes y el toreo con relatos, en cada mirada, cada pase, faena en la que el toro"},"content":{"rendered":"<div id=\"article-cont\" class=\"main-cont article-cont analysis\">\n<div class=\"cabeza\">Lo cotidiano \u00a1Y sin toros!<\/div>\n<div class=\"sumarios\"><\/div>\n<div class=\"credito-articulo\">Jos\u00e9 Cueli<\/div>\n<div><\/div>\n<div id=\"article-text\" class=\"text\">\n<div class=\"col col1\">\n<div class=\"inicial\">Carlos Fuentes le\u00a0dio nueva vida al toreo en una serie de relatos encadenados uno al otro, piel a piel, uno con relaci\u00f3n al otro y a contrapelo, para quien quiera comprender esta continuidad t\u00e1ctil como una tonalidad en que cada caricia, cada mirada, cada acogida, cada pase, son una parte de un todo en una magistral faena en la que el toro, al sentir a Carlos Fuentes torero, se integra pronto a la cadena en que cada pase se enlaza al otro como caricia en una unidad art\u00edstica excepcional.<\/div>\n<p>Oscuro laberinto de letras, convertidas en palabras y frases en la arena del ruedo de la Plaza de Ronda, la m\u00e1s torera, cuna del arte de torear y de Pedro Romero su fundador, beb\u00eda antes de torear el beso de las olas que sub\u00edan desde el Puerto Banus en sus pliegues en un extra\u00f1o canto adormecido de ver\u00f3nicas al golpe del m\u00e1gico conjuro: brisa cadenciosa de la Sierra Morena en las alas del vuelo que retrataba gigantescas ondas y l\u00e1nguida se adormec\u00eda en la ver\u00f3nica de Pedro Romero el rey de los toreros.<\/p>\n<p>Plaza de toros en Ronda, la de Pedro Romero que plasmara Francisco Goya al abrir una herida como gajo caliente: naranja jugosa, dejos negros, donde viv\u00eda adem\u00e1s del toreo la pintura y las mujeres, sexo en arrullo er\u00f3tico, carne transparente; ternura de rumor caliente para los toreros como Pedro Romero al que nunca lo cogi\u00f3 un toro y se despach\u00f3 de la primera estocada a cinco mil o m\u00e1s.<\/p>\n<p>Carlos Fuentes, el torero, es aquel que como a Pedro Romero, el toro le pasa acariciando los alamares de la taleguilla tabaco y oro sin penetrar, virilidad endemoniada del toreo andaluz que burla cornadas cantando por alegr\u00edas y seguidillas, y en la semana mayor rompe el m\u00edstico silencio con la saeta que corta y rasga el espacio natural, muy natural y al natural.<\/p>\n<\/div>\n<div class=\"col col2\">\n<p>Letras toreras como el horizonte andaluz que repite la balconer\u00eda de la Plaza de Ronda encadenada balc\u00f3n a balc\u00f3n, pase a pase, estocada a estocada en ruedo invadido de oscuridad y claridad en el pincel de Goya y palabras de Carlos Fuentes. Todo ello fundido en los ojos negros de las andaluzas, que ocultan tras las caderas el cuchillo que mata y quita lo valiente a los toreros; sensaci\u00f3n entre las piernas de l\u00e1nguido estar.<\/p>\n<p>Carlos Fuentes resucit\u00f3 el toreo verdad, el toreo er\u00f3tico que se transform\u00f3 en pintura y literatura, el de los toreros naturales y las c\u00f3micas de campanillas. Recuerdos imborrables despu\u00e9s de las corridas, alientos tristes, empuje del aire que llevaban desde la piel a los pechos gitanos, canto que escalofriaba el bello y resbalaba por el cuerpo en sensaciones descubiertas cada instante como notas y sonidos musicales recreando sinfon\u00edas. Escritura que se enlaza, se desenlaza y se pierde con fino tacto en la epidermis. Ansia de ternura escondida. Brillo, tono y matices que transmit\u00eda melod\u00edas de orquestaci\u00f3n sublime, en el oscuro espacio luminoso al vuelo de mariposas revoloteando por el cuerpo.<\/p>\n<p class=\"email\">\n<\/div>\n<\/div>\n<div class=\"go gui\">\n<div class=\"go-up\"><\/div>\n<\/div>\n<\/div>\n","protected":false},"excerpt":{"rendered":"<p>Lo cotidiano \u00a1Y sin toros! Jos\u00e9 Cueli Carlos Fuentes le\u00a0dio nueva vida al toreo en una serie de relatos encadenados uno al otro, piel a piel, uno con relaci\u00f3n al otro y a contrapelo, para quien quiera comprender esta continuidad t\u00e1ctil como una tonalidad en que cada caricia, cada mirada, cada acogida, cada pase, son [&hellip;]<\/p>\n","protected":false},"author":249,"featured_media":28610,"comment_status":"open","ping_status":"closed","sticky":false,"template":"","format":"standard","meta":{"footnotes":""},"categories":[26],"tags":[],"class_list":["post-28609","post","type-post","status-publish","format-standard","has-post-thumbnail","hentry","category-mundo"],"_links":{"self":[{"href":"https:\/\/eloficiodehistoriar.com.mx\/index.php?rest_route=\/wp\/v2\/posts\/28609","targetHints":{"allow":["GET"]}}],"collection":[{"href":"https:\/\/eloficiodehistoriar.com.mx\/index.php?rest_route=\/wp\/v2\/posts"}],"about":[{"href":"https:\/\/eloficiodehistoriar.com.mx\/index.php?rest_route=\/wp\/v2\/types\/post"}],"author":[{"embeddable":true,"href":"https:\/\/eloficiodehistoriar.com.mx\/index.php?rest_route=\/wp\/v2\/users\/249"}],"replies":[{"embeddable":true,"href":"https:\/\/eloficiodehistoriar.com.mx\/index.php?rest_route=%2Fwp%2Fv2%2Fcomments&post=28609"}],"version-history":[{"count":1,"href":"https:\/\/eloficiodehistoriar.com.mx\/index.php?rest_route=\/wp\/v2\/posts\/28609\/revisions"}],"predecessor-version":[{"id":28611,"href":"https:\/\/eloficiodehistoriar.com.mx\/index.php?rest_route=\/wp\/v2\/posts\/28609\/revisions\/28611"}],"wp:featuredmedia":[{"embeddable":true,"href":"https:\/\/eloficiodehistoriar.com.mx\/index.php?rest_route=\/wp\/v2\/media\/28610"}],"wp:attachment":[{"href":"https:\/\/eloficiodehistoriar.com.mx\/index.php?rest_route=%2Fwp%2Fv2%2Fmedia&parent=28609"}],"wp:term":[{"taxonomy":"category","embeddable":true,"href":"https:\/\/eloficiodehistoriar.com.mx\/index.php?rest_route=%2Fwp%2Fv2%2Fcategories&post=28609"},{"taxonomy":"post_tag","embeddable":true,"href":"https:\/\/eloficiodehistoriar.com.mx\/index.php?rest_route=%2Fwp%2Fv2%2Ftags&post=28609"}],"curies":[{"name":"wp","href":"https:\/\/api.w.org\/{rel}","templated":true}]}}