{"id":28612,"date":"2022-07-23T09:37:30","date_gmt":"2022-07-23T15:37:30","guid":{"rendered":"https:\/\/eloficiodehistoriar.com.mx\/?p=28612"},"modified":"2022-07-23T09:37:30","modified_gmt":"2022-07-23T15:37:30","slug":"sinfonica-azteca-se-presentara-en-xalapa-el-26-de-julio-totalmente-gratis","status":"publish","type":"post","link":"https:\/\/eloficiodehistoriar.com.mx\/?p=28612","title":{"rendered":"Sinf\u00f3nica Azteca se presentar\u00e1 en Xalapa el 26 de julio totalmente gratis"},"content":{"rendered":"<div>\n<h1 class=\"title\">Sinf\u00f3nica Azteca viene a Xalapa:<\/h1>\n<h1 class=\"title\">Sede, horario y repertorio<\/h1>\n<\/div>\n<h3 class=\"subtitle\">Sinf\u00f3nica Azteca se presentar\u00e1 en Xalapa el 26 de julio totalmente gratis<\/h3>\n<div class=\"lead-gallery \">\n<div class=\"teaser  owl-carousel owl-theme\">\n<div class=\"owl-wrapper-outer\">\n<div class=\"owl-wrapper\">\n<div class=\"owl-item\">\n<div class=\"img-container picture\">\n<div id=\"standard_1\" class=\"st-placement standard_1 inImage\">\n<div class=\"st-adunit st-adunit-tagged st-reset st-show\">\n<div class=\"st-adunit-ad st-reset\">\n<div class=\"st-display-render st-reset\">\n<div class=\"st-reset\">\n<div class=\"important-styled st-canvas-container open WideSkyscraper display-standard fssquz2\">\n<div class=\"important-styled st-canvas-el fhxwyqa\">\n<div class=\"important-styled st-canvas-container undefined fssquz2\">\n<div class=\"important-styled st-canvas-el fexmm82\">\n<div class=\"important-styled st-canvas-container undefined fssquz2\">\n<div class=\"important-styled st-canvas-el f2ovl82\">\n<div class=\"important-styled f7gvnlv\">\n<div class=\"important-styled display-render-wrapper f7gvnlv\">Sinf\u00f3nica Azteca est\u00e1 lista para hacer vibrar al p\u00fablico xalape\u00f1o<\/div>\n<\/div>\n<\/div>\n<\/div>\n<\/div>\n<\/div>\n<\/div>\n<\/div>\n<\/div>\n<\/div>\n<\/div>\n<\/div>\n<\/div>\n<\/div>\n<\/div>\n<\/div>\n<\/div>\n<\/div>\n<\/div>\n<div id=\"affix-share\" class=\"sharing-menu no-affix\">\n<ul>\n<li>Maribel S\u00e1nchez<\/li>\n<li>Diario de Xalapa<\/li>\n<\/ul>\n<\/div>\n<div class=\"content-body clearfix \">\n<div id=\"content-body-225-8634086\">\n<p><i><b>Seis<\/b>\u00a0de los 90 m\u00fasicos que integran en 2022 la\u00a0<b>Sinf\u00f3nica Azteca son veracruzanos\u00a0<\/b>y se les podr\u00e1 escuchar\u00a0<b>sin costo en Xalapa el 26 de julio,<\/b>\u00a0en el primero de los tres conciertos que el grupo ofrecer\u00e1 en su gira por el pa\u00eds.<\/i><\/p>\n<p><i>Sinf\u00f3nica Azteca tiene como objetivo reunir a lo mejor del talento joven de M\u00e9xico, explica en entrevista<b>\u00a0el director art\u00edstico Paolo Bortolameolli,<\/b>\u00a0quien da a conocer que en la segunda edici\u00f3n de esta iniciativa se postularon<b>\u00a0mil 79 artistas contra los 300 del primer lanzamiento, en 2021.<\/b><\/i><\/p>\n<\/div>\n<\/div>\n<div class=\"advertisment \"><\/div>\n<article class=\"content-continued-body clearfix \">\n<div id=\"content-body-5851641-8634086\">\n<ul>\n<li><\/li>\n<\/ul>\n<p><i>\u201cOfrecemos un crecimiento integral, pues hay repercusi\u00f3n en lo musical y en lo humano; los seleccionados se nutren de la sabidur\u00eda de profesores de alt\u00edsimo nivel reconocidos en el mundo y, adem\u00e1s, hacen nuevas amistades y aliados que los acompa\u00f1ar\u00e1n en la vida\u201d.<\/i><\/p>\n<div class=\"teads-inread\">\n<div>\n<div id=\"teads0\" class=\"teads-player\"><b>Al referirse al proceso de formaci\u00f3n de los j\u00f3venes de entre 16 y 25 a\u00f1os, dice que los seleccionados tomaron clases en l\u00ednea en la Academia Virtual Azteca y actualmente se encuentran motivados y contentos en una residencia art\u00edstica presencial intensa.<\/b><\/div>\n<\/div>\n<\/div>\n<p><i>Paolo Bortolameolli menciona que hay compromiso por impulsar a una nueva generaci\u00f3n de artistas con habilidades musicales y de liderazgo, as\u00ed como crear v\u00ednculos con redes globales.\u00a0<\/i><b>Como un honor describe la oportunidad de ser el director art\u00edstico por segundo a\u00f1o consecutivo de un proyecto que, afirma, s\u00ed da cuenta del talento que hay en M\u00e9xico.<\/b><\/p>\n<p><i>Los veracruzanos que se ganaron un lugar este a\u00f1o son los violinistas Luis Estrada Rend\u00f3n, Ximena Sosa Ch\u00e1vez y Ruth Noem\u00ed Manzano; el contrabajista Salvador Nah\u00fam Rodr\u00edguez; la flautista Desir\u00e9e Antonio Rivera, y el chelista Roni Gordillo.<\/i><\/p>\n<p><b>Con apoyo de Fundaci\u00f3n Azteca de Grupo Salinas y en alianza con la Orquesta de las Am\u00e9ricas, la Sinf\u00f3nica Azteca estar\u00e1 en la capital de la entidad en el Teatro del Estado, con boletos de control disponibles en\u00a0<a href=\"https:\/\/boletopolis.com\/es\/\" target=\"_blank\" rel=\"Follow noopener\">https:\/\/boletopolis.com\/es\/<\/a><\/b><\/p>\n<p>De acuerdo con lo programado, el segundo concierto ser\u00e1 el 27 de julio en Puebla y el 28, en la Ciudad de M\u00e9xico.\u00a0<b>El repertorio que el p\u00fablico podr\u00e1 escuchar est\u00e1 compuesto por \u201cConcierto para piano rom\u00e1ntico\u201d de Manuel M. Ponce, con actuaci\u00f3n del pianista Jorge Federico Osorio, y la \u201cSinfon\u00eda n\u00famero 1\u201d de Gustav Mahler.<\/b><\/p>\n<p><i>El director art\u00edstico opina que es un repertorio de gran crecimiento para los instrumentistas y atractivo para p\u00fablico de distintas edades. \u201cSer\u00e1n noches donde se podr\u00e1 percibir la energ\u00eda que irradian los j\u00f3venes y la m\u00fasica de dos figuras universales\u201d.<\/i><\/p>\n<h2><b>Arte es un impulso necesario e inevitable<\/b><\/h2>\n<p>Paolo Bortolameolli, director asociado de la Filarm\u00f3nica de Los \u00c1ngeles, acepta que las plataformas digitales cumplen muy bien su funci\u00f3n de acercar, sin embargo, jam\u00e1s podr\u00e1n reemplazar la magia del rito del arte esc\u00e9nico.<\/p>\n<article class=\"cultura\nmedia col-md-4 inline-story \"><\/p>\n<div class=\"teaser \">\n<h4 class=\"title \"><b>En visita previa a Xalapa, donde se presentar\u00e1 el 26 de julio como director de Sinf\u00f3nica Azteca, dice que en la crisis sanitaria la tecnolog\u00eda se ha vuelto una aliada, pero en el caso del arte no hay nada como congregarse en un momento y lugar espec\u00edficos donde hay emociones.<\/b><\/h4>\n<\/div>\n<\/article>\n<p><b>\u201cEl arte en general es un impulso necesario e inevitable de expresi\u00f3n y de comunicaci\u00f3n; por algo siempre ha estado presente en nuestras vidas, en todos los momentos de la historia\u201d,\u00a0<\/b>expresa.<\/p>\n<p>Para el m\u00fasico chileno-italiano, algunas de las caracter\u00edsticas m\u00e1s destacables del rito del arte esc\u00e9nico son la comuni\u00f3n y la comunidad que se generan bajo el escenario.<\/p>\n<p><b>\u201cEs un ejercicio intr\u00ednseco a la humanidad, una necesidad de comunicaci\u00f3n que siempre ha estado\u201d<\/b>, por tal motivo, convoca al p\u00fablico a constatar la presencia del otro y a vivir c\u00f3mo por el simple hecho de estar se produce la sensaci\u00f3n de comunicaci\u00f3n.<\/p>\n<p><i>La experiencia de disfrutar un concierto, una funci\u00f3n de teatro o cine es incomparable, indica Bortolameolli, quien tiene un programa de conciertos activo en Am\u00e9rica, Asia y Europa.<\/i><\/p>\n<\/div>\n<\/article>\n","protected":false},"excerpt":{"rendered":"<p>Sinf\u00f3nica Azteca viene a Xalapa: Sede, horario y repertorio Sinf\u00f3nica Azteca se presentar\u00e1 en Xalapa el 26 de julio totalmente gratis Sinf\u00f3nica Azteca est\u00e1 lista para hacer vibrar al p\u00fablico xalape\u00f1o Maribel S\u00e1nchez Diario de Xalapa Seis\u00a0de los 90 m\u00fasicos que integran en 2022 la\u00a0Sinf\u00f3nica Azteca son veracruzanos\u00a0y se les podr\u00e1 escuchar\u00a0sin costo en Xalapa [&hellip;]<\/p>\n","protected":false},"author":249,"featured_media":28613,"comment_status":"open","ping_status":"closed","sticky":false,"template":"","format":"standard","meta":{"footnotes":""},"categories":[26],"tags":[],"class_list":["post-28612","post","type-post","status-publish","format-standard","has-post-thumbnail","hentry","category-mundo"],"_links":{"self":[{"href":"https:\/\/eloficiodehistoriar.com.mx\/index.php?rest_route=\/wp\/v2\/posts\/28612","targetHints":{"allow":["GET"]}}],"collection":[{"href":"https:\/\/eloficiodehistoriar.com.mx\/index.php?rest_route=\/wp\/v2\/posts"}],"about":[{"href":"https:\/\/eloficiodehistoriar.com.mx\/index.php?rest_route=\/wp\/v2\/types\/post"}],"author":[{"embeddable":true,"href":"https:\/\/eloficiodehistoriar.com.mx\/index.php?rest_route=\/wp\/v2\/users\/249"}],"replies":[{"embeddable":true,"href":"https:\/\/eloficiodehistoriar.com.mx\/index.php?rest_route=%2Fwp%2Fv2%2Fcomments&post=28612"}],"version-history":[{"count":1,"href":"https:\/\/eloficiodehistoriar.com.mx\/index.php?rest_route=\/wp\/v2\/posts\/28612\/revisions"}],"predecessor-version":[{"id":28614,"href":"https:\/\/eloficiodehistoriar.com.mx\/index.php?rest_route=\/wp\/v2\/posts\/28612\/revisions\/28614"}],"wp:featuredmedia":[{"embeddable":true,"href":"https:\/\/eloficiodehistoriar.com.mx\/index.php?rest_route=\/wp\/v2\/media\/28613"}],"wp:attachment":[{"href":"https:\/\/eloficiodehistoriar.com.mx\/index.php?rest_route=%2Fwp%2Fv2%2Fmedia&parent=28612"}],"wp:term":[{"taxonomy":"category","embeddable":true,"href":"https:\/\/eloficiodehistoriar.com.mx\/index.php?rest_route=%2Fwp%2Fv2%2Fcategories&post=28612"},{"taxonomy":"post_tag","embeddable":true,"href":"https:\/\/eloficiodehistoriar.com.mx\/index.php?rest_route=%2Fwp%2Fv2%2Ftags&post=28612"}],"curies":[{"name":"wp","href":"https:\/\/api.w.org\/{rel}","templated":true}]}}