{"id":28616,"date":"2022-07-24T08:20:29","date_gmt":"2022-07-24T14:20:29","guid":{"rendered":"https:\/\/eloficiodehistoriar.com.mx\/?p=28616"},"modified":"2022-07-24T08:20:29","modified_gmt":"2022-07-24T14:20:29","slug":"tan-frondosa-y-exuberante-como-la-geografia-chiapaneca-es-su-cosecha-de-poetas","status":"publish","type":"post","link":"https:\/\/eloficiodehistoriar.com.mx\/?p=28616","title":{"rendered":"Tan frondosa y exuberante\u00a0como la geograf\u00eda chiapaneca es su cosecha de poetas"},"content":{"rendered":"<div id=\"article-cont\" class=\"main-cont article-cont analysis\">\n<div class=\"cabeza\">\u00d3scar Oliva, poeta mayor<\/div>\n<div class=\"sumarios\"><\/div>\n<div class=\"credito-articulo\">Luis Hern\u00e1ndez Navarro<\/div>\n<div><\/div>\n<div id=\"article-text\" class=\"text\">\n<div class=\"col col1\">\n<div class=\"inicial\">Tan frondosa y exuberante\u00a0como la geograf\u00eda chiapaneca es su cosecha de poetas. Parafraseando el Himno Nacional y exagerando un poco (pero s\u00f3lo un poco), puede decirse que en esas tierras\u00a0<q>un poeta en cada hijo te dio<\/q>. Y, a pesar de que su vastedad no ri\u00f1e con la calidad de su obra, sobresalen s\u00f3lo unos cuantos. \u00d3scar Oliva es, sin duda, uno de ellos.<\/div>\n<p>Poeta de la perseverancia, nacido en 1937 en Tuxtla Guti\u00e9rrez, Chiapas, galardonado con el Premio Nacional de Artes y Literatura 2021, \u00d3scar es, a un tiempo, autor chiapaneco, mexicano y universal. Lejos de una visi\u00f3n id\u00edlica o buc\u00f3lica, de su pluma nacen los m\u00e1s bellos poemas \u00e9picos y los m\u00e1s t\u00f3rridos versos de amor, alimentados por el imaginario zoque del que abrev\u00f3 jugando con otros ni\u00f1os en su infancia, la fulguraci\u00f3n del paisaje chiapaneco y la historia contempor\u00e1nea viva de los de abajo.<\/p>\n<p>Oliva se educ\u00f3 en la mejor tradici\u00f3n de la educaci\u00f3n racionalista, que se nombr\u00f3 socialista, heredada del cardenismo. Asisti\u00f3 a la Escuela Primaria Camilo Pintado, donde se combinaba el trabajo manual con el intelectual, la teor\u00eda con la pr\u00e1ctica, la ense\u00f1anza con la recreaci\u00f3n. Cartas marcadas, anticipaci\u00f3n de lo que ser\u00eda su futuro, durante los seis a\u00f1os que estuvo en sus aulas, el autor de\u00a0<em>Estado de sitio<\/em>\u00a0particip\u00f3 y gan\u00f3 los concursos de declamaci\u00f3n organizados cada a\u00f1o.<\/p>\n<p>\u00d3scar se adentr\u00f3 en el mundo de los libros de la mano de su abuelo Hermelindo Oliva, quien a lo largo de su vida ley\u00f3 una sola obra:\u00a0<em>El Quijote<\/em>. Aprendi\u00f3 a deletrear m\u00e1s all\u00e1 del abecedario l\u00edrico, guiado por la lectura y las ense\u00f1anzas de Rub\u00e9n Dar\u00edo, Carlos Pellicer, Agust\u00ed Bartra, Pablo Neruda y C\u00e9sar Vallejo. Convivi\u00f3 y se aliment\u00f3 de la amistad de Jaime Sabines, Rosario Castellanos, Jos\u00e9 Revueltas, Efra\u00edn Huerta y Juan de la Cabada. Con varios de ellos confraterniz\u00f3 en formativas tertulias cantineras, en las que se beb\u00eda ron Castillo, responsable, seg\u00fan dec\u00eda en broma Oliva, de la\u00a0<q>muerte de varios poetas<\/q>.<\/p>\n<p>Junto a sus queridos c\u00f3mplices de la\u00a0<em>Espiga Amotinada<\/em>, a un tiempo hermanos y maestros, Jaime Augusto Shelley, Juan Ba\u00f1uelos, Eraclio Zepeda y Jaime Labastida, le propin\u00f3 un escobazo al panal de la Rep\u00fablica de las Letras, repudiando el poema como juego est\u00e9tico que se mira al ombligo.<\/p>\n<p class=\"sumario\">Marcado por el magma de la insumisi\u00f3n de la \u00e9poca<\/p>\n<p class=\"s-s\">Lleg\u00f3 al monstruo en 1957, con 20 a\u00f1os de edad. Se fue a vivir a la calle Academia, en el Centro. Conoci\u00f3 la ciudad caminando y recorriendo sus barrios. Entraba a la Catedral y se sorprend\u00eda con la imagen del\u00a0<q>Se\u00f1or del Veneno<\/q>. Se inscribi\u00f3 en la carrera de Leyes en la UNAM, pero la abandon\u00f3 para asistir a la Facultad de Filosof\u00eda y Letras, donde estudiaban j\u00f3venes mucho m\u00e1s hermosas.<\/p>\n<\/div>\n<div class=\"col col2\">\n<p>Milit\u00f3 en la Liga Leninista Espartaco de Jos\u00e9 Revueltas, al lado de Eduardo y Enrique Lizalde, \u00d3scar Ch\u00e1vez y Tita Singer, Francisco Gonz\u00e1lez y Enrique Gonz\u00e1lez Rojo. Varios de sus poemas est\u00e1n dedicados a sus antiguos camaradas. Fue sacudido por la caravana\/peregrinaci\u00f3n de los mineros de Nueva Rosita, la herida abierta por la traici\u00f3n al jaramillismo campesino, el vendaval del vallejismo ferrocarrilero y el othonismo magisterial, por las guerrillas latinoamericanas, por la esperanza del triunfo de los barbudos en Cuba y por el cicl\u00f3n del movimiento estudiantil popular del 68.<\/p>\n<p>Marcado por el magma de la insumisi\u00f3n de la \u00e9poca, convencido, como dec\u00eda Vlad\u00edmir Mayakovsky, de que para hacer una poes\u00eda de contenido revolucionario deb\u00eda tener una forma revolucionaria, escribi\u00f3 en\u00a0<em>Al volante de un autom\u00f3vil, por la carretera panamericana de Tuxtla a la Ciudad de M\u00e9xico<\/em>:\u00a0<q>llego por primera vez a la Ciudad de M\u00e9xico, \/ soy un hombro m\u00e1s de la multitud al dar un paso, \/ gases lacrim\u00f3genos me hacen rabiar, \/ trenes descarrilados en las terminales, \/ las v\u00edas levantadas, y el ataque \/ del Ej\u00e9rcito, polic\u00edas y granaderos \/ de formaci\u00f3n a paso de batalla, \/ el Z\u00f3calo reducido a un culatazo en la frente, \/ vendr\u00e1n otras batallas, nos dec\u00eda Jos\u00e9 Revueltas, \/ los ferrocarrileros pasan frente a m\u00ed levantan el pu\u00f1o y saludan<\/q>. El verso forma parte del libro\u00a0<em>Estado de sitio<\/em>. Recibi\u00f3 el Premio Nacional de Poes\u00eda en 1971.<\/p>\n<p class=\"sumario\">Sus \u00faltimos libros, producto del retorno a la geograf\u00eda originaria<\/p>\n<p class=\"s-s\">Con el levantamiento zapatista en Chiapas en 1994, \u00d3scar regres\u00f3 a su tierra natal, donde recuper\u00f3 su primera educaci\u00f3n sentimental. Adem\u00e1s de ser parte de la Comisi\u00f3n Nacional de Intermediaci\u00f3n encabezada por el obispo Samuel Ruiz, fue sacudido por los verdes selv\u00e1ticos, las estrellas luminosas desaparecidas de los cielos de la gran urbe, las ca\u00f1adas, el sol aprisionado y la vitalidad del mundo ind\u00edgena. Sus libros Lienzos transparentes y Estratos son producto de este fruct\u00edfero retorno a la geograf\u00eda originaria.<\/p>\n<p>Maestro de varias generaciones y promotor cultural excelso, \u00d3scar ha trabajado a lo largo de los a\u00f1os una genuina y original arquitectura verbal, pulida con la paciencia y precisi\u00f3n del m\u00e1s experimentado artesano, que es simult\u00e1neamente reto y haza\u00f1a. La complejidad y riqueza de su producci\u00f3n, mezcla de rabia y magia, luz y horror, abismo y pasi\u00f3n, en medio de un juego de espejos, hacen de su producci\u00f3n un entra\u00f1able testimonio de nuestros tiempos.<\/p>\n<p>\u00d3scar Oliva es un poeta mayor. Con sus versos testimonia la memoria de la imaginaci\u00f3n, alimenta nuestros sue\u00f1os y permite comprender el tama\u00f1o y naturaleza de nuestras pesadillas. Premiarlo es un acierto.<\/p>\n<p>Twitter:\u00a0<a href=\"https:\/\/twitter.com\/@lhan55\" target=\"_blank\" rel=\"noopener\">@lhan55<\/a><\/p>\n<p class=\"email\">\n<\/div>\n<\/div>\n<div class=\"go gui\">\n<div class=\"go-up\"><\/div>\n<\/div>\n<\/div>\n","protected":false},"excerpt":{"rendered":"<p>\u00d3scar Oliva, poeta mayor Luis Hern\u00e1ndez Navarro Tan frondosa y exuberante\u00a0como la geograf\u00eda chiapaneca es su cosecha de poetas. Parafraseando el Himno Nacional y exagerando un poco (pero s\u00f3lo un poco), puede decirse que en esas tierras\u00a0un poeta en cada hijo te dio. Y, a pesar de que su vastedad no ri\u00f1e con la calidad [&hellip;]<\/p>\n","protected":false},"author":249,"featured_media":28573,"comment_status":"open","ping_status":"closed","sticky":false,"template":"","format":"standard","meta":{"footnotes":""},"categories":[26],"tags":[],"class_list":["post-28616","post","type-post","status-publish","format-standard","has-post-thumbnail","hentry","category-mundo"],"_links":{"self":[{"href":"https:\/\/eloficiodehistoriar.com.mx\/index.php?rest_route=\/wp\/v2\/posts\/28616","targetHints":{"allow":["GET"]}}],"collection":[{"href":"https:\/\/eloficiodehistoriar.com.mx\/index.php?rest_route=\/wp\/v2\/posts"}],"about":[{"href":"https:\/\/eloficiodehistoriar.com.mx\/index.php?rest_route=\/wp\/v2\/types\/post"}],"author":[{"embeddable":true,"href":"https:\/\/eloficiodehistoriar.com.mx\/index.php?rest_route=\/wp\/v2\/users\/249"}],"replies":[{"embeddable":true,"href":"https:\/\/eloficiodehistoriar.com.mx\/index.php?rest_route=%2Fwp%2Fv2%2Fcomments&post=28616"}],"version-history":[{"count":1,"href":"https:\/\/eloficiodehistoriar.com.mx\/index.php?rest_route=\/wp\/v2\/posts\/28616\/revisions"}],"predecessor-version":[{"id":28617,"href":"https:\/\/eloficiodehistoriar.com.mx\/index.php?rest_route=\/wp\/v2\/posts\/28616\/revisions\/28617"}],"wp:featuredmedia":[{"embeddable":true,"href":"https:\/\/eloficiodehistoriar.com.mx\/index.php?rest_route=\/wp\/v2\/media\/28573"}],"wp:attachment":[{"href":"https:\/\/eloficiodehistoriar.com.mx\/index.php?rest_route=%2Fwp%2Fv2%2Fmedia&parent=28616"}],"wp:term":[{"taxonomy":"category","embeddable":true,"href":"https:\/\/eloficiodehistoriar.com.mx\/index.php?rest_route=%2Fwp%2Fv2%2Fcategories&post=28616"},{"taxonomy":"post_tag","embeddable":true,"href":"https:\/\/eloficiodehistoriar.com.mx\/index.php?rest_route=%2Fwp%2Fv2%2Ftags&post=28616"}],"curies":[{"name":"wp","href":"https:\/\/api.w.org\/{rel}","templated":true}]}}