{"id":28619,"date":"2022-07-24T08:26:17","date_gmt":"2022-07-24T14:26:17","guid":{"rendered":"https:\/\/eloficiodehistoriar.com.mx\/?p=28619"},"modified":"2022-07-24T08:26:17","modified_gmt":"2022-07-24T14:26:17","slug":"28619","status":"publish","type":"post","link":"https:\/\/eloficiodehistoriar.com.mx\/?p=28619","title":{"rendered":""},"content":{"rendered":"<div id=\"article-cont\" class=\"main-cont article-cont analysis\">\n<div class=\"cabeza\">La odisea de Yunuhen Gonz\u00e1lez<\/div>\n<div class=\"sumarios\"><\/div>\n<div class=\"credito-articulo\">Elena Poniatowska<\/div>\n<div><\/div>\n<div id=\"article-text\" class=\"text\">\n<div class=\"col col1\">\n<div class=\"inicial\">La joven estudiante\u00a0Yunuhen Gonz\u00e1lez nos cuenta: \u201cVivo en San Bartolo Ameyalco, en la alcald\u00eda \u00c1lvaro Obreg\u00f3n. San Bartolo es uno de los pueblos originarios de la Ciudad de M\u00e9xico. Muchas de sus calles est\u00e1n empedradas, son estrechas, apenas puede circular un autom\u00f3vil, aunque los burros con los bidones de pulque caminan c\u00f3modamente, lo mismo que los caballos que van al jaripeo. Antes ve\u00eda reba\u00f1os de borregos y algunas vacas, no s\u00e9 qu\u00e9 les pas\u00f3. Ah\u00ed hay un manantial que es como un tesoro que los \u2018nativos\u2019 del pueblo cuidan con mucho celo.<\/div>\n<p>\u201cEl transporte es deficiente. Desde que llegu\u00e9 a vivir ah\u00ed, hace 23 a\u00f1os, hay dos rutas: una llega al Metro Viveros y otra al de Barranca del Muerto. La \u00fanica avenida es de un solo carril para cada sentido. Antes del \u2018\u00a0<em>boom<\/em>\u00a0inmobiliario\u2019, el trayecto de San Bartolo al Metro era, al menos, agradable porque pod\u00edan verse los \u00e1rboles de la reserva del Desierto de los Leones, los \u00e1rboles de las diferentes barrancas de \u00c1lvaro Obreg\u00f3n. Cuando iba de camino a la universidad, contemplaba el amanecer, el sol entre el\u00a0<em>Popo<\/em>\u00a0y la Mujer dormida que se ti\u00f1en de naranja, rojo y amarillo.<\/p>\n<p>\u201cHace unos tres a\u00f1os, varios vecinos se unieron para solicitar a la Semovi que metieran rutas de RTP para San Bartolo y Santa Rosa Xochiac porque el transporte que ya tenemos no es suficiente, adem\u00e1s de que, como ya le coment\u00e9, el servicio es deficiente. La uni\u00f3n y perseverancia de este grupo de vecinos logr\u00f3 que llegara la Red de Transporte de Pasajeros a esta zona de \u00c1lvaro Obreg\u00f3n, estos camiones llegan a las estaciones del Metro Mixcoac, Zapata y Tacubaya.<\/p>\n<p>\u201cCuando sal\u00ed de la primaria, el pasaje no costaba m\u00e1s de 5 pesos, el boleto del Metro 2 pesos y no exist\u00eda el Metrob\u00fas. Cuando mi mam\u00e1 nos llevaba a la primaria a veces nos \u00edbamos en taxi porque se nos hac\u00eda tarde y era m\u00e1s c\u00f3modo para ella transportar as\u00ed a sus tres hijos; en el camino recog\u00edamos a un amigo para que no se fuera solo. No nos gustaba que mi pap\u00e1 nos llevara o nos recogiera de la primaria porque nos \u00edbamos caminando, se nos hac\u00eda lej\u00edsimos y muy cansado, aunque \u00e9l cargaba las tres mochilas. Alguna vez se le hizo tarde para ir por nosotros y mi hermano y yo nos sentamos afuera de una iglesia que estaba junto a la primaria a esperarlo, mi hermano menor segu\u00eda en el k\u00ednder. Fue la \u00fanica vez que nos regresamos en taxi a la casa con mi pap\u00e1.<\/p>\n<p>\u201cEmpec\u00e9 a viajar sola en el cami\u00f3n cuando entr\u00e9 a la secundaria. Sal\u00eda de la casa a las 6 de la ma\u00f1ana para llegar a la clase de las 7, mis pap\u00e1s no pod\u00edan acompa\u00f1arme a la escuela porque trabajaban y ten\u00edan que llevar a mis hermanos a la primaria. Con el tr\u00e1nsito de la ciudad es casi imposible ir de una escuela a otra sin quedar atrapado en un embotellamiento, hay familias que s\u00ed lo logran, no s\u00e9 c\u00f3mo. Por fortuna, nunca me toc\u00f3 que el cami\u00f3n se descompusiera o que chocara, as\u00ed que siempre llegu\u00e9 a tiempo a mis clases. El trayecto era por la avenida Toluca, recorr\u00eda un tramo por donde pasaba el ferrocarril a Cuernavaca hasta llegar a Tizap\u00e1n, en la calle de Frontera. Ah\u00ed estaba la secundaria y tambi\u00e9n el k\u00ednder al que fui, \u00e9se ya no existe.<\/p>\n<p>\u201cHice mi examen de admisi\u00f3n a la UNAM y me qued\u00e9 en la Prepa 8, en Plateros. Para entonces ya no me daba miedo andar sola en la calle; s\u00f3lo me sab\u00eda el camino de mi casa a la escuela. Para ir a la prepa, mi pap\u00e1 me ense\u00f1\u00f3 la ruta que \u00e9l conoc\u00eda, como para seguir sus pasos porque estudi\u00e9 en su misma secundaria y eso lo entusiasm\u00f3, aunque \u00e9l escogi\u00f3 una vocacional. Ahora, mi trayecto es de Camino viejo a Mixcoac hasta llegar a la Liga Maya, no tan lejos del Metro Barranca. En esa ruta tambi\u00e9n pod\u00eda ver los \u00e1rboles, eso me gustaba mucho y se me quitaba el sue\u00f1o que a\u00fan ten\u00eda. En Las \u00c1guilas, el tr\u00e1fico no me parec\u00eda tan pesado (hay casas con fachadas bonitas) hasta que empezaron a construir la Superv\u00eda Poniente. Derribaron miles de \u00e1rboles, fue una tristeza. Empez\u00f3 tambi\u00e9n la construcci\u00f3n de decenas de edificios de departamentos, muy altos. El paisaje ya no es verde.<\/p>\n<\/div>\n<div class=\"col col2\">\n<p>\u201c\u00c1lvaro Obreg\u00f3n se convirti\u00f3 en un caos. A ra\u00edz de tantas construcciones, las vialidades se colapsaron, los trayectos de 40 minutos se hicieron de una hora y hasta dos para llegar al trabajo, se complic\u00f3 el suministro de agua en la zona. S\u00e9 que sucedi\u00f3 lo mismo en Coyoac\u00e1n y Benito Ju\u00e1rez, por ejemplo. Los grupos inmobiliarios compraron casas y terrenos de reserva ecol\u00f3gica para \u2018aprovecharlos\u2019, pero creo que no hicieron un estudio adecuado de la zona.<\/p>\n<p>\u201cCon este problema a\u00fan vigente, tuvimos que salir m\u00e1s temprano de nuestra casa, no sab\u00edamos cu\u00e1ndo nos iba a tocar un cami\u00f3n de carga o una mezcladora atravesada en la avenida para instalar las tuber\u00edas del drenaje.<\/p>\n<p>\u201cSiempre he dicho que llegando a San \u00c1ngel o al Metro ya no me cuesta trabajo desplazarme por la ciudad, lo dif\u00edcil es \u2018bajar\u2019 del pueblo. Decimos bajar porque es lo que literalmente hacemos, San Bartolo Ameyalco es parte de un cerro, por eso es dif\u00edcil que en temporada de lluvias se inunde, toda el agua corre hacia las barrancas, lo que s\u00ed puede suceder es que haya desgajamientos o que la corriente se lleve a alguna persona, que s\u00ed ha ocurrido.<\/p>\n<p>\u201cNo sab\u00eda transbordar en el Metro y mucho menos usar el tren ligero hasta que entr\u00e9 a un empleo de verano en el Instituto de la Juventud. Era un programa en que los chavos reforestar\u00edan alg\u00fan parque o reserva ecol\u00f3gica, tambi\u00e9n pintamos bardas y levantamos basura. Me gust\u00f3 porque me permiti\u00f3 conocer m\u00e1s la ciudad y aprend\u00ed, ahora s\u00ed, a desplazarme sola. Antes de eso, yo no sab\u00eda que se pod\u00eda llegar en cami\u00f3n a Tres Mar\u00edas, tampoco c\u00f3mo llegar a Xochimilco; aprend\u00ed a ir al estadio Azteca y al Country Club, descubr\u00ed los diferentes caminos para regresar a mi casa. Todo eso me dio independencia en el sentido de que ya no tuve que pedirles a mis pap\u00e1s o a mi t\u00eda que me llevaran. Dice mi mam\u00e1 que me hice pata de perro y tiene raz\u00f3n.<\/p>\n<p>\u201cPero todav\u00eda me faltaba algo: saber moverme en el Centro de la ciudad. Me parec\u00eda un monstruo o un laberinto, pero ya s\u00e9 que no. Conoc\u00ed a Carmen de la Guardia, la vestuarista del grupo de danza al que me integr\u00e9 hace casi 15 a\u00f1os. Ella me llev\u00f3 a conocer el Centro, me dijo: \u2018Que no te vean que tienes miedo porque eso llama la atenci\u00f3n, t\u00fa camina segura.\u2019 La acompa\u00f1\u00e9 varias veces a comprar telas para hacer los trajes. Recorrimos Venustiano Carranza, Jes\u00fas Mar\u00eda, Correo Mayor, Rep\u00fablica de Uruguay, Rep\u00fablica del Salvador, Moneda hasta que me dijo: \u2018De aqu\u00ed ya nos regresamos porque empieza Tepito\u2019. Record\u00e9 lo de caminar sin miedo y ahora voy y vengo por el Centro como si fuese mi casa.<\/p>\n<p><q>He tenido mucha suerte al estudiar y trabajar m\u00e1s o menos cerca de mi colonia. Cuando mucho, tomo dos camiones para llegar al trabajo y eso porque hay tr\u00e1fico y me tengo que bajar y tomar otro cami\u00f3n, lo malo son los aumentos del pasaje. Trabajo cerca del Metro Miguel \u00c1ngel de Quevedo, el rumbo es muy bonito, me queda muy cerca Ciudad Universitaria y Coyoac\u00e1n; a veces me voy a Mixcoac para comer en el mercado. Me gusta mucho caminar. Si voy m\u00e1s lejos, el Metro es la mejor opci\u00f3n; el Metrob\u00fas me gusta cuando tengo ganas de ir viendo la calle, es un buen transporte aunque a\u00fan no conozco todas sus rutas.<\/q><\/p>\n<p class=\"email\">\n<\/div>\n<\/div>\n<div class=\"go gui\">\n<div class=\"go-up\"><\/div>\n<\/div>\n<\/div>\n<div id=\"taboola-below-content-thumbnails\" class=\" trc_related_container trc_spotlight_widget tbl-feed-container tbl-feed-frame-DIVIDER  render-late-effect\" data-feed-container-num=\"1\" data-feed-main-container-id=\"taboola-below-content-thumbnails\" data-parent-placement-name=\"Below Content Thumbnails\" data-pub-lang=\"es\">\n<div class=\" tbl-feed-header tbl-logo-right-position\">\n<div class=\"tbl-feed-header-logo\"><\/div>\n<\/div>\n<\/div>\n","protected":false},"excerpt":{"rendered":"<p>La odisea de Yunuhen Gonz\u00e1lez Elena Poniatowska La joven estudiante\u00a0Yunuhen Gonz\u00e1lez nos cuenta: \u201cVivo en San Bartolo Ameyalco, en la alcald\u00eda \u00c1lvaro Obreg\u00f3n. San Bartolo es uno de los pueblos originarios de la Ciudad de M\u00e9xico. Muchas de sus calles est\u00e1n empedradas, son estrechas, apenas puede circular un autom\u00f3vil, aunque los burros con los bidones [&hellip;]<\/p>\n","protected":false},"author":249,"featured_media":28620,"comment_status":"open","ping_status":"closed","sticky":false,"template":"","format":"standard","meta":{"footnotes":""},"categories":[26],"tags":[],"class_list":["post-28619","post","type-post","status-publish","format-standard","has-post-thumbnail","hentry","category-mundo"],"_links":{"self":[{"href":"https:\/\/eloficiodehistoriar.com.mx\/index.php?rest_route=\/wp\/v2\/posts\/28619","targetHints":{"allow":["GET"]}}],"collection":[{"href":"https:\/\/eloficiodehistoriar.com.mx\/index.php?rest_route=\/wp\/v2\/posts"}],"about":[{"href":"https:\/\/eloficiodehistoriar.com.mx\/index.php?rest_route=\/wp\/v2\/types\/post"}],"author":[{"embeddable":true,"href":"https:\/\/eloficiodehistoriar.com.mx\/index.php?rest_route=\/wp\/v2\/users\/249"}],"replies":[{"embeddable":true,"href":"https:\/\/eloficiodehistoriar.com.mx\/index.php?rest_route=%2Fwp%2Fv2%2Fcomments&post=28619"}],"version-history":[{"count":1,"href":"https:\/\/eloficiodehistoriar.com.mx\/index.php?rest_route=\/wp\/v2\/posts\/28619\/revisions"}],"predecessor-version":[{"id":28621,"href":"https:\/\/eloficiodehistoriar.com.mx\/index.php?rest_route=\/wp\/v2\/posts\/28619\/revisions\/28621"}],"wp:featuredmedia":[{"embeddable":true,"href":"https:\/\/eloficiodehistoriar.com.mx\/index.php?rest_route=\/wp\/v2\/media\/28620"}],"wp:attachment":[{"href":"https:\/\/eloficiodehistoriar.com.mx\/index.php?rest_route=%2Fwp%2Fv2%2Fmedia&parent=28619"}],"wp:term":[{"taxonomy":"category","embeddable":true,"href":"https:\/\/eloficiodehistoriar.com.mx\/index.php?rest_route=%2Fwp%2Fv2%2Fcategories&post=28619"},{"taxonomy":"post_tag","embeddable":true,"href":"https:\/\/eloficiodehistoriar.com.mx\/index.php?rest_route=%2Fwp%2Fv2%2Ftags&post=28619"}],"curies":[{"name":"wp","href":"https:\/\/api.w.org\/{rel}","templated":true}]}}