{"id":28625,"date":"2022-07-24T08:37:04","date_gmt":"2022-07-24T14:37:04","guid":{"rendered":"https:\/\/eloficiodehistoriar.com.mx\/?p=28625"},"modified":"2022-07-24T08:37:04","modified_gmt":"2022-07-24T14:37:04","slug":"el-compromiso-con-la-musica-que-tiene-dali-mata-rincon-el-paso-texas-2000-se-mezcla-con-el-surrealismo","status":"publish","type":"post","link":"https:\/\/eloficiodehistoriar.com.mx\/?p=28625","title":{"rendered":"El compromiso con la m\u00fasica que tiene Dal\u00ed Mata Rinc\u00f3n (El Paso, Texas, 2000) se mezcla con el surrealismo"},"content":{"rendered":"<div id=\"article-cont\" class=\"main-cont article-cont actuality\">\n<div class=\"cabeza\">En\u00a0<em>P\u00e1ramo m\u00edstico,<\/em>\u00a0Dal\u00ed Mata mezcla sonidos de la sierra con rock y boleros<\/div>\n<div class=\"sumarios\"><\/div>\n<div id=\"article-text\" class=\"text\">\n<div class=\"foto\">\n<div class=\"pie-foto\"><em>El norte\u00f1o surrealista<\/em>\u00a0posa con una de sus mascotas, el gallo\u00a0<em>Bret\u00f3n.<\/em><\/div>\n<div><\/div>\n<\/div>\n<div class=\"col col1\">\n<div class=\"credito-autor\">Israel Campos Mondrag\u00f3n<\/div>\n<div class=\"credito-titulo\"><\/div>\n<div class=\"hemero\">La Jornada<\/p>\n<\/div>\n<p class=\"s-s\">El compromiso con la m\u00fasica que tiene Dal\u00ed Mata Rinc\u00f3n (El Paso, Texas, 2000) se mezcla con el surrealismo en su nuevo Ep llamado\u00a0<em>P\u00e1ramo m\u00edstico,<\/em>\u00a0donde muestra\u00a0<q>la sanaci\u00f3n que encontr\u00f3 en ese movimiento cultural<\/q>.<\/p>\n<p>Radicado en Ciudad Ju\u00e1rez,\u00a0<em>El norte\u00f1o surrealista<\/em>\u00a0fusiona sonidos serranos con rock y boleros.\u00a0<q>Tengo un compromiso con la m\u00fasica, m\u00e1s que con un g\u00e9nero. Para m\u00ed lo es todo; es una filosof\u00eda de vida, la m\u00fasica sabe que soy fiel<\/q>, comparti\u00f3 Mata en entrevista.<\/p>\n<p><em>P\u00e1ramo m\u00edstico<\/em>\u00a0es su segundo y reciente producci\u00f3n Ep, grabada en este a\u00f1o, que incluye temas como\u00a0<em>Arena blanca\u00a0<\/em>y<em>\u00a0Oasis,<\/em>\u00a0que ya suenan en Spotify.<\/p>\n<p>\u201cEste proyecto naci\u00f3 en tiempos de pandemia, grababa en Ciudad Ju\u00e1rez con Omar Villescas y Pedro Mac\u00edas. Tengo un compromiso con la m\u00fasica. Sal\u00ed de la nada, de tener un trabajo \u2018normal\u2019 para despu\u00e9s grabar m\u00fasica, y ver que es aceptada por el p\u00fablico es impresionante. Tom\u00e9 la decisi\u00f3n de salirme de la universidad para trabajar en la construcci\u00f3n en El Paso, que es un empleo muy bien pagado. Con mi sueldo fui costeando todo lo que necesitaba para grabar\u201d, declar\u00f3.<\/p>\n<p><q>Vivo en la frontera entre Estados Unidos y M\u00e9xico; como m\u00fasico puedes sacar mucho provecho de eso. Amo las diferencias entre un pa\u00eds y otro, vivo en el lado mexicano, pero trabajo en el otro. La pasi\u00f3n se la lleva M\u00e9xico, amo mucho Ciudad Ju\u00e1rez y quiero compartir ese sentimiento a mis seguidores.<\/q><\/p>\n<p>Su carrera en la m\u00fasica inici\u00f3 en 2019 con la canci\u00f3n\u00a0<em>Chida la borro.<\/em>\u00a0Despu\u00e9s de un par de c\u00f3vers, decide presentar sus propias canciones. En 2021 saca su primer Ep,\u00a0<em>Bolero Surrealista.<\/em><\/p>\n<\/div>\n<div class=\"col col2\">\n<p>\u201cHice una canci\u00f3n que se llam\u00f3\u00a0<em>De la nube,<\/em>\u00a0que no me gust\u00f3 tanto.\u00a0<em>Chida la borro<\/em>\u00a0la hice con mi arreglista, Juan Pedro Mac\u00edas, quien tambi\u00e9n es mi mentor y me contact\u00f3 con diferentes personas que me ayudaron a sonar m\u00e1s profesional. Con mi primer Ep me present\u00e9 al mundo, y en \u00e9l se nota mi compromiso para mostrar mi esencia.<\/p>\n<p><q>Mis composiciones est\u00e1n inspiradas en los boleros de anta\u00f1o. Tengo una alma vieja. De ni\u00f1o no me obligaban a escuchar a Los Panchos, lo hacia por gusto. Siento que las composiciones de antes est\u00e1n muy lindas y quise hacer eso, pero para mi generaci\u00f3n<\/q>, explic\u00f3\u00a0<em>El norte\u00f1o surrealista.<\/em><\/p>\n<p class=\"sumario\">Sic\u00f3logo de carrera<\/p>\n<p class=\"s-s\">Acompa\u00f1ado de su mascota, el gallo\u00a0<em>Bret\u00f3n,<\/em>\u00a0que, seg\u00fan el propio Dal\u00ed, es una de muchas que tiene, el m\u00fasico asegura que el surrealismo le cambio la vida y quiere compartir ese sentimiento.<\/p>\n<p>\u201cEstudi\u00e9 sicolog\u00eda, que me sirve para entender todo lo que pasa a mi alrededor; adem\u00e1s, cuestiono todo. Entonces, encuentro en el surrealismo ayuda para ver m\u00e1s all\u00e1 de esta realidad. Empec\u00e9 a hacer peque\u00f1os actos como cambiarme el nombre a Dal\u00ed \u2013admiro a Salvador Dal\u00ed, Fernando Arrabal y Alejandro Jodorowsky.\u00a0<q>Considero que debo de plasmar todo esto en mi proyecto musical. Mis mascotas tambi\u00e9n tiene nombres surrealistas. Todo esto causa buena impresi\u00f3n con el p\u00fablico y eso est\u00e1 muy ching\u00f3n<\/q>.<\/p>\n<\/div>\n<\/div>\n<div class=\"go gui\">\n<div class=\"go-up\"><\/div>\n<\/div>\n<\/div>\n<div id=\"taboola-below-content-thumbnails\" class=\" trc_related_container trc_spotlight_widget tbl-feed-container tbl-feed-frame-DIVIDER  render-late-effect\" data-feed-container-num=\"1\" data-feed-main-container-id=\"taboola-below-content-thumbnails\" data-parent-placement-name=\"Below Content Thumbnails\" data-pub-lang=\"es\">\n<div class=\" tbl-feed-header tbl-logo-right-position\">\n<div class=\"tbl-feed-header-logo\"><\/div>\n<\/div>\n<\/div>\n","protected":false},"excerpt":{"rendered":"<p>En\u00a0P\u00e1ramo m\u00edstico,\u00a0Dal\u00ed Mata mezcla sonidos de la sierra con rock y boleros El norte\u00f1o surrealista\u00a0posa con una de sus mascotas, el gallo\u00a0Bret\u00f3n. Israel Campos Mondrag\u00f3n La Jornada El compromiso con la m\u00fasica que tiene Dal\u00ed Mata Rinc\u00f3n (El Paso, Texas, 2000) se mezcla con el surrealismo en su nuevo Ep llamado\u00a0P\u00e1ramo m\u00edstico,\u00a0donde muestra\u00a0la sanaci\u00f3n que [&hellip;]<\/p>\n","protected":false},"author":249,"featured_media":28626,"comment_status":"open","ping_status":"closed","sticky":false,"template":"","format":"standard","meta":{"footnotes":""},"categories":[26],"tags":[],"class_list":["post-28625","post","type-post","status-publish","format-standard","has-post-thumbnail","hentry","category-mundo"],"_links":{"self":[{"href":"https:\/\/eloficiodehistoriar.com.mx\/index.php?rest_route=\/wp\/v2\/posts\/28625","targetHints":{"allow":["GET"]}}],"collection":[{"href":"https:\/\/eloficiodehistoriar.com.mx\/index.php?rest_route=\/wp\/v2\/posts"}],"about":[{"href":"https:\/\/eloficiodehistoriar.com.mx\/index.php?rest_route=\/wp\/v2\/types\/post"}],"author":[{"embeddable":true,"href":"https:\/\/eloficiodehistoriar.com.mx\/index.php?rest_route=\/wp\/v2\/users\/249"}],"replies":[{"embeddable":true,"href":"https:\/\/eloficiodehistoriar.com.mx\/index.php?rest_route=%2Fwp%2Fv2%2Fcomments&post=28625"}],"version-history":[{"count":1,"href":"https:\/\/eloficiodehistoriar.com.mx\/index.php?rest_route=\/wp\/v2\/posts\/28625\/revisions"}],"predecessor-version":[{"id":28627,"href":"https:\/\/eloficiodehistoriar.com.mx\/index.php?rest_route=\/wp\/v2\/posts\/28625\/revisions\/28627"}],"wp:featuredmedia":[{"embeddable":true,"href":"https:\/\/eloficiodehistoriar.com.mx\/index.php?rest_route=\/wp\/v2\/media\/28626"}],"wp:attachment":[{"href":"https:\/\/eloficiodehistoriar.com.mx\/index.php?rest_route=%2Fwp%2Fv2%2Fmedia&parent=28625"}],"wp:term":[{"taxonomy":"category","embeddable":true,"href":"https:\/\/eloficiodehistoriar.com.mx\/index.php?rest_route=%2Fwp%2Fv2%2Fcategories&post=28625"},{"taxonomy":"post_tag","embeddable":true,"href":"https:\/\/eloficiodehistoriar.com.mx\/index.php?rest_route=%2Fwp%2Fv2%2Ftags&post=28625"}],"curies":[{"name":"wp","href":"https:\/\/api.w.org\/{rel}","templated":true}]}}