{"id":28629,"date":"2022-07-25T09:28:29","date_gmt":"2022-07-25T15:28:29","guid":{"rendered":"https:\/\/eloficiodehistoriar.com.mx\/?p=28629"},"modified":"2022-07-25T09:28:29","modified_gmt":"2022-07-25T15:28:29","slug":"se-inauguro-en-uruapan-un-centro-cultural-nuevo-bastion-del-arte-y-la-cultura-en-michoacan","status":"publish","type":"post","link":"https:\/\/eloficiodehistoriar.com.mx\/?p=28629","title":{"rendered":"Se inaugur\u00f3 en Uruapan, un centro cultural, nuevo basti\u00f3n del arte y la cultura en Michoac\u00e1n"},"content":{"rendered":"<h1 class=\"ljs-merri\">Donde todo florece: El Centro Cultural F\u00e1brica San Pedro<\/h1>\n<p><span class=\"sem-autor\">Germaine G\u00f3mez Haro<\/span><\/p>\n<div id=\"carouselSemControls\" class=\"carousel slide\" data-ride=\"carousel\">\n<div class=\"carousel-inner\">\n<div class=\"carousel-item active\">\n<div class=\"ljs-nota-img\">\n<p class=\"ljs-nota-pie\">Exposici\u00f3n Punto de partida. Moda, tramas y textiles<\/p>\n<\/div>\n<\/div>\n<\/div>\n<\/div>\n<div class=\"ljs-nota-descripcion\">Recientemente se inaugur\u00f3 en la ciudad de Uruapan, Michoac\u00e1n, un centro cultural que se perfila como el nuevo basti\u00f3n del arte y la cultura en la bella regi\u00f3n michoacana, en s\u00ed, una de las m\u00e1s ricas de nuestro pa\u00eds en cuanto a la tradici\u00f3n gastron\u00f3mica y artesanal. Esto ha sido posible gracias al empe\u00f1o y generosidad de la Fundaci\u00f3n Javier Mar\u00edn, creada en 2013 por iniciativa del artista pl\u00e1stico Javier Mar\u00edn (Uruapan, 1962), para promover causas altruistas y proyectos de impacto comunitario para la transformaci\u00f3n y fortalecimiento del tejido social. Hoy, la Fundaci\u00f3n ha dado nueva vida al soberbio edificio decimon\u00f3nico que alberg\u00f3 la antigua F\u00e1brica de Hilados y Tejidos de San Pedro en la ribera del r\u00edo Cupatitzio, en su momento una de las m\u00e1s importantes industrias textileras de nuestro pa\u00eds. Conversamos con Javier Mar\u00edn y la curadora Ana Elena Mallet sobre este audaz y muy loable proyecto que, sin duda, marcar\u00e1 historia.<\/div>\n<div class=\"ljs-nota-cuerpo\">\n<p>&nbsp;<\/p>\n<p>Javier Mar\u00edn (JM): Mi primera intenci\u00f3n al regresar hace cinco a\u00f1os a Uruapan, mi pueblo natal, fue ponerlo en el mapa con noticias buenas, positivas, que contrapesaran el discurso amarillista de la prensa que s\u00f3lo se ha dedicado a estigmatizarlo de una manera injusta. Es cierto que existe violencia, pero yo estoy convencido de que desde lo creativo se puede generar un cambio, incidir en temas sociales que a todos nos duelen. Comenzamos a organizar exposiciones en el edificio abandonado de la F\u00e1brica de San Pedro, que ya estaba casi abandonada, y entre 2017 y 2020 tuvimos cerca de 36 mil visitantes. Tanteamos a la gente para ver qu\u00e9 tanto era viable comprometerse a hacer algo en grande y todo el mundo respondi\u00f3 incre\u00edble, con ganas de sumarse, y eso nos anim\u00f3 a seguir adelante. En 2020 surgi\u00f3 la posibilidad de que el Ayuntamiento comprara el edificio y se firm\u00f3 con la Fundaci\u00f3n un contrato de usufructo para la creaci\u00f3n y operaci\u00f3n de un centro cultural p\u00fablico. No nos detuvimos ni con la pandemia y actualmente seguimos trabajando en la transformaci\u00f3n de las antiguas bodegas de algod\u00f3n que Mauricio Rocha va a transformar en residencias y talleres, siendo uno de los arquitectos que mejor ha entendido la intervenci\u00f3n de edificios hist\u00f3ricos, como el exconvento de San Pablo en Oaxaca, hoy tambi\u00e9n centro cultural. En la nave principal inauguramos nuestra primera entrega: la exposici\u00f3n\u00a0<i>Punto de partida. Modas, tramas y textiles<\/i>, curada por la especialista en dise\u00f1o Ana Elena Mallet.<\/p>\n<p>Ana Elena Mallet (AEM): En los a\u00f1os ochenta del siglo pasado la familia Isley recuper\u00f3 la f\u00e1brica textil que se construy\u00f3 en el XIX en este edificio y mont\u00f3 los Telares Uruapan. Lo que a m\u00ed me interes\u00f3 cuando Javier me invit\u00f3 a sumarme al proyecto fue recuperar esa historia de dise\u00f1o que nunca se perdi\u00f3, entender el papel de Uruapan como centro textil vivo y seguir hilando a partir de esos hilos que ya exist\u00edan. Poca gente sabe que la cambaya de algod\u00f3n se produjo en Uruapan desde \u00e9pocas prehisp\u00e1nicas y que este ha sido un importante centro textil desde entonces. Esta exposici\u00f3n es una met\u00e1fora de que aqu\u00ed vamos a construir a partir del lienzo en blanco; partimos de esta idea e invitamos a cincuenta dise\u00f1adores de cuatro generaciones distintas y de diferentes estados de la rep\u00fablica a hacer confecciones en manta de algod\u00f3n, en alusi\u00f3n a la que se hac\u00eda en territorio pur\u00e9pecha desde antes del virreinato. Son ciento cincuenta piezas de creadores j\u00f3venes y reconocidos que presentan una diversidad de estilos, una suerte de mapeo de lo que est\u00e1 pasando en el dise\u00f1o de moda en nuestro pa\u00eds. Javier dise\u00f1\u00f3 el montaje y la museograf\u00eda, que es una especie<br \/>\nde instalaci\u00f3n que respeta la belleza de la nave central.<\/p>\n<p>Paralelo a la grandiosa exhibici\u00f3n de dise\u00f1adores de moda que crea un efecto alucinante en la portentosa nave hip\u00f3stila, se presenta la muestra\u00a0<i>Telares de Uruapan, hilando un legado<\/i>, un registro documental de la investigaci\u00f3n sobre la historia textil en Uruapan en la que vemos la importancia que tuvo la F\u00e1brica de Hilados y Tejidos de San Pedro con la creaci\u00f3n de Telares Uruapan, cuyo auge desde los a\u00f1os sesenta hasta los ochenta atrajo a personalidades y marcas de dise\u00f1o internacionales tan connotadas como Fred y Barbara Meiers, Herman Miller y Alexander Girard, Knoll, Josefa, entre otros.<\/p>\n<p>La Fundaci\u00f3n Javier Mar\u00edn, a cargo de Estefan\u00eda \u00c1ngeles y la galer\u00eda Terreno Bald\u00edo, dirigida por Eduardo Mier y Ter\u00e1n, gestionar\u00e1n proyectos de arte y dise\u00f1o contempor\u00e1neo que se presentar\u00e1n en este espacio de entrada gratuita para todo p\u00fablico. El tema de la cocina mexicana tambi\u00e9n tendr\u00e1 un lugar primordial en este proyecto. No hay que olvidar que la gastronom\u00eda mexicana fue declarada Patrimonio Cultural Inmaterial de la Humanidad por la UNESCO con base en el Expediente Michoacano, por el hecho de considerarse esta regi\u00f3n la cuna de la cocina tradicional.<\/p>\n<p>\u2013JM: Este cerco imaginario que se ha generado alrededor de Michoac\u00e1n no ha permitido que mucho de lo que sucede aqu\u00ed se conozca. La idea es que la gente que venga pueda entender lo que est\u00e1 pasando a nivel local y podamos generar intercambios con las comunidades, con los artistas y con las cocineras tradicionales, pero tambi\u00e9n con los cocineros locales que han captado c\u00f3mo se est\u00e1 moviendo la gastronom\u00eda a nivel internacional con propuestas novedosas y productos tambi\u00e9n locales como el aguacate. Para ello se organizar\u00e1n talleres colaborativos, encuentros y eventos de gastronom\u00eda mexicana; tambi\u00e9n se contempla la creaci\u00f3n de un restaurante. Uno de los retos es hacer de este centro cultural un espacio autosustentable a trav\u00e9s de distintas iniciativas, entre ellas la comercializaci\u00f3n de objetos creados por artesanos, artistas y dise\u00f1adores que ya est\u00e1n a la venta en la tienda La Colmena.<\/p>\n<p>Otro aspecto fundamental de este Centro es la implementaci\u00f3n de un programa de talleres que ya dio inicio con el Laboratorio de Tintes Naturales aplicados al Textil, impartido por la dise\u00f1adora Maddalena Forcella, y el Diplomado en Dise\u00f1o Colaborativo a cargo del doctor Luis Equihua. Sobre esto nos comenta Lourdes B\u00e1ez, Coordinadora de Programas Educativos y Culturales de la Fundaci\u00f3n Javier Mar\u00edn:<\/p>\n<p>\u2013Una de las estrategias que hemos planteado para activar el dispositivo dise\u00f1o-arte-comunidad, son las estancias temporales de destacados e innovadores creadores que buscan abrir la conversaci\u00f3n entre el rico legado contenido en la memoria y el patrimonio tangible y\/o simb\u00f3lico de la creaci\u00f3n michoacana, y las propuestas contempor\u00e1neas m\u00e1s vanguardistas y disruptivas de M\u00e9xico y el mundo, en la b\u00fasqueda de experiencias cognitivas y producciones de alta calidad, privilegiando el intercambio de saberes y la construcci\u00f3n de redes solidarias y resilientes que pongan en el centro a las comunidades michoacanas. Este\u00a0<i>Punto de partida<\/i>\u00a0ha sido ante todo un ejercicio de alegr\u00eda y creaci\u00f3n colaborativa en muchos<br \/>\nsentidos; a la iniciativa de la Fundaci\u00f3n Javier Mar\u00edn se han sumado la UNAM a trav\u00e9s de la Facultad de Arquitectura y el CIDI, Casa Lamm, el Instituto de Artesan\u00edas de Michoac\u00e1n y el Museo de Artes e Industrias Populares de Michoac\u00e1n (INAH), quienes han brindado el soporte econ\u00f3mico y log\u00edstico a trav\u00e9s de enlaces y fondos de becas que han permitido la presencia de un importante n\u00famero de artesanos de distintas partes del estado.<\/p>\n<p>El Centro Cultural F\u00e1brica de San Pedro se erige como un faro de la cultura que detonar\u00e1 un cambio en la poblaci\u00f3n local y atraer\u00e1 a propios y extra\u00f1os a conocer o redescubrir Uruapan, paraje de profunda riqueza pur\u00e9pecha antiguamente conocido como el Lugar donde todo florece. Enhorabuena a la Fundaci\u00f3n Javier Mar\u00edn por hacer florecer la cultura en tierras siempre f\u00e9rtiles que no sucumben ante las calamidades.<\/p>\n<p>&nbsp;<\/p>\n<\/div>\n","protected":false},"excerpt":{"rendered":"<p>Donde todo florece: El Centro Cultural F\u00e1brica San Pedro Germaine G\u00f3mez Haro Exposici\u00f3n Punto de partida. Moda, tramas y textiles Recientemente se inaugur\u00f3 en la ciudad de Uruapan, Michoac\u00e1n, un centro cultural que se perfila como el nuevo basti\u00f3n del arte y la cultura en la bella regi\u00f3n michoacana, en s\u00ed, una de las m\u00e1s [&hellip;]<\/p>\n","protected":false},"author":249,"featured_media":28630,"comment_status":"open","ping_status":"closed","sticky":false,"template":"","format":"standard","meta":{"footnotes":""},"categories":[26],"tags":[],"class_list":["post-28629","post","type-post","status-publish","format-standard","has-post-thumbnail","hentry","category-mundo"],"_links":{"self":[{"href":"https:\/\/eloficiodehistoriar.com.mx\/index.php?rest_route=\/wp\/v2\/posts\/28629","targetHints":{"allow":["GET"]}}],"collection":[{"href":"https:\/\/eloficiodehistoriar.com.mx\/index.php?rest_route=\/wp\/v2\/posts"}],"about":[{"href":"https:\/\/eloficiodehistoriar.com.mx\/index.php?rest_route=\/wp\/v2\/types\/post"}],"author":[{"embeddable":true,"href":"https:\/\/eloficiodehistoriar.com.mx\/index.php?rest_route=\/wp\/v2\/users\/249"}],"replies":[{"embeddable":true,"href":"https:\/\/eloficiodehistoriar.com.mx\/index.php?rest_route=%2Fwp%2Fv2%2Fcomments&post=28629"}],"version-history":[{"count":1,"href":"https:\/\/eloficiodehistoriar.com.mx\/index.php?rest_route=\/wp\/v2\/posts\/28629\/revisions"}],"predecessor-version":[{"id":28631,"href":"https:\/\/eloficiodehistoriar.com.mx\/index.php?rest_route=\/wp\/v2\/posts\/28629\/revisions\/28631"}],"wp:featuredmedia":[{"embeddable":true,"href":"https:\/\/eloficiodehistoriar.com.mx\/index.php?rest_route=\/wp\/v2\/media\/28630"}],"wp:attachment":[{"href":"https:\/\/eloficiodehistoriar.com.mx\/index.php?rest_route=%2Fwp%2Fv2%2Fmedia&parent=28629"}],"wp:term":[{"taxonomy":"category","embeddable":true,"href":"https:\/\/eloficiodehistoriar.com.mx\/index.php?rest_route=%2Fwp%2Fv2%2Fcategories&post=28629"},{"taxonomy":"post_tag","embeddable":true,"href":"https:\/\/eloficiodehistoriar.com.mx\/index.php?rest_route=%2Fwp%2Fv2%2Ftags&post=28629"}],"curies":[{"name":"wp","href":"https:\/\/api.w.org\/{rel}","templated":true}]}}