{"id":28632,"date":"2022-07-25T09:33:21","date_gmt":"2022-07-25T15:33:21","guid":{"rendered":"https:\/\/eloficiodehistoriar.com.mx\/?p=28632"},"modified":"2022-07-25T09:34:03","modified_gmt":"2022-07-25T15:34:03","slug":"orlando-mondragon-es-medico-cirujano-ganador-del-iv-premio-de-poesia-joven-alejandro-aura","status":"publish","type":"post","link":"https:\/\/eloficiodehistoriar.com.mx\/?p=28632","title":{"rendered":"Orlando Mondrag\u00f3n es m\u00e9dico cirujano ganador del IV Premio de Poes\u00eda Joven Alejandro Aura"},"content":{"rendered":"<h1 class=\"ljs-merri\">Literatura y medicina:<\/h1>\n<h1 class=\"ljs-merri\">La palabra que cura<\/h1>\n<h1 class=\"ljs-merri\">Entrevista con Orlando Mondrag\u00f3n<\/h1>\n<p><span class=\"sem-autor\">Sebasti\u00e1n L\u00f3pez<\/span><\/p>\n<div id=\"carouselSemControls\" class=\"carousel slide\" data-ride=\"carousel\">\n<div class=\"carousel-inner\">\n<div class=\"carousel-item active\">\n<div class=\"ljs-nota-img\">\n<p class=\"ljs-nota-pie\">\n<\/div>\n<\/div>\n<\/div>\n<\/div>\n<div class=\"ljs-nota-descripcion\">Orlando Mondrag\u00f3n (Ciudad Altamirano, Guerrero, 1993) es m\u00e9dico cirujano egresado de la UAM-Xochimilco. Ha sido ganador del IV Premio de Poes\u00eda Joven Alejandro Aura por Epicedio al padre (Elefanta Editorial, 2017), su primer poemario. Recientemente fue galardonado con el Premio Internacional de Poes\u00eda Fundaci\u00f3n Loewe 2021, debido a su segunda colecci\u00f3n po\u00e9tica: Cuadernos de patolog\u00eda humana.<\/div>\n<div class=\"ljs-nota-cuerpo\">\n<p>&nbsp;<\/p>\n<p>\u2013<b>En la literatura tenemos a grandes escritores que fueron m\u00e9dicos; sin embargo, destaco al estadunidense John Keats, debido a la edad temprana (cercana a la tuya) con la que inici\u00f3 su profesi\u00f3n como doctor y a su vez como poeta. \u00bfTu amor por la poes\u00eda inici\u00f3 a la par de tu pasi\u00f3n m\u00e9dica?<\/b><\/p>\n<p>\u2013Nacieron de forma simult\u00e1nea y han crecido de forma m\u00e1s o menos sim\u00e9trica. Son dos partes de un mismo \u00e1rbol. La poes\u00eda crece hacia el sol y busca en el aire sus nutrientes; la medicina me ancla a la tierra. Ambas son un espejo de la otra. Aunque quiz\u00e1 sea al rev\u00e9s: quiz\u00e1 es la poes\u00eda la que crece en lo oscuro.<\/p>\n<p>&nbsp;<\/p>\n<p>\u2013<b>Has mencionado que \u201cla palabra sana\u201d, pero tambi\u00e9n considero que \u201cla palabra destruye\u201d. En\u00a0<\/b><i><b>Cuadernos de patolog\u00eda humana<\/b><\/i><b>\u00a0hay un retrato por los diferentes procesos que has vivido y compartido. \u00bfC\u00f3mo logras conectar con tu voz po\u00e9tica y a la vez con tu sensibilidad cl\u00ednica?<\/b><\/p>\n<p>\u2013Concuerdo contigo. La palabra es como la sangre de la Medusa que le otorgaron a Asclepio: la que manaba del lado izquierdo del cuello era un veneno mortal; la del lado derecho ten\u00eda el poder de resucitar. El poder del lenguaje reside en esta dualidad confrontada. Escribir\u00a0<i>Cuadernos&#8230;\u00a0<\/i>fue un camino lleno de tropiezos, un ejercicio de honestidad. Me descubr\u00ed pensando y sintiendo cosas que me negaba a verbalizar en mi vida cotidiana. Tal vez tenga que ver con que la poes\u00eda es un espacio de libertad. El m\u00e9dico y el poeta tienen la misma voz, la misma sensibilidad. Uno le pide prestado herramientas al otro.<\/p>\n<p>&nbsp;<\/p>\n<p>\u2013<b>\u00bfEn qu\u00e9 punto te diste cuenta de que una ciencia como la m\u00e9dica puede transmitirse a trav\u00e9s del lenguaje de los sentimientos?<\/b><\/p>\n<p>\u2013Por eso mismo eleg\u00ed a la psiquiatr\u00eda como mi especialidad. La literatura es la historia del pensamiento y la emoci\u00f3n; la psiquiatr\u00eda estudia las anomal\u00edas del pensamiento y la emoci\u00f3n. Adem\u00e1s, no creo que la ciencia y la poes\u00eda sean tan distantes. Elisa D\u00edaz Castelo afirma que estas dos disciplinas comparten en su origen una misma ra\u00edz: el asombro y la curiosidad; no podr\u00eda estar m\u00e1s de acuerdo.<\/p>\n<p>&nbsp;<\/p>\n<p>\u2013<b>\u00bfC\u00f3mo exploraste los diferentes cuerpos que atendiste en las diversas secciones que conforman tu poemario?<\/b><\/p>\n<p>\u2013Tomando en cuenta siempre la realidad de mi propio cuerpo. Cada abdomen que se palpa se hace con el tacto que mi propio cuerpo le exigir\u00eda a otro. Finalmente, somos nuestro cuerpo. Desde este espacio medimos y filtramos las experiencias del mundo. Dec\u00eda Jos\u00e9 Watanabe: la vida es f\u00edsica.<\/p>\n<p>&nbsp;<\/p>\n<p>\u2013<b>Tanto tu primer poemario como este \u00faltimo abordan el dolor desde la vista m\u00e9dica; no obstante, \u00bfen alg\u00fan punto pensaste en otra manera de contarlo?<\/b><\/p>\n<p>\u2013En\u00a0<i>Epicedio<\/i>\u00a0m\u00e1s que el m\u00e9dico, habla el hijo. La premisa era otra: buscar en la palabra la conciliaci\u00f3n de un padre y un hijo distanciados por el machismo y la homofobia. Quise hacerlo desde la poes\u00eda porque es el g\u00e9nero que necesitaba en ese momento, el \u00fanico que pod\u00eda sostener y admitir la contradicci\u00f3n desde la que escrib\u00eda: el amor hacia mi padre, pero tambi\u00e9n el enojo.<\/p>\n<p>&nbsp;<\/p>\n<p>\u2013<b>Margo Glantz escribi\u00f3 que \u201c<\/b><i><b>Cuadernos de patolog\u00eda humana<\/b><\/i><b>\u00a0es un diario m\u00e9dico preciso y ordenado\u201d. \u00bfLo pensaste de esta manera cuando diste comienzo al proyecto?<\/b><\/p>\n<p>\u2013Ten\u00eda dos cosas claras: la primera, era que quer\u00eda darle la voz po\u00e9tica a un m\u00e9dico; la segunda era dar cuenta de una noche de guardia. Puede leerse como un diario, pero tambi\u00e9n como una especie de bit\u00e1cora o caja negra, es decir, la parte que se salv\u00f3 del naufragio.<\/p>\n<p>&nbsp;<\/p>\n<p>\u2013<b>\u00bfEscribiste estos apuntes pensando en un lector que tenga un conocimiento sobre el lenguaje m\u00e9dico o un lector m\u00e1s general?<\/b><\/p>\n<p>\u2013Pens\u00e9 en ambos. Quise hacer un libro en el que los colegas m\u00e9dicos encontraran gui\u00f1os a nuestra profesi\u00f3n y un poemario que le abriera las puertas al lector de poes\u00eda al lenguaje abigarrado y arcaico de la medicina. Quiz\u00e1 fui un poco ambicioso y ninguna de estas cosas se logr\u00f3.<\/p>\n<p>&nbsp;<\/p>\n<p>\u2013<b>\u00bfCu\u00e1les fueron tus principales influencias para encontrar la vertiente de tus dos poemarios?<\/b><\/p>\n<p>\u2013Fueron muchas y distintas. Cada libro tiene sus poetas tutelares. En el caso de\u00a0<i>Cuadernos&#8230;\u00a0<\/i>fueron Gottfried Benn, William Carlos Williams, Antonio Lobo Antunes, Mar\u00eda Auxiliadora \u00c1lvarez, Chantal Maillard, Olvido Garc\u00eda Vald\u00e9s, Charles Simic, Pascal Quignard, T.S. Eliot y H\u00e9ctor Viel Temperley.<\/p>\n<p>&nbsp;<\/p>\n<p>\u2013<b>\u00bfQu\u00e9 dificultades enfrentaste a la hora de encontrarte con tu \u201cyo\u201d en cada verso?<\/b><\/p>\n<p>\u2013Las que tengo a la hora de escribir: las resistencias que tengo para verme con todos mis claroscuros y esa voz que me increpa:\u00a0<i>\u00bfpara qu\u00e9?, \u00bfest\u00e1s seguro?<\/i><\/p>\n<p>&nbsp;<\/p>\n<p>\u2013<b>\u00bfPlaneas hacer un proyecto literario alrededor de la rama psiqui\u00e1trica que\u00a0<\/b><i><b>Epicedio<\/b><\/i><b>\u00a0ya ha<\/b><\/p>\n<p><b>explorado?<\/b><\/p>\n<p>\u2013Me gustar\u00eda, pero no desde la poes\u00eda, sino desde el ensayo o la divulgaci\u00f3n cient\u00edfica.<\/p>\n<p>&nbsp;<\/p>\n<p>&nbsp;<\/p>\n<\/div>\n","protected":false},"excerpt":{"rendered":"<p>Literatura y medicina: La palabra que cura Entrevista con Orlando Mondrag\u00f3n Sebasti\u00e1n L\u00f3pez Orlando Mondrag\u00f3n (Ciudad Altamirano, Guerrero, 1993) es m\u00e9dico cirujano egresado de la UAM-Xochimilco. Ha sido ganador del IV Premio de Poes\u00eda Joven Alejandro Aura por Epicedio al padre (Elefanta Editorial, 2017), su primer poemario. Recientemente fue galardonado con el Premio Internacional de [&hellip;]<\/p>\n","protected":false},"author":249,"featured_media":28633,"comment_status":"open","ping_status":"closed","sticky":false,"template":"","format":"standard","meta":{"footnotes":""},"categories":[26],"tags":[],"class_list":["post-28632","post","type-post","status-publish","format-standard","has-post-thumbnail","hentry","category-mundo"],"_links":{"self":[{"href":"https:\/\/eloficiodehistoriar.com.mx\/index.php?rest_route=\/wp\/v2\/posts\/28632","targetHints":{"allow":["GET"]}}],"collection":[{"href":"https:\/\/eloficiodehistoriar.com.mx\/index.php?rest_route=\/wp\/v2\/posts"}],"about":[{"href":"https:\/\/eloficiodehistoriar.com.mx\/index.php?rest_route=\/wp\/v2\/types\/post"}],"author":[{"embeddable":true,"href":"https:\/\/eloficiodehistoriar.com.mx\/index.php?rest_route=\/wp\/v2\/users\/249"}],"replies":[{"embeddable":true,"href":"https:\/\/eloficiodehistoriar.com.mx\/index.php?rest_route=%2Fwp%2Fv2%2Fcomments&post=28632"}],"version-history":[{"count":2,"href":"https:\/\/eloficiodehistoriar.com.mx\/index.php?rest_route=\/wp\/v2\/posts\/28632\/revisions"}],"predecessor-version":[{"id":28635,"href":"https:\/\/eloficiodehistoriar.com.mx\/index.php?rest_route=\/wp\/v2\/posts\/28632\/revisions\/28635"}],"wp:featuredmedia":[{"embeddable":true,"href":"https:\/\/eloficiodehistoriar.com.mx\/index.php?rest_route=\/wp\/v2\/media\/28633"}],"wp:attachment":[{"href":"https:\/\/eloficiodehistoriar.com.mx\/index.php?rest_route=%2Fwp%2Fv2%2Fmedia&parent=28632"}],"wp:term":[{"taxonomy":"category","embeddable":true,"href":"https:\/\/eloficiodehistoriar.com.mx\/index.php?rest_route=%2Fwp%2Fv2%2Fcategories&post=28632"},{"taxonomy":"post_tag","embeddable":true,"href":"https:\/\/eloficiodehistoriar.com.mx\/index.php?rest_route=%2Fwp%2Fv2%2Ftags&post=28632"}],"curies":[{"name":"wp","href":"https:\/\/api.w.org\/{rel}","templated":true}]}}