{"id":28639,"date":"2022-07-25T09:40:32","date_gmt":"2022-07-25T15:40:32","guid":{"rendered":"https:\/\/eloficiodehistoriar.com.mx\/?p=28639"},"modified":"2022-07-25T09:40:32","modified_gmt":"2022-07-25T15:40:32","slug":"todos-los-idiomas-han-aportado-su-granito-de-arena-a-la-globalizacion-del-entendimiento-humano","status":"publish","type":"post","link":"https:\/\/eloficiodehistoriar.com.mx\/?p=28639","title":{"rendered":"Todos los idiomas han aportado su granito de arena a la globalizaci\u00f3n del entendimiento humano"},"content":{"rendered":"<h1 class=\"ljs-merri\">Cartas desde Alemania<\/h1>\n<p><span class=\"sem-autor\">Rica<\/span><\/p>\n<div class=\"ljs-nota-descripcion\">Un Para\u00edso imposible<\/div>\n<div><\/div>\n<div class=\"ljs-nota-cuerpo\">\n<p>Todos los idiomas han aportado su granito de arena a la globalizaci\u00f3n del entendimiento humano. No hablemos del griego, el lat\u00edn y el \u00e1rabe, los grandes proveedores de palabras universales: ecum\u00e9nico, ley, \u00e1lgebra. Hablemos en cambio del castellano, que siempre tengo presente cuando los locutores de los informativos alemanes dicen, en alem\u00e1n, que una \u201cJunta\u201d se hizo cargo del poder tras un golpe militar. Y hablemos del alem\u00e1n, con su met\u00e1fora ideal de la guerra rel\u00e1mpago, la\u00a0<i>Blitzkrieg<\/i>. O del franc\u00e9s, al que debemos la universalidad del palabra restaurante. O del checo, de donde procede la palabra robot. O del italiano, padre del\u00a0<i>graffiti<\/i>. O del neerland\u00e9s, gracias al cual nombramos babor y estribor, respectivamente, a los lados izquierdo y derecho de los barcos. Y sin necesidad ninguna de mencionar el ingl\u00e9s, cuya preeminencia no es poquita cosa, hablemos del japon\u00e9s, pues hay varias palabras niponas que son universales: judo, harakiri, kamikaze, para no decir sino tres. La tercera de ellas es la que lamentablemente goza de mayor actualidad y m\u00e1s difundido conocimiento. En la escalada de su confrontaci\u00f3n con Occidente, el islam pas\u00f3 de la intifada palestina al kamikaze internacional.<\/p>\n<p>Precisar\u00e9 que el vocablo kamikaze significa literalmente \u201cviento divino\u201d y designa aquel viento m\u00edtico desencadenado por los dioses japoneses en el a\u00f1o 1281, contra la flota chino-t\u00e1rtara que pretend\u00eda conquistar el Imperio del Sol Naciente. A partir del 17 de mayo de 1944, sin embargo, cuando el comandante Katushiga se estrell\u00f3 deliberada y suicidamente con su avi\u00f3n contra un destructor de la US Navy, kamikaze designa al hombre que se inmola por una causa, destruyendo o tratando de destruir al enemigo de ella.<\/p>\n<p>En el caso de los musulmanes sucede que el kamikaze dizque tiene garantizado el Para\u00edso, de tal manera que acude a la cita de la muerte con toda deliberaci\u00f3n, hasta contento. Pero habr\u00e1n notado que dije \u201cdizque\u201d, y no puedo por menos de a\u00f1adir que lo hice por mi cuenta y raz\u00f3n, ya que el Cor\u00e1n condena de manera taxativa el suicidio. Ahora bien, es evidente que la hermen\u00e9utica, tanto en la religi\u00f3n musulmana como en cualquier otra, est\u00e1 siempre lista a la hora de sacar conejos del sombrero de copa. Por lo que se refiere a la religi\u00f3n de Jes\u00fas el Nazareno, basta pensar en el cerebro retorcido que invent\u00f3 la Inquisici\u00f3n.<\/p>\n<p>Dicho de otro modo: ustedes pueden encontrar una legi\u00f3n de te\u00f3logos musulmanes que, pese a la condena del suicidio por el Cor\u00e1n, dispondr\u00e1n de todos los argumentos posibles para justificar los atentados kamikazes. Y es evidente que hallan un terreno abonado en la juventud desesperada y desorientada; la recluta de suicidas voluntarios no es problema para los se\u00f1ores de la guerra. Pero ya se sabe que Dios escribe derecho con renglones torcidos, y es ello lo que me lleva a contarles una historia ver\u00eddica ante cuyo desenlace uno no sabe bien si echarse a re\u00edr o<br \/>\na llorar.<\/p>\n<p>Les cuento: esta es la historia de un kamikaze palestino, M.S. Los explosivos que llevaba atados a su cuerpo no explotaron cuando los hizo detonar, s\u00f3lo explot\u00f3 el detonador y M.S. perdi\u00f3 el conocimiento a resultas de ello. Cuando recuper\u00f3 el sentido se encontraba en un hospital, pero \u00e9l cre\u00eda firmemente que hab\u00eda muerto y ya estaba en el Para\u00edso. Nada de lo que le dec\u00edan, nada de lo que le preguntaban, ninguno de los objetos que le mostraban, nada lograba sacarlo de esa convicci\u00f3n. Hasta que uno de los oficiales que lo interrogaban le pregunt\u00f3: \u201c\u00bfAs\u00ed pues, tambi\u00e9n hay israel\u00edes en tu Para\u00edso?\u201d<\/p>\n<p>Reci\u00e9n entonces empez\u00f3 a comprender M.S.: ojal\u00e1 nadie le hable nunca del 28.\u00ba canto de la\u00a0<i>Comedia<\/i>\u00a0del Dante, donde se describen los suplicios que padecen los condenados al noveno foso del octavo c\u00edrculo del Infierno, entre ellos su profeta Mahoma. Y es que todos los para\u00edsos y los infiernos est\u00e1n hechos a la medida del ser humano, y hasta un grandioso poeta como el Dante ten\u00eda sus cuentas pendientes con amigos y enemigos: en el fondo, la\u00a0<i>Comedia<\/i>\u00a0es una factura.<\/p>\n<p>&nbsp;<\/p>\n<\/div>\n","protected":false},"excerpt":{"rendered":"<p>Cartas desde Alemania Rica Un Para\u00edso imposible Todos los idiomas han aportado su granito de arena a la globalizaci\u00f3n del entendimiento humano. No hablemos del griego, el lat\u00edn y el \u00e1rabe, los grandes proveedores de palabras universales: ecum\u00e9nico, ley, \u00e1lgebra. Hablemos en cambio del castellano, que siempre tengo presente cuando los locutores de los informativos [&hellip;]<\/p>\n","protected":false},"author":249,"featured_media":28640,"comment_status":"open","ping_status":"closed","sticky":false,"template":"","format":"standard","meta":{"footnotes":""},"categories":[26],"tags":[],"class_list":["post-28639","post","type-post","status-publish","format-standard","has-post-thumbnail","hentry","category-mundo"],"_links":{"self":[{"href":"https:\/\/eloficiodehistoriar.com.mx\/index.php?rest_route=\/wp\/v2\/posts\/28639","targetHints":{"allow":["GET"]}}],"collection":[{"href":"https:\/\/eloficiodehistoriar.com.mx\/index.php?rest_route=\/wp\/v2\/posts"}],"about":[{"href":"https:\/\/eloficiodehistoriar.com.mx\/index.php?rest_route=\/wp\/v2\/types\/post"}],"author":[{"embeddable":true,"href":"https:\/\/eloficiodehistoriar.com.mx\/index.php?rest_route=\/wp\/v2\/users\/249"}],"replies":[{"embeddable":true,"href":"https:\/\/eloficiodehistoriar.com.mx\/index.php?rest_route=%2Fwp%2Fv2%2Fcomments&post=28639"}],"version-history":[{"count":1,"href":"https:\/\/eloficiodehistoriar.com.mx\/index.php?rest_route=\/wp\/v2\/posts\/28639\/revisions"}],"predecessor-version":[{"id":28641,"href":"https:\/\/eloficiodehistoriar.com.mx\/index.php?rest_route=\/wp\/v2\/posts\/28639\/revisions\/28641"}],"wp:featuredmedia":[{"embeddable":true,"href":"https:\/\/eloficiodehistoriar.com.mx\/index.php?rest_route=\/wp\/v2\/media\/28640"}],"wp:attachment":[{"href":"https:\/\/eloficiodehistoriar.com.mx\/index.php?rest_route=%2Fwp%2Fv2%2Fmedia&parent=28639"}],"wp:term":[{"taxonomy":"category","embeddable":true,"href":"https:\/\/eloficiodehistoriar.com.mx\/index.php?rest_route=%2Fwp%2Fv2%2Fcategories&post=28639"},{"taxonomy":"post_tag","embeddable":true,"href":"https:\/\/eloficiodehistoriar.com.mx\/index.php?rest_route=%2Fwp%2Fv2%2Ftags&post=28639"}],"curies":[{"name":"wp","href":"https:\/\/api.w.org\/{rel}","templated":true}]}}