{"id":28645,"date":"2022-07-25T09:48:13","date_gmt":"2022-07-25T15:48:13","guid":{"rendered":"https:\/\/eloficiodehistoriar.com.mx\/?p=28645"},"modified":"2022-07-25T09:48:13","modified_gmt":"2022-07-25T15:48:13","slug":"cuarto-oscuro-es-una-farsa-delirante-y-erotica-que-con-musica-clown-y-burlesque","status":"publish","type":"post","link":"https:\/\/eloficiodehistoriar.com.mx\/?p=28645","title":{"rendered":"\u00abCuarto oscuro\u00bb\u00a0es una farsa delirante y er\u00f3tica que, con m\u00fasica,\u00a0clown\u00a0y burlesque"},"content":{"rendered":"<div id=\"article-cont\" class=\"main-cont article-cont actuality\">\n<div class=\"cabeza\"><em>Cuarto oscuro<\/em>\u00a0es una fantas\u00eda que con m\u00fasica,\u00a0<em>clown<\/em>\u00a0y burlesque lleva a un viaje por los m\u00e1s \u00edntimos deseos<\/div>\n<div class=\"sumarios\">\n<p>El espect\u00e1culo est\u00e1 inspirado en la estructura del cabaret berlin\u00e9s, explican<\/p>\n<\/div>\n<div id=\"article-text\" class=\"text\">\n<div class=\"foto\">\n<div class=\"pie-foto\">El Teatro Sergio Maga\u00f1a ser\u00e1 el escenario de la pieza, que tendr\u00e1 funciones del 11 al 21 de agosto.<\/div>\n<div><\/div>\n<\/div>\n<div class=\"col col1\">\n<div class=\"credito-autor\">De La Redacci\u00f3n<\/div>\n<div class=\"credito-titulo\"><\/div>\n<div class=\"hemero\">La Jornada<\/p>\n<\/div>\n<p class=\"s-s\"><em>Cuarto oscuro<\/em>\u00a0es una farsa delirante y er\u00f3tica que, con m\u00fasica,\u00a0<em>clown<\/em>\u00a0y burlesque, lleva a un viaje de deseos hechos realidad. Este espect\u00e1culo surge de la necesidad de encontrar nuevos estilos en el cabaret a partir de la colaboraci\u00f3n de artistas de Tijuana y la Ciudad de M\u00e9xico.<\/p>\n<p>Las actuaciones de Lou Best, Erica Islas, Ariesna Gonz\u00e1lez y Malcolm M\u00e9ndez mostrar\u00e1n, se\u00f1alaron los productores,\u00a0<q>los m\u00e1s \u00edntimos y oscuros deseos que pueden llegar a tener los seres humanos, los cuales pueden ser inhibidos por la sociedad en la que vivimos<\/q>.<\/p>\n<p><em>Cuarto oscuro<\/em>\u00a0es un espect\u00e1culo de cabaret perform\u00e1tico que, a manera de\u00a0<em>showcase<\/em>\u00a0o de\u00a0<em>music hall,<\/em>\u00a0e inspirado en la estructura del cabaret berlin\u00e9s, va encadenando\u00a0<em>sketches<\/em>, n\u00fameros musicales y de burlesque que recrean un universo sensorial, on\u00edrico y absurdo, un espacio capaz de contener las contradicciones de nuestros deseos, las ambig\u00fcedades de las pulsiones humanas y las delicias de nuestras met\u00e1foras som\u00e1ticas.<\/p>\n<p class=\"sumario\">Criaturas a manera de alebrijes<\/p>\n<p class=\"s-s\">Los personajes que habitan este mundo, presentados por un maestro de ceremonias, son criaturas fabricadas a manera de alebrijes, mezcla de nuestras pasiones y horrores. Habitan en la profundidad de los sue\u00f1os y buscan ser expuestos, por una noche, a la luz de las candilejas.<\/p>\n<\/div>\n<div class=\"col col2\">\n<p>En\u00a0<em>Cuarto oscuro<\/em>\u00a0habr\u00e1 n\u00fameros musicales con letra sugerente y bailes fuera de lo que de forma regular se encuentra en una puesta en escena. Tambi\u00e9n\u00a0<q>un delirio de revista musical, que mostrar\u00e1 lo que se oculta en nuestro inconsciente y lo divertido que puede ser abandonarse a los caprichos<\/q>.<\/p>\n<p>La dramaturgia y direcci\u00f3n son de Lou Best, Erica Islas, Ariesna Gonz\u00e1lez y Yurief Nieves. La producci\u00f3n ejecutiva est\u00e1 a cargo de Larissa Polaco.<\/p>\n<p>Pelucas, corsets, medias, tacones, faldas y un excelente maquillaje son creaci\u00f3n de Yharid \u00c1vila. Cada uno de los personajes cuenta con algo caracter\u00edstico que ayudar\u00e1 a identificarlos y no olvidarlos.<\/p>\n<p><em>Cuarto oscuro<\/em>\u00a0se escenificar\u00e1 del 11 al 21 de agosto en el Teatro Sergio Maga\u00f1a, localizado en Sor Juana In\u00e9s de la Cruz 114, colonia Santa Mar\u00eda la Ribera, alcald\u00eda Cuauht\u00e9moc. Las funciones ser\u00e1n jueves y viernes a las 20, s\u00e1bados a las 19 y domingos a las 18 horas.<\/p>\n<\/div>\n<\/div>\n<div class=\"go gui\">\n<div class=\"go-up\"><\/div>\n<\/div>\n<\/div>\n<div id=\"taboola-below-content-thumbnails\" class=\" trc_related_container trc_spotlight_widget tbl-feed-container tbl-feed-frame-DIVIDER  render-late-effect\" data-feed-container-num=\"1\" data-feed-main-container-id=\"taboola-below-content-thumbnails\" data-parent-placement-name=\"Below Content Thumbnails\" data-pub-lang=\"es\">\n<div class=\" tbl-feed-header tbl-logo-right-position\">\n<div class=\"tbl-feed-header-logo\"><\/div>\n<\/div>\n<\/div>\n","protected":false},"excerpt":{"rendered":"<p>Cuarto oscuro\u00a0es una fantas\u00eda que con m\u00fasica,\u00a0clown\u00a0y burlesque lleva a un viaje por los m\u00e1s \u00edntimos deseos El espect\u00e1culo est\u00e1 inspirado en la estructura del cabaret berlin\u00e9s, explican El Teatro Sergio Maga\u00f1a ser\u00e1 el escenario de la pieza, que tendr\u00e1 funciones del 11 al 21 de agosto. De La Redacci\u00f3n La Jornada Cuarto oscuro\u00a0es una [&hellip;]<\/p>\n","protected":false},"author":249,"featured_media":28646,"comment_status":"open","ping_status":"closed","sticky":false,"template":"","format":"standard","meta":{"footnotes":""},"categories":[26],"tags":[],"class_list":["post-28645","post","type-post","status-publish","format-standard","has-post-thumbnail","hentry","category-mundo"],"_links":{"self":[{"href":"https:\/\/eloficiodehistoriar.com.mx\/index.php?rest_route=\/wp\/v2\/posts\/28645","targetHints":{"allow":["GET"]}}],"collection":[{"href":"https:\/\/eloficiodehistoriar.com.mx\/index.php?rest_route=\/wp\/v2\/posts"}],"about":[{"href":"https:\/\/eloficiodehistoriar.com.mx\/index.php?rest_route=\/wp\/v2\/types\/post"}],"author":[{"embeddable":true,"href":"https:\/\/eloficiodehistoriar.com.mx\/index.php?rest_route=\/wp\/v2\/users\/249"}],"replies":[{"embeddable":true,"href":"https:\/\/eloficiodehistoriar.com.mx\/index.php?rest_route=%2Fwp%2Fv2%2Fcomments&post=28645"}],"version-history":[{"count":1,"href":"https:\/\/eloficiodehistoriar.com.mx\/index.php?rest_route=\/wp\/v2\/posts\/28645\/revisions"}],"predecessor-version":[{"id":28647,"href":"https:\/\/eloficiodehistoriar.com.mx\/index.php?rest_route=\/wp\/v2\/posts\/28645\/revisions\/28647"}],"wp:featuredmedia":[{"embeddable":true,"href":"https:\/\/eloficiodehistoriar.com.mx\/index.php?rest_route=\/wp\/v2\/media\/28646"}],"wp:attachment":[{"href":"https:\/\/eloficiodehistoriar.com.mx\/index.php?rest_route=%2Fwp%2Fv2%2Fmedia&parent=28645"}],"wp:term":[{"taxonomy":"category","embeddable":true,"href":"https:\/\/eloficiodehistoriar.com.mx\/index.php?rest_route=%2Fwp%2Fv2%2Fcategories&post=28645"},{"taxonomy":"post_tag","embeddable":true,"href":"https:\/\/eloficiodehistoriar.com.mx\/index.php?rest_route=%2Fwp%2Fv2%2Ftags&post=28645"}],"curies":[{"name":"wp","href":"https:\/\/api.w.org\/{rel}","templated":true}]}}