{"id":28649,"date":"2022-07-26T09:34:44","date_gmt":"2022-07-26T15:34:44","guid":{"rendered":"https:\/\/eloficiodehistoriar.com.mx\/?p=28649"},"modified":"2022-07-26T09:34:44","modified_gmt":"2022-07-26T15:34:44","slug":"el-papa-francisco-ofrecio-ayer-una-disculpa-por-la-cooperacion-de-la-iglesia-en-la-de-internados-indigenas","status":"publish","type":"post","link":"https:\/\/eloficiodehistoriar.com.mx\/?p=28649","title":{"rendered":"El papa Francisco ofreci\u00f3 ayer una disculpa por la cooperaci\u00f3n de la Iglesia en la\u00a0de internados ind\u00edgenas"},"content":{"rendered":"<div id=\"article-cont\" class=\"main-cont article-cont actuality\">\n<div class=\"sumarios\">\n<p>Lamenta abusos a ni\u00f1os ind\u00edgenas canadienses<\/p>\n<\/div>\n<div class=\"cabeza\">El Papa pide perd\u00f3n por el mal causado en la evangelizaci\u00f3n<\/div>\n<div class=\"sumarios\">\n<p>Admite que la integraci\u00f3n forzada de los pueblos originarios a la sociedad cat\u00f3lica destruy\u00f3 sus culturas<\/p>\n<\/div>\n<div id=\"article-text\" class=\"text\">\n<div class=\"foto\">\n<div class=\"pie-foto\">El papa Francisco or\u00f3 ayer en el cementerio de la naci\u00f3n cree en Maskwacis, Alberta, donde estuvo acompa\u00f1ado de jefes ind\u00edgenas.<\/div>\n<div><\/div>\n<div class=\"pie-foto\">El pont\u00edfice pidi\u00f3 perd\u00f3n por el <q>error devastador e incompatible con el evangelio<\/q>, cometido en internados canadienses administrados por la Iglesia cat\u00f3lica.<\/div>\n<div><\/div>\n<div class=\"pie-foto\">El l\u00edder religioso se desplaza en silla de ruedas debido al dolor que sufre en las rodillas<\/div>\n<div><\/div>\n<\/div>\n<div class=\"col col1\">\n<div class=\"credito-autor\">Ap, Afp y Europa Press<\/div>\n<div class=\"credito-titulo\"><\/div>\n<div class=\"hemero\">La Jornada<\/div>\n<div class=\"hemero\">\nMaskwacis.<\/div>\n<div class=\"hemero\">El papa Francisco ofreci\u00f3 ayer una hist\u00f3rica disculpa por la cooperaci\u00f3n de la Iglesia cat\u00f3lica en la\u00a0<q>catastr\u00f3fica<\/q>\u00a0pol\u00edtica canadiense en internados ind\u00edgenas, y reconoci\u00f3 que la integraci\u00f3n forzada de los pueblos nativos a la sociedad cristiana destruy\u00f3 sus culturas, separ\u00f3 familias y margin\u00f3 a generaciones, al tiempo que conden\u00f3 la \u201cmentalidad colonialista de las potencias.<\/div>\n<p><q>Estoy profundamente dolido<\/q>, declar\u00f3 el Papa argentino en medio de los aplausos de sobrevivientes a los malos tratos en esas escuelas y de miembros de comunidades ind\u00edgenas reunidos en un ex internado al sur de Edmonton, Alberta. Jorge Mario Bergoglio calific\u00f3 la pol\u00edtica escolar de\u00a0<q>error devastador<\/q>\u00a0incompatible con el evangelio, y afirm\u00f3 que es necesario seguir investigando y sanando.<\/p>\n<p>En el primer acto de su\u00a0<q>peregrinaci\u00f3n penitencial<\/q>\u00a0de una semana de duraci\u00f3n, el Papa viaj\u00f3 a las tierras de cuatro naciones cree para orar en un cementerio, y luego ofreci\u00f3 la tan buscada disculpa en los terrenos ceremoniales powow. Cuatro jefes acompa\u00f1aron al pont\u00edfice hasta el lugar, cerca del ex internado Ermineskin para ind\u00edgenas, y le entregaron un tocado de plumas despu\u00e9s de su intervenci\u00f3n.<\/p>\n<p><q>Pido perd\u00f3n humildemente por el mal que tantos cristianos cometieron contra los pueblos ind\u00edgenas<\/q>, declar\u00f3 Francisco, quien se desplaza en silla de ruedas debido a un dolor de rodillas.<\/p>\n<p>Sus palabras fueron m\u00e1s all\u00e1 de su disculpa previa por los\u00a0<q>deplorables<\/q>\u00a0actos de los misioneros, y en lugar de ello asumi\u00f3 la responsabilidad por la cooperaci\u00f3n institucional de la Iglesia cat\u00f3lica con la\u00a0<q>catastr\u00f3fica<\/q>\u00a0pol\u00edtica de integraci\u00f3n de Canad\u00e1 que, seg\u00fan la Comisi\u00f3n de la Verdad y la Reconciliaci\u00f3n del pa\u00eds, fue equivalente a un\u00a0<q>genocidio cultural.<\/q><\/p>\n<p>M\u00e1s de 150 mil ni\u00f1os nativos de Canad\u00e1 fueron obligados a asistir a escuelas, en su mayor\u00eda cristianas, financiadas por el gobierno desde el siglo XIX con el prop\u00f3sito de aislarlos de la influencia de sus hogares y su cultura. Este sistema de internados funcion\u00f3 hasta 1996, cuando cerr\u00f3 la Gordon\u2019s Residential Scholl de Puunnichy, la \u00faltima instalaci\u00f3n administrada por el gobierno federal. El objetivo era cristianizarlos e integrarlos a la sociedad en general, que gobiernos canadienses previos consideraban superior.<\/p>\n<\/div>\n<div class=\"col col2\">\n<p>Ottawa ha reconocido que los abusos f\u00edsicos y sexuales estaban muy extendidos en estas escuelas, y que los alumnos eran golpeados por hablar en su lengua materna. Los l\u00edderes ind\u00edgenas han dicho que esos abusos y la separaci\u00f3n de las familias son una de las causas principales de las elevadas tasas de adicci\u00f3n al alcohol y a las drogas que existen actualmente en las reservaciones ind\u00edgenas canadienses.<\/p>\n<p>El descubrimiento de cientos de posibles entierros en escuelas ya cerradas en el \u00faltimo a\u00f1o atrajeron la atenci\u00f3n internacional sobre el legado de los internados en Canad\u00e1 y Estados Unidos. Las revelaciones llevaron al Papa a atender el llamamiento de la comisi\u00f3n de la verdad para que se disculpara en suelo canadiense por el papel de la Iglesia en los abusos. \u00d3rdenes religiosas cat\u00f3licas gestionaron 66 de los 139 internados del pa\u00eds.<\/p>\n<p>Entre llanto y aplausos el papa Francisco pronunci\u00f3 su discurso en espa\u00f1ol, el cual fue traducido al ingl\u00e9s.<\/p>\n<p><q>Es algo que se necesita, no s\u00f3lo para que la gente escuche, sino para que la Iglesia rinda cuentas<\/q>, dijo Sandi Harper, quien viaj\u00f3 con su hermana y un grupo eclesi\u00e1stico desde Saskatoon, Saskatchewan, en honor a su difunta madre, alumna de un internado.<\/p>\n<p>Harper consider\u00f3\u00a0<q>muy genuina<\/q>\u00a0la disculpa del Papa.<\/p>\n<p><q>Aunque reconoce que el camino hacia la reconciliaci\u00f3n va a llevar tiempo, \u00e9l est\u00e1 realmente de acuerdo con nosotros<\/q>, expres\u00f3.<\/p>\n<p>Muchos de los presentes vest\u00edan trajes tradicionales. Otros llevaban camisetas naranjas, que se han convertido en un s\u00edmbolo de las v\u00edctimas de los internados, recordando la historia de una mujer cuya querida camiseta naranja, regalo de su abuela, fue confiscada en una escuela y sustituida por un uniforme.<\/p>\n<p>A pesar de la solemnidad del acto, el ambiente parec\u00eda por momentos alegre: los jefes nativos entraron en procesi\u00f3n en el recinto al ritmo de un hipn\u00f3tico tambor, los ancianos bailaron y la multitud vitoreaba y coreaba canciones de guerra, de victoria y, finalmente, de sanaci\u00f3n.<\/p>\n<p>El jefe Wilton Littlechild, ex alumno de la escuela Ermineskin, quien form\u00f3 parte de la Comisi\u00f3n de la Verdad y la Reconciliaci\u00f3n, dio la bienvenida al jerarca religioso y asegur\u00f3 a los presentes que el pont\u00edfice hab\u00eda comprendido su dolor.<\/p>\n<\/div>\n<\/div>\n<div class=\"go gui\">\n<div class=\"go-up\"><\/div>\n<\/div>\n<\/div>\n<div id=\"taboola-below-content-thumbnails\" class=\" trc_related_container trc_spotlight_widget tbl-feed-container tbl-feed-frame-DIVIDER  render-late-effect\" data-feed-container-num=\"1\" data-feed-main-container-id=\"taboola-below-content-thumbnails\" data-parent-placement-name=\"Below Content Thumbnails\" data-pub-lang=\"es\">\n<div class=\" tbl-feed-header tbl-logo-right-position\">\n<div class=\"tbl-feed-header-logo\"><\/div>\n<\/div>\n<\/div>\n","protected":false},"excerpt":{"rendered":"<p>Lamenta abusos a ni\u00f1os ind\u00edgenas canadienses El Papa pide perd\u00f3n por el mal causado en la evangelizaci\u00f3n Admite que la integraci\u00f3n forzada de los pueblos originarios a la sociedad cat\u00f3lica destruy\u00f3 sus culturas El papa Francisco or\u00f3 ayer en el cementerio de la naci\u00f3n cree en Maskwacis, Alberta, donde estuvo acompa\u00f1ado de jefes ind\u00edgenas. El [&hellip;]<\/p>\n","protected":false},"author":249,"featured_media":28650,"comment_status":"open","ping_status":"closed","sticky":false,"template":"","format":"standard","meta":{"footnotes":""},"categories":[26],"tags":[],"class_list":["post-28649","post","type-post","status-publish","format-standard","has-post-thumbnail","hentry","category-mundo"],"_links":{"self":[{"href":"https:\/\/eloficiodehistoriar.com.mx\/index.php?rest_route=\/wp\/v2\/posts\/28649","targetHints":{"allow":["GET"]}}],"collection":[{"href":"https:\/\/eloficiodehistoriar.com.mx\/index.php?rest_route=\/wp\/v2\/posts"}],"about":[{"href":"https:\/\/eloficiodehistoriar.com.mx\/index.php?rest_route=\/wp\/v2\/types\/post"}],"author":[{"embeddable":true,"href":"https:\/\/eloficiodehistoriar.com.mx\/index.php?rest_route=\/wp\/v2\/users\/249"}],"replies":[{"embeddable":true,"href":"https:\/\/eloficiodehistoriar.com.mx\/index.php?rest_route=%2Fwp%2Fv2%2Fcomments&post=28649"}],"version-history":[{"count":1,"href":"https:\/\/eloficiodehistoriar.com.mx\/index.php?rest_route=\/wp\/v2\/posts\/28649\/revisions"}],"predecessor-version":[{"id":28651,"href":"https:\/\/eloficiodehistoriar.com.mx\/index.php?rest_route=\/wp\/v2\/posts\/28649\/revisions\/28651"}],"wp:featuredmedia":[{"embeddable":true,"href":"https:\/\/eloficiodehistoriar.com.mx\/index.php?rest_route=\/wp\/v2\/media\/28650"}],"wp:attachment":[{"href":"https:\/\/eloficiodehistoriar.com.mx\/index.php?rest_route=%2Fwp%2Fv2%2Fmedia&parent=28649"}],"wp:term":[{"taxonomy":"category","embeddable":true,"href":"https:\/\/eloficiodehistoriar.com.mx\/index.php?rest_route=%2Fwp%2Fv2%2Fcategories&post=28649"},{"taxonomy":"post_tag","embeddable":true,"href":"https:\/\/eloficiodehistoriar.com.mx\/index.php?rest_route=%2Fwp%2Fv2%2Ftags&post=28649"}],"curies":[{"name":"wp","href":"https:\/\/api.w.org\/{rel}","templated":true}]}}