{"id":28652,"date":"2022-07-26T09:38:06","date_gmt":"2022-07-26T15:38:06","guid":{"rendered":"https:\/\/eloficiodehistoriar.com.mx\/?p=28652"},"modified":"2022-07-26T09:38:06","modified_gmt":"2022-07-26T15:38:06","slug":"el-gobierno-de-estados-unidos-esta-detras-de-los-seudoambientalistas-opositores-al-tramo-5-del-tren-maya","status":"publish","type":"post","link":"https:\/\/eloficiodehistoriar.com.mx\/?p=28652","title":{"rendered":"El gobierno de Estados Unidos est\u00e1 detr\u00e1s de los\u00a0seudoambientalistas\u00a0opositores al tramo 5 del Tren Maya"},"content":{"rendered":"<div id=\"article-cont\" class=\"main-cont article-cont actuality\">\n<div class=\"sumarios\">\n<p>Por eso la declar\u00f3 obra de Seguridad Nacional<\/p>\n<\/div>\n<div class=\"cabeza\">Gobierno de EU, detr\u00e1s de opositores al Tren Maya, asegura L\u00f3pez Obrador<\/div>\n<div class=\"sumarios\">\n<p>Financia a\u00a0<q>seudoambientalistas<\/q>\u00a0que promueven los amparos, indica<\/p>\n<\/div>\n<div id=\"article-text\" class=\"text\">\n<div class=\"foto\">\n<div class=\"pie-foto\">Las obras estuvieron detenidas por tres meses, lo cual caus\u00f3 p\u00e9rdidas econ\u00f3micas a la hacienda p\u00fablica, dijo el Presidente.<\/div>\n<div><\/div>\n<\/div>\n<div class=\"col col1\">\n<div class=\"credito-autor\">Emir Olivares y N\u00e9stor Jim\u00e9nez<\/div>\n<div class=\"credito-titulo\"><\/div>\n<div class=\"hemero\">La Jornada<\/p>\n<\/div>\n<p class=\"s-s\">El gobierno de Estados Unidos est\u00e1 detr\u00e1s de los\u00a0<q>seudoambientalistas<\/q>\u00a0opositores al tramo 5 del Tren Maya y por esta y otras razones el gobierno declar\u00f3 el proyecto como un asunto de\u00a0<q>seguridad nacional<\/q>, dijo ayer el presidente Andr\u00e9s Manuel L\u00f3pez Obrador.<\/p>\n<p>Dos semanas despu\u00e9s de su visita oficial a la Casa Blanca, el jefe del Ejecutivo federal deline\u00f3 en la ma\u00f1anera del lunes los or\u00edgenes de la decisi\u00f3n:<\/p>\n<p><q>Se recurre a ese procedimiento que establece la ley, que es declarar esta obra de seguridad nacional, porque est\u00e1 interviniendo un gobierno extranjero; porque se est\u00e1 perdiendo dinero de la hacienda p\u00fablica, dinero del pueblo; porque es una obra prioritaria; porque se est\u00e1n aplicando t\u00e1cticas dilatorias y porque no hay justicia expedita.<\/q><\/p>\n<p>Cuando se le pregunt\u00f3 a qu\u00e9 gobierno del exterior se refer\u00eda, contest\u00f3 sin dudar:\u00a0<q>Estados Unidos<\/q>.<\/p>\n<p>Subray\u00f3 que aun cuando los campesinos y propietarios de las tierras ya dieron su anuencia para la construcci\u00f3n, desde la Ciudad de M\u00e9xico y otros puntos del pa\u00eds\u00a0<q>seudoambientalistas financiados por el gobierno estadunidense nos promueven estos amparos<\/q>, que han detenido el tramo 5, que corre de Canc\u00fan a Tulum.<\/p>\n<p class=\"sumario\">El litigio<\/p>\n<p class=\"s-s\">Ubic\u00f3 como responsables detr\u00e1s de esos grupos al empresario Claudio X. Gonz\u00e1lez, al ex ministro de la Corte Jos\u00e9 Ram\u00f3n Coss\u00edo y a Amparo Casar, ex asesora de Santiago Creel en la Secretar\u00eda de Gobernaci\u00f3n, a quienes identific\u00f3 como parte de los sectores\u00a0<q>conservadores<\/q>.<\/p>\n<p>El Presidente indic\u00f3 que el gobierno federal ya entreg\u00f3 informaci\u00f3n a los jueces que han otorgado las suspensiones provisionales, pero hasta ahora no han resuelto el caso.<\/p>\n<p>La obra estuvo detenida por tres meses, causando p\u00e9rdidas econ\u00f3micas en el erario, se\u00f1al\u00f3.<\/p>\n<p>L\u00f3pez Obrador insisti\u00f3 que al reactivar las construcciones el gobierno no incurrir\u00e1 en desacato judicial e incluso ret\u00f3 a sus opositores a presentar las denuncias correspondientes y que sea el Poder Judicial el que determine la legalidad de los trabajos.<\/p>\n<\/div>\n<div class=\"col col2\">\n<p>Remarc\u00f3, en cambio, que muchos de esos ambientalistas u organizaciones de la sociedad civil\u00a0<q>tienen amnesia<\/q>\u00a0y se olvidan que en el sexenio pasado se entregaron territorios en esa regi\u00f3n a empresas privadas para explotar petr\u00f3leo en los acu\u00edferos. \u201c\u00bfQui\u00e9n se acuerda de eso? Casi nadie (\u2026) S\u00ed, son muy hip\u00f3critas\u201d.<\/p>\n<p class=\"sumario\">Las consultas por la energ\u00eda<\/p>\n<p class=\"s-s\">En otro orden de ideas, el mandatario se refiri\u00f3 por sexto d\u00eda consecutivo al llamado a consultas de Estados Unidos y Canad\u00e1 por la pol\u00edtica energ\u00e9tica de M\u00e9xico como parte del tratado comercial de Am\u00e9rica del Norte (T-MEC).<\/p>\n<p>Se\u00f1al\u00f3 que no dar\u00e1 marcha atr\u00e1s y dijo que el proyecto de la ministra Loretta Ortiz \u2013a quien recibi\u00f3 la semana pasada\u2013, con el que el pleno de la Suprema Corte de Justicia de la Naci\u00f3n ratific\u00f3 la constitucionalidad de la ley de la industria el\u00e9ctrica, ser\u00e1 parte de los argumentos de su gobierno en ese proceso de consultas.<\/p>\n<p>Apunt\u00f3 que\u00a0<q>los entreguistas vendepatria quer\u00edan desaparecer a la CFE (Comisi\u00f3n Federal de Electricidad) y a Pemex (Petr\u00f3leos Mexicanos), y quer\u00edan dejarle el mercado el\u00e9ctrico y petrolero a las empresas extranjeras; darle marcha atr\u00e1s a lo que hicieron el general (L\u00e1zaro) C\u00e1rdenas y el presidente (Adolfo) L\u00f3pez Mateos<\/q>.<\/p>\n<p>El reconocimiento del car\u00e1cter constitucional de la ley el\u00e9ctrica\u00a0<q>molest\u00f3 a los conservadores de aqu\u00ed y de all\u00e1, y a sus achichincles y voceros, y por eso ahora est\u00e1n pidiendo una consulta en el marco del tratado<\/q>, a\u00f1adi\u00f3.<\/p>\n<p>L\u00f3pez Obrador coment\u00f3 que su gobierno se enter\u00f3 por Twitter y no por los canales diplom\u00e1ticos conducentes de la intenci\u00f3n de los estadunidenses de llevar a consultas a M\u00e9xico por el manejo de la pol\u00edtica energ\u00e9tica. Descart\u00f3 que sea el presidente Joe Biden quien promueva ese requerimiento y consider\u00f3 que viene del Departamento de Estado.<\/p>\n<\/div>\n<\/div>\n<div class=\"go gui\">\n<div class=\"go-up\"><\/div>\n<\/div>\n<\/div>\n<div id=\"taboola-below-content-thumbnails\" class=\" trc_related_container trc_spotlight_widget tbl-feed-container tbl-feed-frame-DIVIDER  render-late-effect\" data-feed-container-num=\"1\" data-feed-main-container-id=\"taboola-below-content-thumbnails\" data-parent-placement-name=\"Below Content Thumbnails\" data-pub-lang=\"es\">\n<div class=\" tbl-feed-header tbl-logo-right-position\">\n<div class=\"tbl-feed-header-logo\"><\/div>\n<\/div>\n<\/div>\n","protected":false},"excerpt":{"rendered":"<p>Por eso la declar\u00f3 obra de Seguridad Nacional Gobierno de EU, detr\u00e1s de opositores al Tren Maya, asegura L\u00f3pez Obrador Financia a\u00a0seudoambientalistas\u00a0que promueven los amparos, indica Las obras estuvieron detenidas por tres meses, lo cual caus\u00f3 p\u00e9rdidas econ\u00f3micas a la hacienda p\u00fablica, dijo el Presidente. Emir Olivares y N\u00e9stor Jim\u00e9nez La Jornada El gobierno de [&hellip;]<\/p>\n","protected":false},"author":249,"featured_media":28653,"comment_status":"open","ping_status":"closed","sticky":false,"template":"","format":"standard","meta":{"footnotes":""},"categories":[26],"tags":[],"class_list":["post-28652","post","type-post","status-publish","format-standard","has-post-thumbnail","hentry","category-mundo"],"_links":{"self":[{"href":"https:\/\/eloficiodehistoriar.com.mx\/index.php?rest_route=\/wp\/v2\/posts\/28652","targetHints":{"allow":["GET"]}}],"collection":[{"href":"https:\/\/eloficiodehistoriar.com.mx\/index.php?rest_route=\/wp\/v2\/posts"}],"about":[{"href":"https:\/\/eloficiodehistoriar.com.mx\/index.php?rest_route=\/wp\/v2\/types\/post"}],"author":[{"embeddable":true,"href":"https:\/\/eloficiodehistoriar.com.mx\/index.php?rest_route=\/wp\/v2\/users\/249"}],"replies":[{"embeddable":true,"href":"https:\/\/eloficiodehistoriar.com.mx\/index.php?rest_route=%2Fwp%2Fv2%2Fcomments&post=28652"}],"version-history":[{"count":1,"href":"https:\/\/eloficiodehistoriar.com.mx\/index.php?rest_route=\/wp\/v2\/posts\/28652\/revisions"}],"predecessor-version":[{"id":28654,"href":"https:\/\/eloficiodehistoriar.com.mx\/index.php?rest_route=\/wp\/v2\/posts\/28652\/revisions\/28654"}],"wp:featuredmedia":[{"embeddable":true,"href":"https:\/\/eloficiodehistoriar.com.mx\/index.php?rest_route=\/wp\/v2\/media\/28653"}],"wp:attachment":[{"href":"https:\/\/eloficiodehistoriar.com.mx\/index.php?rest_route=%2Fwp%2Fv2%2Fmedia&parent=28652"}],"wp:term":[{"taxonomy":"category","embeddable":true,"href":"https:\/\/eloficiodehistoriar.com.mx\/index.php?rest_route=%2Fwp%2Fv2%2Fcategories&post=28652"},{"taxonomy":"post_tag","embeddable":true,"href":"https:\/\/eloficiodehistoriar.com.mx\/index.php?rest_route=%2Fwp%2Fv2%2Ftags&post=28652"}],"curies":[{"name":"wp","href":"https:\/\/api.w.org\/{rel}","templated":true}]}}