{"id":28655,"date":"2022-07-26T09:44:21","date_gmt":"2022-07-26T15:44:21","guid":{"rendered":"https:\/\/eloficiodehistoriar.com.mx\/?p=28655"},"modified":"2022-07-26T09:44:21","modified_gmt":"2022-07-26T15:44:21","slug":"la-estacion-espacial-china","status":"publish","type":"post","link":"https:\/\/eloficiodehistoriar.com.mx\/?p=28655","title":{"rendered":"La estaci\u00f3n espacial China"},"content":{"rendered":"<div class=\"cabeza\">Astronautas entran a nuevo m\u00f3dulo de lo que ser\u00e1 la estaci\u00f3n espacial China<\/div>\n<div class=\"sumarios\">\n<p><em>Wentian<\/em>\u00a0se acopl\u00f3 a la nave central del llamado Palacio Celestial \/\/ Se centrar\u00e1 en la investigaci\u00f3n cient\u00edfica y tecnol\u00f3gica<\/p>\n<\/div>\n<div id=\"article-text\" class=\"text\">\n<div class=\"foto\">\n<div class=\"pie-foto\">La imagen fue captada en Wenchang durante el despegue del cohete que transport\u00f3 el compartimento.<\/div>\n<div><\/div>\n<\/div>\n<div class=\"col col1\">\n<div class=\"credito-autor\">Afp<\/div>\n<div class=\"credito-titulo\"><\/div>\n<div class=\"hemero\">La Jornada<\/p>\n<\/div>\n<p class=\"s-s\">Pek\u00edn.<\/p>\n<p class=\"s-s\">Tres astronautas entraron ayer en el nuevo m\u00f3dulo de la estaci\u00f3n espacial de China por primera vez, en una etapa crucial para completar esta plataforma en \u00f3rbita a finales de este a\u00f1o.<\/p>\n<p>La estaci\u00f3n forma parte de un ambicioso programa espacial de Pek\u00edn, que ha enviado veh\u00edculos rob\u00f3ticos a Marte y la Luna, lo que ha convertido al gigante asi\u00e1tico en la tercera naci\u00f3n en llevar seres humanos al espacio.<\/p>\n<p>Una vez completada la estaci\u00f3n en \u00f3rbita, nombrada\u00a0<em>Tiangon<\/em>\u00a0(Palacio Celestial), ser\u00e1 tripulada por equipos de tres astronautas que se ir\u00e1n rotando.<\/p>\n<p>Los cosmonautas llevar\u00e1n a cabo experimentos cient\u00edficos y ayudar\u00e1n a probar nuevas tecnolog\u00edas.<\/p>\n<p>China lanz\u00f3 el domingo el segundo de los tres m\u00f3dulos de la estaci\u00f3n espacial, llamado\u00a0<em>Wentian,<\/em>\u00a0que se acopl\u00f3 ayer a la nave central,\u00a0<em>Tianhe.<\/em><\/p>\n<p>Unas horas despu\u00e9s del acoplamiento, los tres astronautas que han vivido en el m\u00f3dulo central desde junio abrieron la escotilla y entraron en\u00a0<em>Wentian,<\/em>\u00a0seg\u00fan mostraron las im\u00e1genes de la cadena p\u00fablica china CVTV.<\/p>\n<p>La tripulaci\u00f3n, vestida con monos azules, flot\u00f3 alrededor del m\u00f3dulo, que desprend\u00eda una luz brillante, antes de mirar a la c\u00e1mara y saludar.<\/p>\n<\/div>\n<div class=\"col col2\">\n<p><em>Wentian<\/em>\u00a0se centrar\u00e1 en la investigaci\u00f3n cient\u00edfica y biotecnolog\u00eda, de acuerdo con la agencia de noticias china, Xinhua.<\/p>\n<p>El m\u00f3dulo dispondr\u00e1 de un habit\u00e1culo para que puedan vivir tres astronautas adicionales, hasta acoger a seis personas durante los intercambios de tripulaci\u00f3n.<\/p>\n<p>El tercer y \u00faltimo m\u00f3dulo, otro laboratorio denominado\u00a0<em>Mengtian,<\/em>\u00a0est\u00e1 previsto que sea lanzado en octubre.<\/p>\n<p><em>Tiangong,<\/em>\u00a0una vez completado, permanecer\u00e1 en \u00f3rbita a entre 400 y 450 kil\u00f3metros sobre la Tierra durante al menos 10 a\u00f1os.<\/p>\n<p>El m\u00f3dulo de laboratorio, con longitud de 17.9 metros y el di\u00e1metro m\u00e1ximo de 4.2 metros, cuenta con una cabina de trabajo, una secci\u00f3n con esclusa de aire y un compartimento de recursos.<\/p>\n<p>Se trata del aparato espacial m\u00e1s grande lanzado por China.<\/p>\n<p>Los tres m\u00f3dulos formar\u00e1n una T, la estaci\u00f3n tendr\u00e1 un espacio habitable de 110 metros.<\/p>\n<p>Tambi\u00e9n se va a incorporar a la estaci\u00f3n el telescopio espacial Xuntian.<\/p>\n<p>El complejo orbital, con capacidad para tres astronautas (seis, durante el relevo de tripulaciones), se har\u00e1 plenamente operativo en 2022 y, seg\u00fan las previsiones.<\/p>\n<p>Con informaci\u00f3n de Sputnik<\/p>\n<\/div>\n<\/div>\n","protected":false},"excerpt":{"rendered":"<p>Astronautas entran a nuevo m\u00f3dulo de lo que ser\u00e1 la estaci\u00f3n espacial China Wentian\u00a0se acopl\u00f3 a la nave central del llamado Palacio Celestial \/\/ Se centrar\u00e1 en la investigaci\u00f3n cient\u00edfica y tecnol\u00f3gica La imagen fue captada en Wenchang durante el despegue del cohete que transport\u00f3 el compartimento. Afp La Jornada Pek\u00edn. Tres astronautas entraron ayer [&hellip;]<\/p>\n","protected":false},"author":249,"featured_media":28656,"comment_status":"open","ping_status":"closed","sticky":false,"template":"","format":"standard","meta":{"footnotes":""},"categories":[26],"tags":[],"class_list":["post-28655","post","type-post","status-publish","format-standard","has-post-thumbnail","hentry","category-mundo"],"_links":{"self":[{"href":"https:\/\/eloficiodehistoriar.com.mx\/index.php?rest_route=\/wp\/v2\/posts\/28655","targetHints":{"allow":["GET"]}}],"collection":[{"href":"https:\/\/eloficiodehistoriar.com.mx\/index.php?rest_route=\/wp\/v2\/posts"}],"about":[{"href":"https:\/\/eloficiodehistoriar.com.mx\/index.php?rest_route=\/wp\/v2\/types\/post"}],"author":[{"embeddable":true,"href":"https:\/\/eloficiodehistoriar.com.mx\/index.php?rest_route=\/wp\/v2\/users\/249"}],"replies":[{"embeddable":true,"href":"https:\/\/eloficiodehistoriar.com.mx\/index.php?rest_route=%2Fwp%2Fv2%2Fcomments&post=28655"}],"version-history":[{"count":1,"href":"https:\/\/eloficiodehistoriar.com.mx\/index.php?rest_route=\/wp\/v2\/posts\/28655\/revisions"}],"predecessor-version":[{"id":28657,"href":"https:\/\/eloficiodehistoriar.com.mx\/index.php?rest_route=\/wp\/v2\/posts\/28655\/revisions\/28657"}],"wp:featuredmedia":[{"embeddable":true,"href":"https:\/\/eloficiodehistoriar.com.mx\/index.php?rest_route=\/wp\/v2\/media\/28656"}],"wp:attachment":[{"href":"https:\/\/eloficiodehistoriar.com.mx\/index.php?rest_route=%2Fwp%2Fv2%2Fmedia&parent=28655"}],"wp:term":[{"taxonomy":"category","embeddable":true,"href":"https:\/\/eloficiodehistoriar.com.mx\/index.php?rest_route=%2Fwp%2Fv2%2Fcategories&post=28655"},{"taxonomy":"post_tag","embeddable":true,"href":"https:\/\/eloficiodehistoriar.com.mx\/index.php?rest_route=%2Fwp%2Fv2%2Ftags&post=28655"}],"curies":[{"name":"wp","href":"https:\/\/api.w.org\/{rel}","templated":true}]}}