{"id":28658,"date":"2022-07-26T09:48:36","date_gmt":"2022-07-26T15:48:36","guid":{"rendered":"https:\/\/eloficiodehistoriar.com.mx\/?p=28658"},"modified":"2022-07-26T09:48:36","modified_gmt":"2022-07-26T15:48:36","slug":"el-ballet-nacional-de-espana-regresa-con-invocacion-abarca-diversos-estilos-de-la-danza-espanola","status":"publish","type":"post","link":"https:\/\/eloficiodehistoriar.com.mx\/?p=28658","title":{"rendered":"El Ballet Nacional de Espa\u00f1a regresa con\u00a0\u00abInvocaci\u00f3n\u00bb abarca diversos estilos de la danza espa\u00f1ola"},"content":{"rendered":"<div id=\"article-cont\" class=\"main-cont article-cont actuality\">\n<div class=\"cabeza\"><em>Invocaci\u00f3n<\/em>, convite para disfrutar el baile en su plenitud<\/div>\n<div class=\"sumarios\"><\/div>\n<div id=\"article-text\" class=\"text tbl-forkorts-article\">\n<div class=\"col\">\n<div class=\"credito-autor\">Fabiola Palapa Quijas<\/div>\n<div class=\"credito-titulo\"><\/div>\n<div class=\"hemero\">La Jornada<\/p>\n<\/div>\n<p class=\"s-s\">El Ballet Nacional de Espa\u00f1a regresa a M\u00e9xico con\u00a0<em>Invocaci\u00f3n<\/em>, espect\u00e1culo que abarca diversos estilos de la danza espa\u00f1ola, desde la escuela bolera a la danza estilizada y el flamenco estilizado.<\/p>\n<p>La agrupaci\u00f3n se presentar\u00e1 del 28 al 31 de julio en el Palacio de Bellas Artes.<\/p>\n<p>\u201c<em>Invocaci\u00f3n<\/em>\u00a0es el primer dise\u00f1o de espect\u00e1culo que hice para el Ballet Nacional de Espa\u00f1a como director, est\u00e1 pensado para que el p\u00fablico disfrute en su butaca el amplio registro que tiene la danza espa\u00f1ola, no quer\u00eda que fuera un ballet argumento, sino que las personas disfrutaran de la danza en su plenitud\u201d, explica en entrevista Rub\u00e9n Olmo, quien visit\u00f3 el pa\u00eds con el Ballet Flamenco de Andaluc\u00eda en 2000.<\/p>\n<p>La pieza actualiza la esencia de la escuela bolera tradicional que surgi\u00f3 en el siglo XVIII en Espa\u00f1a, fruto de la combinaci\u00f3n de bailes populares andaluces con danzas acad\u00e9micas. Es uno de los estilos m\u00e1s caracter\u00edsticos, complejos y \u00fanicos de la danza espa\u00f1ola, caracterizado por el uso de casta\u00f1uelas.<\/p>\n<p><q>Como core\u00f3grafo he incluido en la obra nuevos aires y tendencias a un estilo que los grandes maestros como Mario Maya hab\u00edan hecho antes, pero se mantiene la esencia en este aire m\u00e1s actual<\/q>, explica Olmo.<\/p>\n<p>La m\u00fasica es una composici\u00f3n contempor\u00e1nea, original para esta pieza, de la inspiraci\u00f3n del joven compositor y director de orquesta sevillano Manuel Busto.<\/p>\n<p>El programa contin\u00faa con Jaule\u00f1a, otra coreograf\u00eda de Olmo, ideada como un solo de transici\u00f3n, que fusiona danza estilizada, escuela bolera y flamenco, con especial protagonismo de la grana\u00edna y el zapateado.<\/p>\n<p><q>Dentro de este n\u00famero vemos que la danza espa\u00f1ola se puede fusionar con distintos estilos de danza, sin perder la esencia.<\/q><\/p>\n<p>La tercera pieza que forma parte del espect\u00e1culo es\u00a0<em>Eterna Iberia<\/em>, coreograf\u00eda de Antonio Najarro donde se usan la casta\u00f1uela, la capa espa\u00f1ola y el sombrero cordob\u00e9s, as\u00ed como la t\u00e9cnica y la fuerza interpretativa tan caracter\u00edstica de la danza espa\u00f1ola.<\/p>\n<p>\u201cEs una danza estilizada con una partitura que se hizo en homenaje a Antonio Ruiz Soler,\u00a0<em>El bailar\u00edn<\/em>\u201d, comparte el director del Ballet Nacional de Espa\u00f1a.<\/p>\n<p>Olmo expresa que la segunda parte del programa\u00a0<q>es un homenaje a una gran figura del flamenco, una persona que fue responsable del teatro contempor\u00e1neo andaluz y tambi\u00e9n una figura que no se encontraba en el repertorio del Ballet Nacional de Espa\u00f1a, Mario Maya<\/q>.<\/p>\n<p><em>De lo flamenco: Homenaje a Mario Maya<\/em>, es la obra con la que el Ballet de Espa\u00f1a recuerda al bailar\u00edn y core\u00f3grafo Mario Maya (1937-2008), leyenda del flamenco. Est\u00e1 compuesta por siete movimientos y la pieza se define como una\u00a0<em>suite<\/em>\u00a0flamenca que refleja el innovador estilo de Maya, fundador en 1994 de la Compa\u00f1\u00eda Andaluza de Danza, hoy Ballet Flamenco de Andaluc\u00eda.<\/p>\n<p><q>Aqu\u00ed tambi\u00e9n vemos un amplio abanico de los colores del flamenco, desde el clasicismo a la vanguardia, en el que colabora Patricia Guerrero, Premio Nacional de Danza de Interpretaci\u00f3n 2021, una bailarina que se inici\u00f3 en la danza a las 14 a\u00f1os con Mario Maya y despu\u00e9s trabaj\u00f3 mucho tiempo conmigo en el Ballet Flamenco de Andaluc\u00eda, ella viene como invitada<\/q>, comenta Rub\u00e9n Olmo.<\/p>\n<p>En palabras del director del Ballet Nacional de Espa\u00f1a, el espect\u00e1culo\u00a0<em>Invocaci\u00f3n<\/em>\u00a0muestra en gran parte qu\u00e9 es la danza espa\u00f1ola, as\u00ed como su crecimiento a partir de la fusi\u00f3n con otras danzas, como la contempor\u00e1nea y neocl\u00e1sica\u201d.<\/p>\n<p><em>Invocaci\u00f3n<\/em>, con el Ballet Nacional de Espa\u00f1a, se presenta este 28 y 29 de julio a las 20 horas; el d\u00eda 30 a las 19 horas y el 31 de julio a las 18 horas en la sala principal del Palacio de Bellas Artes.<\/p>\n<\/div>\n<\/div>\n<div class=\"go gui\">\n<div class=\"go-next\"><\/div>\n<div class=\"go-up\"><\/div>\n<\/div>\n<\/div>\n<div id=\"taboola-below-content-thumbnails\" class=\" trc_related_container trc_spotlight_widget tbl-feed-container tbl-feed-frame-DIVIDER  render-late-effect\" data-feed-container-num=\"1\" data-feed-main-container-id=\"taboola-below-content-thumbnails\" data-parent-placement-name=\"Below Content Thumbnails\" data-pub-lang=\"es\">\n<div class=\" tbl-feed-header tbl-logo-right-position\">\n<div class=\"tbl-feed-header-logo\"><\/div>\n<\/div>\n<\/div>\n","protected":false},"excerpt":{"rendered":"<p>Invocaci\u00f3n, convite para disfrutar el baile en su plenitud Fabiola Palapa Quijas La Jornada El Ballet Nacional de Espa\u00f1a regresa a M\u00e9xico con\u00a0Invocaci\u00f3n, espect\u00e1culo que abarca diversos estilos de la danza espa\u00f1ola, desde la escuela bolera a la danza estilizada y el flamenco estilizado. La agrupaci\u00f3n se presentar\u00e1 del 28 al 31 de julio en [&hellip;]<\/p>\n","protected":false},"author":249,"featured_media":28659,"comment_status":"open","ping_status":"closed","sticky":false,"template":"","format":"standard","meta":{"footnotes":""},"categories":[26],"tags":[],"class_list":["post-28658","post","type-post","status-publish","format-standard","has-post-thumbnail","hentry","category-mundo"],"_links":{"self":[{"href":"https:\/\/eloficiodehistoriar.com.mx\/index.php?rest_route=\/wp\/v2\/posts\/28658","targetHints":{"allow":["GET"]}}],"collection":[{"href":"https:\/\/eloficiodehistoriar.com.mx\/index.php?rest_route=\/wp\/v2\/posts"}],"about":[{"href":"https:\/\/eloficiodehistoriar.com.mx\/index.php?rest_route=\/wp\/v2\/types\/post"}],"author":[{"embeddable":true,"href":"https:\/\/eloficiodehistoriar.com.mx\/index.php?rest_route=\/wp\/v2\/users\/249"}],"replies":[{"embeddable":true,"href":"https:\/\/eloficiodehistoriar.com.mx\/index.php?rest_route=%2Fwp%2Fv2%2Fcomments&post=28658"}],"version-history":[{"count":1,"href":"https:\/\/eloficiodehistoriar.com.mx\/index.php?rest_route=\/wp\/v2\/posts\/28658\/revisions"}],"predecessor-version":[{"id":28660,"href":"https:\/\/eloficiodehistoriar.com.mx\/index.php?rest_route=\/wp\/v2\/posts\/28658\/revisions\/28660"}],"wp:featuredmedia":[{"embeddable":true,"href":"https:\/\/eloficiodehistoriar.com.mx\/index.php?rest_route=\/wp\/v2\/media\/28659"}],"wp:attachment":[{"href":"https:\/\/eloficiodehistoriar.com.mx\/index.php?rest_route=%2Fwp%2Fv2%2Fmedia&parent=28658"}],"wp:term":[{"taxonomy":"category","embeddable":true,"href":"https:\/\/eloficiodehistoriar.com.mx\/index.php?rest_route=%2Fwp%2Fv2%2Fcategories&post=28658"},{"taxonomy":"post_tag","embeddable":true,"href":"https:\/\/eloficiodehistoriar.com.mx\/index.php?rest_route=%2Fwp%2Fv2%2Ftags&post=28658"}],"curies":[{"name":"wp","href":"https:\/\/api.w.org\/{rel}","templated":true}]}}