{"id":28661,"date":"2022-07-26T09:54:35","date_gmt":"2022-07-26T15:54:35","guid":{"rendered":"https:\/\/eloficiodehistoriar.com.mx\/?p=28661"},"modified":"2022-07-26T09:54:35","modified_gmt":"2022-07-26T15:54:35","slug":"la-109-edicion-del-tour-de-francia-con-un-nuevo-idolo-el-ciclista-danes-jonas-vingegaard","status":"publish","type":"post","link":"https:\/\/eloficiodehistoriar.com.mx\/?p=28661","title":{"rendered":"La 109 edici\u00f3n del\u00a0Tour\u00a0de Francia, con un nuevo \u00eddolo el ciclista dan\u00e9s Jonas Vingegaard."},"content":{"rendered":"<div id=\"article-cont\" class=\"main-cont article-cont analysis\">\n<div class=\"cabeza\">Campeones de arte y deporte<\/div>\n<div class=\"sumarios\"><\/div>\n<div class=\"credito-articulo\">Vilma Fuentes<\/div>\n<div><\/div>\n<div id=\"article-text\" class=\"text\">\n<div class=\"col col1\">\n<div class=\"inicial\">Este domingo termin\u00f3 la 109 edici\u00f3n del\u00a0<em>Tour<\/em>\u00a0de Francia, con la eclosi\u00f3n de un nuevo \u00eddolo popular y el coronamiento del ciclista dan\u00e9s Jonas Vingegaard. Coincidencias del azar, este\u00a0<em>tour<\/em>\u00a0tuvo su inicio en Dinamarca, pues desde hace algunos a\u00f1os, los organizadores de este concurso ciclista decidieron extender su \u00e1rea a otros pa\u00edses europeos. En esta competencia, ahora internacional, participan velocipedistas de todo el planeta. As\u00ed, se han podido revelar campeones italianos, espa\u00f1oles, ingleses, estadunidenses, colombianos, j\u00f3venes h\u00e9roes con quienes el pueblo se siente unido porque se reconoce en ellos.<\/div>\n<p>A sus 25 a\u00f1os, Vingegaard ofrece la corona a Dinamarca, su pa\u00eds de origen, donde los festejos en su honor no se har\u00e1n esperar. Pa\u00eds sure\u00f1o de Europa del norte, de sus habitantes emana la calidez t\u00edpica de las naciones meridionales. Tuve la suerte de sentir ese calor humano desde mi llegada a Par\u00eds en 1975. Fue en el taller de litograf\u00edas\u00a0<em>Clot, Georges et Bramsen<\/em>, dirigido en esa \u00e9poca por un gigante dan\u00e9s: Peter Bramsen, quien traslad\u00f3 el antiguo atelier donde trabajaron los impresionistas, entonces situado en la calle de Cherche-Midi, a la de Vieille du temple en el barrio del Marais. Puedo decir que encontr\u00e9 una verdadera familia con los Bramsen, Peter y su mujer Ingrid. Deben haberme adoptado, en gran parte, gracias a Francisco Toledo, el primer artista mexicano en cincelar sobre los bloques de piedra los dibujos para las litograf\u00edas impresas en ese taller. Otros pintores mexicanos llegar\u00edan a trabajar con Bramsen. En ese m\u00edtico atelier conoc\u00ed a Roland Topor, a Juan Soriano, ya entonces una leyenda, a Antonio Saura, a Wilfredo Lam, a Roberto Matta, entre otros grandes artistas del siglo XX.<\/p>\n<p>El ambiente en el taller era amigable y festivo. Cerca de mediod\u00eda, Peter gritaba desde el umbral de su puerta a la carnicer\u00eda ubicada en la acera opuesta solicitando que le enviaran voluminosos bistecs que \u00e9l cocinaba para artistas y obreros. Los comensales, con el apetito abierto por los aromas culinarios, se reun\u00edan alrededor de una larga mesa situada al lado de una pared de donde colgaba la vista de un gran velero. Bramsen dirig\u00eda el taller como un capit\u00e1n su nav\u00edo. Antonio Saura escribi\u00f3 un magn\u00edfico relato sobre el capit\u00e1n Nemo Bramsen y su tripulaci\u00f3n de pintores. De un pueblo de navegantes, Peter pose\u00eda un velero que condujo hasta M\u00e9xico. Hace unos cuantos a\u00f1os, una de esas sacudidas imprevisibles del viento, s\u00fabitas y violentas como un abrazo de hurac\u00e1n, estrell\u00f3 a su velero contra un pe\u00f1asco.\u00a0<q>Qued\u00e9 viudo<\/q>, me relat\u00f3 con la desolaci\u00f3n del\u00a0<em>Inconsolable<\/em>\u00a0de G\u00e9rard de Nerval.<\/p>\n<\/div>\n<div class=\"col col2\">\n<p>Hace tiempo, para rectificar un calumnioso rumor sobre los or\u00edgenes de mi cocodrilo, feroz mascota del atelier, narr\u00e9 sus aventuras en el primer y \u00fanico texto que he escrito en franc\u00e9s. Despu\u00e9s de una larga errancia por las calles de Par\u00eds, mi hermoso y vagabundo animal encontr\u00f3 asilo junto a la vidriera que sirve de b\u00f3veda al taller, desde donde vigila con su mirada falsamente adormecida el trabajo de los artistas que, como el tiempo, saborea antes de devorar con glotoner\u00eda.<\/p>\n<p>Durante mucho tiempo, Toledo, cuando a\u00fan se trepaba a un avi\u00f3n, ven\u00eda a visitar a Bramsen con fidelidad amistosa. En casa de Peter, conoci\u00f3 a una amiga de Ingrid, creadora danesa de tejidos de arte. El matrimonio entre Francisco y Trini sell\u00f3 la uni\u00f3n entra\u00f1able entre M\u00e9xico y Dinamarca.<\/p>\n<p>El domingo que clausura el\u00a0<em>Tour<\/em>\u00a0de Francia 2022, se goz\u00f3 de un doble espect\u00e1culo: la llegada por la calle de Rivoli a los Campos El\u00edseos, donde culmina el tradicional\u00a0<em>Tour\u00a0<\/em>y donde se inici\u00f3 el primer\u00a0<em>Tour<\/em>\u00a0de Francia femenino en el coraz\u00f3n de Par\u00eds, unas horas antes de ver en esos mismos lugares la competencia final y endiablada entre los atletas masculinos conocidos como\u00a0<em>sprinters<\/em>.<\/p>\n<p>El espect\u00e1culo continuar\u00e1 con las ciclistas que dar\u00e1n la vuelta a Francia para seguir ofreciendo la visi\u00f3n de sus paisajes, sus monumentos y su historia.<\/p>\n<p class=\"email\"><a href=\"mailto:%76%69%6c%6d%61%66%75%65%6e%74%65%73%32%32@%67%6d%61%6c.%63%6f%6d\">vilmafuentes22@gmal.com<\/a><\/p>\n<\/div>\n<\/div>\n<div class=\"go gui\">\n<div class=\"go-up\"><\/div>\n<\/div>\n<\/div>\n<div id=\"taboola-below-content-thumbnails\" class=\" trc_related_container trc_spotlight_widget tbl-feed-container tbl-feed-frame-DIVIDER  render-late-effect\" data-feed-container-num=\"1\" data-feed-main-container-id=\"taboola-below-content-thumbnails\" data-parent-placement-name=\"Below Content Thumbnails\" data-pub-lang=\"es\">\n<div class=\" tbl-feed-header tbl-logo-right-position\">\n<div class=\"tbl-feed-header-logo\"><\/div>\n<\/div>\n<\/div>\n","protected":false},"excerpt":{"rendered":"<p>Campeones de arte y deporte Vilma Fuentes Este domingo termin\u00f3 la 109 edici\u00f3n del\u00a0Tour\u00a0de Francia, con la eclosi\u00f3n de un nuevo \u00eddolo popular y el coronamiento del ciclista dan\u00e9s Jonas Vingegaard. Coincidencias del azar, este\u00a0tour\u00a0tuvo su inicio en Dinamarca, pues desde hace algunos a\u00f1os, los organizadores de este concurso ciclista decidieron extender su \u00e1rea a [&hellip;]<\/p>\n","protected":false},"author":249,"featured_media":28662,"comment_status":"open","ping_status":"closed","sticky":false,"template":"","format":"standard","meta":{"footnotes":""},"categories":[26],"tags":[],"class_list":["post-28661","post","type-post","status-publish","format-standard","has-post-thumbnail","hentry","category-mundo"],"_links":{"self":[{"href":"https:\/\/eloficiodehistoriar.com.mx\/index.php?rest_route=\/wp\/v2\/posts\/28661","targetHints":{"allow":["GET"]}}],"collection":[{"href":"https:\/\/eloficiodehistoriar.com.mx\/index.php?rest_route=\/wp\/v2\/posts"}],"about":[{"href":"https:\/\/eloficiodehistoriar.com.mx\/index.php?rest_route=\/wp\/v2\/types\/post"}],"author":[{"embeddable":true,"href":"https:\/\/eloficiodehistoriar.com.mx\/index.php?rest_route=\/wp\/v2\/users\/249"}],"replies":[{"embeddable":true,"href":"https:\/\/eloficiodehistoriar.com.mx\/index.php?rest_route=%2Fwp%2Fv2%2Fcomments&post=28661"}],"version-history":[{"count":1,"href":"https:\/\/eloficiodehistoriar.com.mx\/index.php?rest_route=\/wp\/v2\/posts\/28661\/revisions"}],"predecessor-version":[{"id":28663,"href":"https:\/\/eloficiodehistoriar.com.mx\/index.php?rest_route=\/wp\/v2\/posts\/28661\/revisions\/28663"}],"wp:featuredmedia":[{"embeddable":true,"href":"https:\/\/eloficiodehistoriar.com.mx\/index.php?rest_route=\/wp\/v2\/media\/28662"}],"wp:attachment":[{"href":"https:\/\/eloficiodehistoriar.com.mx\/index.php?rest_route=%2Fwp%2Fv2%2Fmedia&parent=28661"}],"wp:term":[{"taxonomy":"category","embeddable":true,"href":"https:\/\/eloficiodehistoriar.com.mx\/index.php?rest_route=%2Fwp%2Fv2%2Fcategories&post=28661"},{"taxonomy":"post_tag","embeddable":true,"href":"https:\/\/eloficiodehistoriar.com.mx\/index.php?rest_route=%2Fwp%2Fv2%2Ftags&post=28661"}],"curies":[{"name":"wp","href":"https:\/\/api.w.org\/{rel}","templated":true}]}}