{"id":28668,"date":"2022-07-27T09:35:43","date_gmt":"2022-07-27T15:35:43","guid":{"rendered":"https:\/\/eloficiodehistoriar.com.mx\/?p=28668"},"modified":"2022-07-27T09:35:43","modified_gmt":"2022-07-27T15:35:43","slug":"5-millones-de-euros-a-la-rae-para-la-ejecucion-del-proyecto-lengua-espanola-e-inteligencia-artificial","status":"publish","type":"post","link":"https:\/\/eloficiodehistoriar.com.mx\/?p=28668","title":{"rendered":"5 millones de euros a la RAE para la ejecuci\u00f3n del proyecto Lengua espa\u00f1ola e inteligencia artificial."},"content":{"rendered":"<div id=\"article-cont\" class=\"main-cont article-cont actuality\">\n<div class=\"cabeza\">Conceden 5 millones de euros a la RAE para el proyecto Lengua espa\u00f1ola e inteligencia artificial<\/div>\n<div class=\"sumarios\"><\/div>\n<div id=\"article-text\" class=\"text\">\n<div class=\"col col1\">\n<div class=\"credito-autor\">Europa Press<\/div>\n<div class=\"credito-titulo\"><\/div>\n<div class=\"hemero\">La Jornada<\/p>\n<\/div>\n<p class=\"s-s\">Madrid.<\/p>\n<p class=\"s-s\">El Consejo de Ministros, a propuesta del Ministerio de Asuntos Econ\u00f3micos y Transformaci\u00f3n Digital, aprob\u00f3 ayer la concesi\u00f3n directa de una subvenci\u00f3n de 5 millones de euros a la Real Academia Espa\u00f1ola (RAE) para la ejecuci\u00f3n del proyecto Lengua espa\u00f1ola e inteligencia artificial.<\/p>\n<p>Esta asignaci\u00f3n, apunta el Ministerio, se enmarca en el Proyecto Estrat\u00e9gico para la Recuperaci\u00f3n y Transformaci\u00f3n Econ\u00f3mica de la Nueva Econom\u00eda de la Lengua del Plan de recuperaci\u00f3n y la agenda Espa\u00f1a digital 2026.<\/p>\n<p>De esta manera, el gobierno espa\u00f1ol y la RAE unen fuerzas para desarrollar la tecnolog\u00eda y las herramientas necesarias para que la inteligencia artificial procese de manera adecuada el idioma espa\u00f1ol. El objetivo de la alianza es incrementar y mejorar el uso del espa\u00f1ol en el \u00e1mbito digital.<\/p>\n<p>El proyecto busca promover el desarrollo de una industria basada en las tecnolog\u00edas del lenguaje (el procesamiento del lenguaje natural, la traducci\u00f3n autom\u00e1tica y los sistemas conversacionales), que permita a las empresas y los productos en espa\u00f1ol competir en la revoluci\u00f3n tecnol\u00f3gica en marcha.<\/p>\n<\/div>\n<div class=\"col col2\">\n<p>El Ministerio se\u00f1ala que, por medio de esta acci\u00f3n, se generar\u00e1n recursos ling\u00fc\u00edsticos, herramientas y modelos que se pondr\u00e1n a disposici\u00f3n de centros de investigaci\u00f3n, empresas y usuarios de manera abierta, accesible y en formatos adecuados para su uso y reutilizaci\u00f3n, lo que generar\u00e1 una importante transferencia de conocimiento a la econom\u00eda.<\/p>\n<p>Al respecto, est\u00e1 prevista la creaci\u00f3n de un observatorio de neologismos y tecnicismos donde por medio de la inteligencia artificial se recopilen autom\u00e1ticamente este tipo de palabras en tiempo real. Adem\u00e1s, se crear\u00e1n y desarrollar\u00e1n herramientas de verificaci\u00f3n ling\u00fc\u00edstica de contenido y de respuesta autom\u00e1tica. Para ello es necesario organizar y clasificar adecuadamente todos los datos y crear herramientas que permitan explotarlo de manera \u00f3ptima.<\/p>\n<\/div>\n<\/div>\n<div class=\"go gui\">\n<div class=\"go-up\"><\/div>\n<\/div>\n<\/div>\n<div id=\"taboola-below-content-thumbnails\" class=\" trc_related_container trc_spotlight_widget tbl-feed-container tbl-feed-frame-DIVIDER  render-late-effect\" data-feed-container-num=\"1\" data-feed-main-container-id=\"taboola-below-content-thumbnails\" data-parent-placement-name=\"Below Content Thumbnails\" data-pub-lang=\"es\">\n<div class=\" tbl-feed-header tbl-logo-right-position\">\n<div class=\"tbl-feed-header-logo\"><\/div>\n<\/div>\n<\/div>\n","protected":false},"excerpt":{"rendered":"<p>Conceden 5 millones de euros a la RAE para el proyecto Lengua espa\u00f1ola e inteligencia artificial Europa Press La Jornada Madrid. El Consejo de Ministros, a propuesta del Ministerio de Asuntos Econ\u00f3micos y Transformaci\u00f3n Digital, aprob\u00f3 ayer la concesi\u00f3n directa de una subvenci\u00f3n de 5 millones de euros a la Real Academia Espa\u00f1ola (RAE) para [&hellip;]<\/p>\n","protected":false},"author":249,"featured_media":28637,"comment_status":"open","ping_status":"closed","sticky":false,"template":"","format":"standard","meta":{"footnotes":""},"categories":[26],"tags":[],"class_list":["post-28668","post","type-post","status-publish","format-standard","has-post-thumbnail","hentry","category-mundo"],"_links":{"self":[{"href":"https:\/\/eloficiodehistoriar.com.mx\/index.php?rest_route=\/wp\/v2\/posts\/28668","targetHints":{"allow":["GET"]}}],"collection":[{"href":"https:\/\/eloficiodehistoriar.com.mx\/index.php?rest_route=\/wp\/v2\/posts"}],"about":[{"href":"https:\/\/eloficiodehistoriar.com.mx\/index.php?rest_route=\/wp\/v2\/types\/post"}],"author":[{"embeddable":true,"href":"https:\/\/eloficiodehistoriar.com.mx\/index.php?rest_route=\/wp\/v2\/users\/249"}],"replies":[{"embeddable":true,"href":"https:\/\/eloficiodehistoriar.com.mx\/index.php?rest_route=%2Fwp%2Fv2%2Fcomments&post=28668"}],"version-history":[{"count":1,"href":"https:\/\/eloficiodehistoriar.com.mx\/index.php?rest_route=\/wp\/v2\/posts\/28668\/revisions"}],"predecessor-version":[{"id":28669,"href":"https:\/\/eloficiodehistoriar.com.mx\/index.php?rest_route=\/wp\/v2\/posts\/28668\/revisions\/28669"}],"wp:featuredmedia":[{"embeddable":true,"href":"https:\/\/eloficiodehistoriar.com.mx\/index.php?rest_route=\/wp\/v2\/media\/28637"}],"wp:attachment":[{"href":"https:\/\/eloficiodehistoriar.com.mx\/index.php?rest_route=%2Fwp%2Fv2%2Fmedia&parent=28668"}],"wp:term":[{"taxonomy":"category","embeddable":true,"href":"https:\/\/eloficiodehistoriar.com.mx\/index.php?rest_route=%2Fwp%2Fv2%2Fcategories&post=28668"},{"taxonomy":"post_tag","embeddable":true,"href":"https:\/\/eloficiodehistoriar.com.mx\/index.php?rest_route=%2Fwp%2Fv2%2Ftags&post=28668"}],"curies":[{"name":"wp","href":"https:\/\/api.w.org\/{rel}","templated":true}]}}