{"id":28670,"date":"2022-07-27T09:41:55","date_gmt":"2022-07-27T15:41:55","guid":{"rendered":"https:\/\/eloficiodehistoriar.com.mx\/?p=28670"},"modified":"2022-07-27T09:41:55","modified_gmt":"2022-07-27T15:41:55","slug":"el-director-mexicano-concursa-por-el-leon-de-oro-con-la-pelicula-bardo-un-filme-muy-personal","status":"publish","type":"post","link":"https:\/\/eloficiodehistoriar.com.mx\/?p=28670","title":{"rendered":"El director mexicano concursa por el Le\u00f3n de Oro con la pel\u00edcula\u00a0\u00abBardo\u00bb un filme\u00a0muy personal"},"content":{"rendered":"<div id=\"article-cont\" class=\"main-cont article-cont actuality\">\n<div class=\"cabeza\"><em>Bardo,\u00a0<\/em>de Gonz\u00e1lez I\u00f1\u00e1rritu, un filme\u00a0<q>muy personal<\/q>, competir\u00e1 por el Le\u00f3n de Oro en la Mostra de Venecia<\/div>\n<div class=\"sumarios\"><\/div>\n<div id=\"article-text\" class=\"text\">\n<div class=\"foto\">\n<div class=\"pie-foto\"><em>Bardo<\/em>, del realizador mexicano, inspirada en la historia de un reconocido periodista y documentalista.<\/div>\n<div><\/div>\n<\/div>\n<div class=\"col col1\">\n<div class=\"credito-autor\">Afp<\/div>\n<div class=\"credito-titulo\"><\/div>\n<div class=\"hemero\">La Jornada<\/p>\n<\/div>\n<p class=\"s-s\">Roma.<\/p>\n<p class=\"s-s\">El director mexicano Alejandro Gonz\u00e1lez I\u00f1\u00e1rritu y el argentino Santiago Mitre competir\u00e1n en la secci\u00f3n oficial de la 79 edici\u00f3n de la Mostra del Cine de Venecia del 31 de agosto al 10 de septiembre, anunciaron los organizadores.<\/p>\n<p>El aclamado y premiado director mexicano concursa este a\u00f1o por el Le\u00f3n de Oro con la pel\u00edcula\u00a0<em>Bardo<\/em>, un filme\u00a0<q>muy personal<\/q>, se\u00f1al\u00f3 el director del festival veneciano, Alberto Barbera.<\/p>\n<p>La cinta se inspira en la historia de un reconocido periodista y documentalista mexicano, quien al regresar a su pa\u00eds se enfrenta a su identidad, sus afectos, sus memorias, el pasado y la nueva realidad de su pa\u00eds.<\/p>\n<p>Se trata de la primera pel\u00edcula filmada en M\u00e9xico por Gonz\u00e1lez I\u00f1\u00e1rritu, radicado desde hace a\u00f1os en Estados Unidos, despu\u00e9s de que debut\u00f3 en 2000 con su celebrado filme\u00a0<em>Amores perros<\/em>, con las historias entrecruzadas de varios adolescentes en la Ciudad de M\u00e9xico,<\/p>\n<p><q>Ha puesto todo de s\u00ed mismo, sus obsesiones, sus sue\u00f1os, sus pesadillas, me confes\u00f3 cuando empez\u00f3 a rodar. El filme le cambi\u00f3 hasta el modo de so\u00f1ar<\/q>, cont\u00f3 Barbera al presentar la lista de pel\u00edculas invitadas.<\/p>\n<p>En total 23 filmes han sido seleccionados para competir por el prestigioso Le\u00f3n de Oro, entre ellos cinco italianos y cinco franceses, dirigidos por reconocidos cineastas.<\/p>\n<\/div>\n<div class=\"col col2\">\n<p>La osad\u00eda de enjuiciar a los jefes de la dictadura m\u00e1s sangrienta de Am\u00e9rica Latina es narrada por la pel\u00edcula\u00a0<em>Argentina, 1985<\/em>, de Santiago Mitre, quien relata el fallo hist\u00f3rico contra la junta militar con los actores Ricardo Dar\u00edn y Peter Lanzani en el papel de los fiscales Julio Strassera y Luis Moreno Ocampo.<\/p>\n<p><q>Una pel\u00edcula que hab\u00eda que hacer<\/q>, coment\u00f3 Barbera.<\/p>\n<p>El juicio, reconocido como el\u00a0<em>Nuremberg Argentino<\/em>, se refiere a un hecho real, llamado el Juicio a las Juntas, el proceso realizado en 1985 por decreto del presidente Ra\u00fal Ricardo Alfons\u00edn sobre los integrantes de las tres primeras juntas militares de la dictadura (1976-1983), debido a sus graves y masivas violaciones de derechos humanos.<\/p>\n<p>La pel\u00edcula fue rodada en los lugares donde acontecieron los hechos y aborda un momento hist\u00f3rico y ejemplar.<\/p>\n<p>El festival se abrir\u00e1 con el filme\u00a0<em>White noise<\/em>\u00a0(<em>Ruido de fondo<\/em>), de Noah Baumbach, basado en la novela del c\u00e9lebre escritor estadunidense Don DeLillo.<\/p>\n<p>La pel\u00edcula, producida por Netflix, aspira al m\u00e1ximo galard\u00f3n, que ser\u00e1 otorgado por un jurado encabezado por la actriz Julianne Moore.<\/p>\n<\/div>\n<\/div>\n<div class=\"go gui\">\n<div class=\"go-up\"><\/div>\n<\/div>\n<\/div>\n<div id=\"taboola-below-content-thumbnails\" class=\" trc_related_container trc_spotlight_widget tbl-feed-container tbl-feed-frame-DIVIDER  render-late-effect\" data-feed-container-num=\"1\" data-feed-main-container-id=\"taboola-below-content-thumbnails\" data-parent-placement-name=\"Below Content Thumbnails\" data-pub-lang=\"es\">\n<div class=\" tbl-feed-header tbl-logo-right-position\">\n<div class=\"tbl-feed-header-logo\"><\/div>\n<\/div>\n<\/div>\n","protected":false},"excerpt":{"rendered":"<p>Bardo,\u00a0de Gonz\u00e1lez I\u00f1\u00e1rritu, un filme\u00a0muy personal, competir\u00e1 por el Le\u00f3n de Oro en la Mostra de Venecia Bardo, del realizador mexicano, inspirada en la historia de un reconocido periodista y documentalista. Afp La Jornada Roma. El director mexicano Alejandro Gonz\u00e1lez I\u00f1\u00e1rritu y el argentino Santiago Mitre competir\u00e1n en la secci\u00f3n oficial de la 79 edici\u00f3n [&hellip;]<\/p>\n","protected":false},"author":249,"featured_media":28671,"comment_status":"open","ping_status":"closed","sticky":false,"template":"","format":"standard","meta":{"footnotes":""},"categories":[26],"tags":[],"class_list":["post-28670","post","type-post","status-publish","format-standard","has-post-thumbnail","hentry","category-mundo"],"_links":{"self":[{"href":"https:\/\/eloficiodehistoriar.com.mx\/index.php?rest_route=\/wp\/v2\/posts\/28670","targetHints":{"allow":["GET"]}}],"collection":[{"href":"https:\/\/eloficiodehistoriar.com.mx\/index.php?rest_route=\/wp\/v2\/posts"}],"about":[{"href":"https:\/\/eloficiodehistoriar.com.mx\/index.php?rest_route=\/wp\/v2\/types\/post"}],"author":[{"embeddable":true,"href":"https:\/\/eloficiodehistoriar.com.mx\/index.php?rest_route=\/wp\/v2\/users\/249"}],"replies":[{"embeddable":true,"href":"https:\/\/eloficiodehistoriar.com.mx\/index.php?rest_route=%2Fwp%2Fv2%2Fcomments&post=28670"}],"version-history":[{"count":1,"href":"https:\/\/eloficiodehistoriar.com.mx\/index.php?rest_route=\/wp\/v2\/posts\/28670\/revisions"}],"predecessor-version":[{"id":28672,"href":"https:\/\/eloficiodehistoriar.com.mx\/index.php?rest_route=\/wp\/v2\/posts\/28670\/revisions\/28672"}],"wp:featuredmedia":[{"embeddable":true,"href":"https:\/\/eloficiodehistoriar.com.mx\/index.php?rest_route=\/wp\/v2\/media\/28671"}],"wp:attachment":[{"href":"https:\/\/eloficiodehistoriar.com.mx\/index.php?rest_route=%2Fwp%2Fv2%2Fmedia&parent=28670"}],"wp:term":[{"taxonomy":"category","embeddable":true,"href":"https:\/\/eloficiodehistoriar.com.mx\/index.php?rest_route=%2Fwp%2Fv2%2Fcategories&post=28670"},{"taxonomy":"post_tag","embeddable":true,"href":"https:\/\/eloficiodehistoriar.com.mx\/index.php?rest_route=%2Fwp%2Fv2%2Ftags&post=28670"}],"curies":[{"name":"wp","href":"https:\/\/api.w.org\/{rel}","templated":true}]}}