{"id":28673,"date":"2022-07-27T09:50:21","date_gmt":"2022-07-27T15:50:21","guid":{"rendered":"https:\/\/eloficiodehistoriar.com.mx\/?p=28673"},"modified":"2022-07-27T09:50:21","modified_gmt":"2022-07-27T15:50:21","slug":"en-el-hotel-de-la-vida-todos-somos-extranjeros-poemario-de-margarito-cuellar-reune-viajes-y-estancias","status":"publish","type":"post","link":"https:\/\/eloficiodehistoriar.com.mx\/?p=28673","title":{"rendered":"\u00abEn el hotel de la vida todos somos extranjeros\u00bb poemario de Margarito Cu\u00e9llar,  re\u00fane viajes y estancias"},"content":{"rendered":"<div class=\"cabeza\">Rememora Margarito Cu\u00e9llar tres de sus\u00a0<q>migraciones<\/q>\u00a0en un poemario<\/div>\n<div class=\"sumarios\"><\/div>\n<div id=\"article-text\" class=\"text\">\n<div class=\"col col1\">\n<div class=\"credito-autor\">Carlos Paul<\/div>\n<div class=\"credito-titulo\"><\/div>\n<div class=\"hemero\">La Jornada<\/p>\n<\/div>\n<p class=\"s-s\"><em>En el hotel de la vida todos somos extranjeros<\/em>\u00a0es el t\u00edtulo del poemario escrito por Margarito Cu\u00e9llar (San Luis Potos\u00ed, 1956), en el que re\u00fane poemas inspirados por los viajes y estancias que han marcado su vida.<\/p>\n<p>Publicado en 2021 por Laberinto Ediciones y el Consejo para la Cultura y las Artes de Nuevo Le\u00f3n, da cuenta de tres principales migraciones del poeta: de Ciudad del Ma\u00edz, San Luis Potos\u00ed, su tierra natal, hacia el norte de Tamaulipas,\u00a0<q>durante un tiempo<\/q>, luego hacia Monterrey, Nuevo Le\u00f3n,\u00a0<q>estado que me adopt\u00f3 y donde radico<\/q>, y un viaje que el autor realiz\u00f3 a la Ciudad de M\u00e9xico, donde vivi\u00f3 por varios a\u00f1os.<\/p>\n<p><q>Son poemas que fueron escritos pasado un tiempo de esos viajes, no en el presente de esas estancias, sino cuando ese pasado ya est\u00e1 asimilado y la poes\u00eda permite revivir esas experiencias y geograf\u00edas que he atravesado. Es un recuento que ahonda en la memoria<\/q>, explic\u00f3 en entrevista con\u00a0<em>La Jornada<\/em>.<\/p>\n<p>Margarito Cu\u00e9llar recurre\u00a0<q>a la met\u00e1fora y los s\u00edmbolos, para hablar de la Ciudad de M\u00e9xico y definirla como un monstruo, donde uno se tiene que convertir en un domador, pero no para matar a la ciudad, sino para poder sobrevivir en ella<\/q>.<\/p>\n<p><em>En el hotel de la vida todos somos extranjeros<\/em>\u00a0incluye poemas que\u00a0<q>me dieron la posibilidad de regresar a mis ra\u00edces, pues la ciudad te permite evocar a tus ancestros. La ciudad te permite retroceder y hacer memoria<\/q>.<\/p>\n<p>Cu\u00e9llar ha escrito 19 libros en su trayectoria de m\u00e1s de 40 a\u00f1os de escritura.<\/p>\n<\/div>\n<div class=\"col col2\">\n<div class=\"foto\">\n<div class=\"pie-foto\">Margarito Cu\u00e9llar define a la Ciudad de M\u00e9xico como <q>un monstruo, donde uno se tiene que convertir en domador, pero no para matar a la ciudad, sino para poder sobrevivir en ella<\/q>.<\/div>\n<\/div>\n<p>El libro fue comentado por el editor Esteban Ascencio y el autor la noche del lunes en el Foro del Tejedor, en la colonia Roma, en un conversatorio donde se leyeron varios poemas, y en el que ambos, entre otras cuestiones, se refirieron al trabajo que implica escribir poes\u00eda, al momento en que el poeta sabe o piensa que ha terminado un poema.<\/p>\n<p>\u201cEn los talleres con mis estudiantes, cuando les pregunto \u2018\u00bfcu\u00e1l es el mejor amigo del escritor o poeta?\u2019 Les respondo que el bote de basura\u201d. La cuesti\u00f3n, explic\u00f3, es cu\u00e1ndo recurrir a ese amigo, lo cual es muy complicado despu\u00e9s de haber dedicado varias horas a la escritura.<\/p>\n<p><q>Al principio, cuando se escribe un poema, aquello que el escritor considera poes\u00eda no lo es, son apuntes, balbuceos, trazos. Luego viene una toma de conciencia (lo que complica las cosas), se reflexiona sobre la palabra, sobre el hecho creativo, y se vuelve uno m\u00e1s exigente. Por eso decidir cu\u00e1ndo hacer uso del bote de basura es muy complicado. La mayor\u00eda de lo que se escribe va a ese contenedor. Si se llena, no queda m\u00e1s que seguir con disciplina, trabajo y resistencia.<\/q><\/p>\n<p>Margarito Cu\u00e9llar adelant\u00f3 a\u00a0<em>La Jornada<\/em>\u00a0que en dos meses Laberinto Ediciones pondr\u00e1 en circulaci\u00f3n un libro de aforismos con el t\u00edtulo\u00a0<em>Velocidad cr\u00edtica<\/em>, donde el poeta reflexiona sobre la humanidad, el pensamiento, la cultura, la escritura, la lectura, la poes\u00eda, la filosof\u00eda, la juventud y el tiempo.<\/p>\n<\/div>\n<\/div>\n","protected":false},"excerpt":{"rendered":"<p>Rememora Margarito Cu\u00e9llar tres de sus\u00a0migraciones\u00a0en un poemario Carlos Paul La Jornada En el hotel de la vida todos somos extranjeros\u00a0es el t\u00edtulo del poemario escrito por Margarito Cu\u00e9llar (San Luis Potos\u00ed, 1956), en el que re\u00fane poemas inspirados por los viajes y estancias que han marcado su vida. Publicado en 2021 por Laberinto Ediciones [&hellip;]<\/p>\n","protected":false},"author":249,"featured_media":28674,"comment_status":"open","ping_status":"closed","sticky":false,"template":"","format":"standard","meta":{"footnotes":""},"categories":[26],"tags":[],"class_list":["post-28673","post","type-post","status-publish","format-standard","has-post-thumbnail","hentry","category-mundo"],"_links":{"self":[{"href":"https:\/\/eloficiodehistoriar.com.mx\/index.php?rest_route=\/wp\/v2\/posts\/28673","targetHints":{"allow":["GET"]}}],"collection":[{"href":"https:\/\/eloficiodehistoriar.com.mx\/index.php?rest_route=\/wp\/v2\/posts"}],"about":[{"href":"https:\/\/eloficiodehistoriar.com.mx\/index.php?rest_route=\/wp\/v2\/types\/post"}],"author":[{"embeddable":true,"href":"https:\/\/eloficiodehistoriar.com.mx\/index.php?rest_route=\/wp\/v2\/users\/249"}],"replies":[{"embeddable":true,"href":"https:\/\/eloficiodehistoriar.com.mx\/index.php?rest_route=%2Fwp%2Fv2%2Fcomments&post=28673"}],"version-history":[{"count":1,"href":"https:\/\/eloficiodehistoriar.com.mx\/index.php?rest_route=\/wp\/v2\/posts\/28673\/revisions"}],"predecessor-version":[{"id":28675,"href":"https:\/\/eloficiodehistoriar.com.mx\/index.php?rest_route=\/wp\/v2\/posts\/28673\/revisions\/28675"}],"wp:featuredmedia":[{"embeddable":true,"href":"https:\/\/eloficiodehistoriar.com.mx\/index.php?rest_route=\/wp\/v2\/media\/28674"}],"wp:attachment":[{"href":"https:\/\/eloficiodehistoriar.com.mx\/index.php?rest_route=%2Fwp%2Fv2%2Fmedia&parent=28673"}],"wp:term":[{"taxonomy":"category","embeddable":true,"href":"https:\/\/eloficiodehistoriar.com.mx\/index.php?rest_route=%2Fwp%2Fv2%2Fcategories&post=28673"},{"taxonomy":"post_tag","embeddable":true,"href":"https:\/\/eloficiodehistoriar.com.mx\/index.php?rest_route=%2Fwp%2Fv2%2Ftags&post=28673"}],"curies":[{"name":"wp","href":"https:\/\/api.w.org\/{rel}","templated":true}]}}