{"id":28676,"date":"2022-07-27T10:02:58","date_gmt":"2022-07-27T16:02:58","guid":{"rendered":"https:\/\/eloficiodehistoriar.com.mx\/?p=28676"},"modified":"2022-07-27T10:02:58","modified_gmt":"2022-07-27T16:02:58","slug":"casa-museo-guillermo-landa","status":"publish","type":"post","link":"https:\/\/eloficiodehistoriar.com.mx\/?p=28676","title":{"rendered":"Casa Museo Guillermo Landa"},"content":{"rendered":"<div>\n<h1 class=\"title\">Casa Museo Guillermo Landa<\/h1>\n<h1 class=\"title\">Otro rinc\u00f3n cultural de Veracruz;<\/h1>\n<h1 class=\"title\">\u00bflo conoces?<\/h1>\n<\/div>\n<h3 class=\"subtitle\">El Chalet Landa es una casa antigua con un gran patrimonio hist\u00f3rico y literario y se encuentra en Huatusco<\/h3>\n<div class=\"lead-gallery \">\n<div class=\"teaser  owl-carousel owl-theme\">\n<div class=\"owl-wrapper-outer\">\n<div class=\"owl-wrapper\">\n<div class=\"owl-item\">\n<div class=\"img-container picture\">\n<div id=\"standard_1\" class=\"st-placement standard_1 inImage\">\n<div class=\"st-adunit st-adunit-tagged st-reset st-show\">El Chalet Landa cuenta con una amplia librer\u00eda hist\u00f3rica y muebles ex\u00f3ticos<\/div>\n<\/div>\n<\/div>\n<\/div>\n<\/div>\n<\/div>\n<\/div>\n<\/div>\n<div id=\"affix-share\" class=\"sharing-menu no-affix\">\n<ul>\n<li>Maribel S\u00e1nchez<\/li>\n<li>Diario de Xalapa<\/li>\n<\/ul>\n<\/div>\n<div class=\"content-body clearfix \">\n<div id=\"content-body-225-8651507\">\n<p>El\u00a0<b>chalet\u00a0<\/b>ubicado en avenida 1 n\u00famero 333, en la zona<b>\u00a0Centro de la ciudad de Huatusco<\/b>, ya forma parte del patrimonio de los veracruzanos, quienes pueden visitar el lugar ahora conocido como\u00a0<b>Casa Museo Guillermo Landa.<\/b><\/p>\n<p><i>La donaci\u00f3n de quien fuera destacado diplom\u00e1tico cultural nativo de Huatusco fue inaugurada el pasado 23 de julio, fecha en la que el tambi\u00e9n abogado habr\u00eda cumplido 87 a\u00f1os; \u00e9l falleci\u00f3 en 2020.<\/i><\/p>\n<\/div>\n<\/div>\n<div class=\"advertisment \">\n<div id=\"dfp-nota-1x1s\" data-google-query-id=\"CJuW_ua2mfkCFQcaPwodG0wIbw\">\n<div id=\"google_ads_iframe_\/2000002\/diariodexalapa\/mexico_nota_1x1_0__container__\">De acuerdo con datos del <b>Instituto Veracruzano de Cultura<\/b>, encargado de administrar el inmueble, el legado del poeta biling\u00fce espa\u00f1ol y franc\u00e9s es un chalet construido en 1912; la construcci\u00f3n estuvo a cargo de los ingenieros\u00a0<b>Luis Bacmeister y Aurelio Ruelas.<\/b><\/div>\n<\/div>\n<\/div>\n<article class=\"content-continued-body clearfix \">\n<div id=\"content-body-5851641-8651507\">\n<div class=\"teads-adCall\"><\/div>\n<div class=\"teads-inread\">\n<div>\n<div id=\"teads0\" class=\"teads-player\">Hay muebles destacables del Siglo XIX y XX<\/div>\n<\/div>\n<\/div>\n<p><b><br \/>\n<\/b><i>La herencia al pueblo veracruzano incluye una biblioteca con aproximadamente\u00a0<b>10 mil libros con traducciones en cuatro idiomas, as\u00ed como mobiliario antiguo y europeo, del que destacan piezas del siglo XIX y XX<\/b>\u00a0elaboradas con maderas preciosas.<\/i><\/p>\n<p><i>Adem\u00e1s, obras de autores como Soriano, Toledo, Siqueiros, Pedro Coronel, Vlady, Z\u00e1rate, Vochoc, Chadima, Bienkowski y Paur se suman al patrimonio art\u00edstico del Estado, uno de los m\u00e1s importantes del pa\u00eds al estar compuesto por cerca de ocho mil obras, indica Sergio Rosete Xotlanihua, encargado de la Subdirecci\u00f3n de Artes y Patrimonio del IVEC.\u00a0<\/i><b>El autor de los poemarios \u201cEste mar que yo soy\u201d y \u201cDe nuevo el mar\u201d tambi\u00e9n leg\u00f3 todos los objetos decorativos y de uso diario.<\/b>\u00a0Silvia Alejandre Prado, directora del IVEC, menciona que adem\u00e1s de estar la invitaci\u00f3n abierta para recorrer la casa, lo que se busca es difundir y promover el trabajo de Guillermo Landa Vel\u00e1zquez.<\/p>\n<p>El<b>\u00a0Diccionario de escritores mexicanos. Siglo XX expone que la obra del veracruzano ha sido traducida al franc\u00e9s,\u00a0<\/b>servio\u2013croata y al polaco, y su expresi\u00f3n po\u00e9tica combina lo cl\u00e1sico con b\u00fasquedas formales de corte vanguardista.<\/p>\n<p><i>En sus poemas sobresale tambi\u00e9n su inter\u00e9s por ahondar en temas como el\u00a0<b>amor, el mar, la muerte, el erotismo<\/b>\u00a0y hasta la obra de grandes pintores. El \u201c<b>Chalet Landa\u201d\u00a0<\/b>est\u00e1 abierto de mi\u00e9rcoles a domingo, de 10 a 15 horas.<\/i><\/p>\n<\/div>\n<\/article>\n","protected":false},"excerpt":{"rendered":"<p>Casa Museo Guillermo Landa Otro rinc\u00f3n cultural de Veracruz; \u00bflo conoces? El Chalet Landa es una casa antigua con un gran patrimonio hist\u00f3rico y literario y se encuentra en Huatusco El Chalet Landa cuenta con una amplia librer\u00eda hist\u00f3rica y muebles ex\u00f3ticos Maribel S\u00e1nchez Diario de Xalapa El\u00a0chalet\u00a0ubicado en avenida 1 n\u00famero 333, en la [&hellip;]<\/p>\n","protected":false},"author":249,"featured_media":28677,"comment_status":"open","ping_status":"closed","sticky":false,"template":"","format":"standard","meta":{"footnotes":""},"categories":[26],"tags":[],"class_list":["post-28676","post","type-post","status-publish","format-standard","has-post-thumbnail","hentry","category-mundo"],"_links":{"self":[{"href":"https:\/\/eloficiodehistoriar.com.mx\/index.php?rest_route=\/wp\/v2\/posts\/28676","targetHints":{"allow":["GET"]}}],"collection":[{"href":"https:\/\/eloficiodehistoriar.com.mx\/index.php?rest_route=\/wp\/v2\/posts"}],"about":[{"href":"https:\/\/eloficiodehistoriar.com.mx\/index.php?rest_route=\/wp\/v2\/types\/post"}],"author":[{"embeddable":true,"href":"https:\/\/eloficiodehistoriar.com.mx\/index.php?rest_route=\/wp\/v2\/users\/249"}],"replies":[{"embeddable":true,"href":"https:\/\/eloficiodehistoriar.com.mx\/index.php?rest_route=%2Fwp%2Fv2%2Fcomments&post=28676"}],"version-history":[{"count":1,"href":"https:\/\/eloficiodehistoriar.com.mx\/index.php?rest_route=\/wp\/v2\/posts\/28676\/revisions"}],"predecessor-version":[{"id":28678,"href":"https:\/\/eloficiodehistoriar.com.mx\/index.php?rest_route=\/wp\/v2\/posts\/28676\/revisions\/28678"}],"wp:featuredmedia":[{"embeddable":true,"href":"https:\/\/eloficiodehistoriar.com.mx\/index.php?rest_route=\/wp\/v2\/media\/28677"}],"wp:attachment":[{"href":"https:\/\/eloficiodehistoriar.com.mx\/index.php?rest_route=%2Fwp%2Fv2%2Fmedia&parent=28676"}],"wp:term":[{"taxonomy":"category","embeddable":true,"href":"https:\/\/eloficiodehistoriar.com.mx\/index.php?rest_route=%2Fwp%2Fv2%2Fcategories&post=28676"},{"taxonomy":"post_tag","embeddable":true,"href":"https:\/\/eloficiodehistoriar.com.mx\/index.php?rest_route=%2Fwp%2Fv2%2Ftags&post=28676"}],"curies":[{"name":"wp","href":"https:\/\/api.w.org\/{rel}","templated":true}]}}