{"id":28689,"date":"2022-07-28T10:04:03","date_gmt":"2022-07-28T16:04:03","guid":{"rendered":"https:\/\/eloficiodehistoriar.com.mx\/?p=28689"},"modified":"2022-07-28T10:04:03","modified_gmt":"2022-07-28T16:04:03","slug":"el-musical-aladdin-ofrecera-una-funcion-adaptada-para-las-personas-de-neurodiversidad-el-28-de-agosto","status":"publish","type":"post","link":"https:\/\/eloficiodehistoriar.com.mx\/?p=28689","title":{"rendered":"El musical\u00a0\u00abAladd\u00edn\u00bb\u00a0ofrecer\u00e1 una funci\u00f3n adaptada para las personas de neurodiversidad, el 28 de agosto."},"content":{"rendered":"<div id=\"article-cont\" class=\"main-cont article-cont actuality\">\n<div class=\"cabeza\"><em>Aladd\u00edn<\/em>\u00a0ofrecer\u00e1 una funci\u00f3n especial para personas con autismo y sus familias<\/div>\n<div class=\"sumarios\"><\/div>\n<div id=\"article-text\" class=\"text\">\n<div class=\"col col1\">\n<div class=\"credito-autor\">De la Redacci\u00f3n<\/div>\n<div class=\"credito-titulo\"><\/div>\n<div class=\"hemero\">La Jornada<\/p>\n<\/div>\n<p class=\"s-s\">El musical\u00a0<em>Aladd\u00edn<\/em>\u00a0ofrecer\u00e1 una funci\u00f3n en la que adaptar\u00e1 su producci\u00f3n para ser amigable con las personas en condiciones de neurodiversidad, el 28 de agosto.<\/p>\n<p>Gracias al apoyo de Iluminemos por el Autismo, organizaci\u00f3n sin fines de lucro fundada en 2015, que trabaja en favor de la inclusi\u00f3n integral de las personas con esa condici\u00f3n de vida y sus familias, la presentaci\u00f3n de ese d\u00eda ser\u00e1 una excelente oportunidad para que el p\u00fablico con condiciones del espectro autista y del neurodesarrollo disfrute al m\u00e1ximo de uno de los mejores musicales del momento.<\/p>\n<p>Nuevamente, una de las producciones teatrales m\u00e1s grandes y exitosas de M\u00e9xico,\u00a0<em>Aladd\u00edn,<\/em>\u00a0transformar\u00e1 su producci\u00f3n y la adaptar\u00e1 para que pueda ser disfrutada por personas con diferentes condiciones de neurodiversidad.<\/p>\n<p>No es la primera vez que se realiza algo as\u00ed, ya que, en 2017, la puesta en escena\u00a0<em>El Rey Le\u00f3n,\u00a0<\/em>adapt\u00f3 su entorno con el fin presentar una propuesta apta para personas con esa condici\u00f3n.<\/p>\n<\/div>\n<div class=\"col col2\">\n<p>En esta ocasi\u00f3n, toca el turno a\u00a0<em>Aladd\u00edn<\/em>\u00a0de abrir sus puertas con una funci\u00f3n totalmente adaptada y llevar la magia de\u00a0<em>\u00c1grabah<\/em>\u00a0a estos maravillosos espectadores.<\/p>\n<p>Para esta visita especial, el espect\u00e1culo tendr\u00e1 algunos cambios: se eliminar\u00e1n luces estrobosc\u00f3picas, el teatro no se oscurecer\u00e1 por completo, no se llenar\u00e1 al ciento por ciento de su capacidad, se bajar\u00e1 el volumen del audio y el elenco y trabajadores estar\u00e1n debidamente sensibilizados con la finalidad de comprender las necesidades y retos de los asistentes.<\/p>\n<p>La cita es en el Teatro Telcel, localizado en Plaza Carso, el 28 de agosto. Mayores informes al 55-4976-0505.<\/p>\n<\/div>\n<\/div>\n<div class=\"go gui\">\n<div class=\"go-up\"><\/div>\n<\/div>\n<\/div>\n<div id=\"taboola-below-content-thumbnails\" class=\" trc_related_container trc_spotlight_widget tbl-feed-container tbl-feed-frame-DIVIDER  render-late-effect\" data-feed-container-num=\"1\" data-feed-main-container-id=\"taboola-below-content-thumbnails\" data-parent-placement-name=\"Below Content Thumbnails\" data-pub-lang=\"es\">\n<div class=\" tbl-feed-header tbl-logo-right-position\">\n<div class=\"tbl-feed-header-logo\"><\/div>\n<\/div>\n<\/div>\n","protected":false},"excerpt":{"rendered":"<p>Aladd\u00edn\u00a0ofrecer\u00e1 una funci\u00f3n especial para personas con autismo y sus familias De la Redacci\u00f3n La Jornada El musical\u00a0Aladd\u00edn\u00a0ofrecer\u00e1 una funci\u00f3n en la que adaptar\u00e1 su producci\u00f3n para ser amigable con las personas en condiciones de neurodiversidad, el 28 de agosto. Gracias al apoyo de Iluminemos por el Autismo, organizaci\u00f3n sin fines de lucro fundada en [&hellip;]<\/p>\n","protected":false},"author":249,"featured_media":28556,"comment_status":"open","ping_status":"closed","sticky":false,"template":"","format":"standard","meta":{"footnotes":""},"categories":[26],"tags":[],"class_list":["post-28689","post","type-post","status-publish","format-standard","has-post-thumbnail","hentry","category-mundo"],"_links":{"self":[{"href":"https:\/\/eloficiodehistoriar.com.mx\/index.php?rest_route=\/wp\/v2\/posts\/28689","targetHints":{"allow":["GET"]}}],"collection":[{"href":"https:\/\/eloficiodehistoriar.com.mx\/index.php?rest_route=\/wp\/v2\/posts"}],"about":[{"href":"https:\/\/eloficiodehistoriar.com.mx\/index.php?rest_route=\/wp\/v2\/types\/post"}],"author":[{"embeddable":true,"href":"https:\/\/eloficiodehistoriar.com.mx\/index.php?rest_route=\/wp\/v2\/users\/249"}],"replies":[{"embeddable":true,"href":"https:\/\/eloficiodehistoriar.com.mx\/index.php?rest_route=%2Fwp%2Fv2%2Fcomments&post=28689"}],"version-history":[{"count":1,"href":"https:\/\/eloficiodehistoriar.com.mx\/index.php?rest_route=\/wp\/v2\/posts\/28689\/revisions"}],"predecessor-version":[{"id":28690,"href":"https:\/\/eloficiodehistoriar.com.mx\/index.php?rest_route=\/wp\/v2\/posts\/28689\/revisions\/28690"}],"wp:featuredmedia":[{"embeddable":true,"href":"https:\/\/eloficiodehistoriar.com.mx\/index.php?rest_route=\/wp\/v2\/media\/28556"}],"wp:attachment":[{"href":"https:\/\/eloficiodehistoriar.com.mx\/index.php?rest_route=%2Fwp%2Fv2%2Fmedia&parent=28689"}],"wp:term":[{"taxonomy":"category","embeddable":true,"href":"https:\/\/eloficiodehistoriar.com.mx\/index.php?rest_route=%2Fwp%2Fv2%2Fcategories&post=28689"},{"taxonomy":"post_tag","embeddable":true,"href":"https:\/\/eloficiodehistoriar.com.mx\/index.php?rest_route=%2Fwp%2Fv2%2Ftags&post=28689"}],"curies":[{"name":"wp","href":"https:\/\/api.w.org\/{rel}","templated":true}]}}