{"id":28698,"date":"2022-07-29T08:34:47","date_gmt":"2022-07-29T14:34:47","guid":{"rendered":"https:\/\/eloficiodehistoriar.com.mx\/?p=28698"},"modified":"2022-07-29T08:34:47","modified_gmt":"2022-07-29T14:34:47","slug":"la-esperanza-de-vida-rn-mexico-para-2019-para-las-mujeres-78-6-y-los-hombres-de-72-2","status":"publish","type":"post","link":"https:\/\/eloficiodehistoriar.com.mx\/?p=28698","title":{"rendered":"La esperanza de vida rn M\u00e9xico para 2019 para las mujeres 78. 6 y los hombres de 72.2."},"content":{"rendered":"<div id=\"article-cont\" class=\"main-cont article-cont analysis\">\n<div class=\"cabeza\">Esperanza de vida al nacer<\/div>\n<div class=\"sumarios\"><\/div>\n<div class=\"credito-articulo\">Gabriela Rodr\u00edguez R.*<\/div>\n<div><\/div>\n<div id=\"article-text\" class=\"text\">\n<div class=\"col col1\">\n<div class=\"inicial\">El n\u00famero de a\u00f1os que en promedio\u00a0se espera que viva una persona al momento del nacimiento configura\u00a0<q>la esperanza de vida al nacer<\/q>, un indicador del desarrollo econ\u00f3mico y social de la poblaci\u00f3n. En Me?xico se ha presentado un importante incremento de este indicador a lo largo de varias de?cadas, entre los a\u00f1os 1960 y 1970 nuestra esperanza de vida era de 60 a\u00f1os, para 2019 lleg\u00f3 a 75.1 a\u00f1os en promedio, las mujeres mexicanas con una esperanza de vida de 78. 6 a\u00f1os, superior a la de los hombres en seis a\u00f1os, cuya esperanza fue de 72.2. En estas d\u00e9cadas las causas de fallecimiento cambiaron, de morir por enfermedades infecciosas, parasitarias y neumoni?as, crecieron las enfermedades cro?nicas y degenerativas: la diabetes, el ca?ncer y las enfermedades cardiovasculares (\u00a0<em>Proyecciones del Conapo<\/em>, 2016-2050).<\/div>\n<p>Pero la pandemia del covid-19 cambi\u00f3 el escenario en M\u00e9xico y en el planeta, el aumento en el n\u00famero de muertes tuvo un impacto sustancial. La esperanza de vida global parece haber disminuido entre 0.72 y 0.92 en 2020 y 2021, lo cual representa la primera disminuci\u00f3n en la historia de la esperanza de vida global desde 1950 (Patrick Heuveline,\u00a0<em>Global and National Declines in Life Expectancy: An End-of-2021 Assessment<\/em>, CCPR\/ Universidad de California, marzo 2022).<\/p>\n<p>Nuevas estimaciones y proyecciones de la Cepal y la Divisi\u00f3n de Poblaci\u00f3n de Naciones Unidas confirman que Am\u00e9rica Latina y el Caribe perdi\u00f3 2.9 a\u00f1os de esperanza de vida al nacer entre 2019 y 2021 a consecuencia del covid-19, pasando de 75.1 a\u00f1os en 2019 a 72.1 a\u00f1os en 2021, lo que la convierte en la regi\u00f3n del mundo que perdi\u00f3 m\u00e1s a\u00f1os en la esperanza de vida debido a la pandemia. De acuerdo con el organismo, la ca\u00edda entre 2019 y 2021 fue mayor en Am\u00e9rica Central, con una p\u00e9rdida de 3.6 a\u00f1os, aunque se evidenci\u00f3 una aceleraci\u00f3n en la p\u00e9rdida de esperanza de vida en el Caribe en 2021, as\u00ed como grandes desigualdades entre pa\u00edses. Las proyecciones suponen que ya en 2022 comenzar\u00e1 la recuperaci\u00f3n de los a\u00f1os perdidos, debido al proceso de vacunaci\u00f3n y las medidas para combatir la pandemia (\u00a0<em>Am\u00e9rica Latina y el Caribe: estimaciones y proyecciones de poblaci\u00f3n<\/em>, Centro Latinoamericano y Caribe\u00f1o de Demograf\u00eda\/Cepal-Celade y Divisi\u00f3n de Poblaci\u00f3n de Naciones Unidas, julio 2022).<\/p>\n<\/div>\n<div class=\"col col2\">\n<p>En M\u00e9xico, la primera causa de muerte en hombres en 2021 fue por covid-19 (136 mil 778 fallecimientos), la segunda por enfermedades del coraz\u00f3n (124 mil 81) y la tercera por diabetes mellitus (72 mil 324); en las mujeres, la primera causa fue enfermedades del coraz\u00f3n (102 mil 613), en segundo lugar por covid-19 (87 mil 456) y la diabetes mellitus (70 mil 219) la tercera. Por grupos de edad hay diferencias, prevalece como primera causa la covid-19 entre quienes tienen entre 35 y 65 a\u00f1os (en mayores la superan las enfermedades del coraz\u00f3n), las agresiones y homicidios ocupan primer lugar en quienes tienen entre 15 y 34 a\u00f1os, los accidentes son primera causa de muerte en ni\u00f1as, ni\u00f1os y adolescentes de cinco a 14 a\u00f1os, y en menores de cinco a\u00f1os las causas son afecciones perinatales, malformaciones y anomal\u00edas cromosom\u00e1ticas (\u00a0<em>Estad\u00edsticas de defunciones registradas 2021<\/em>, preliminar, Inegi\/ 27 julio, 2022).<\/p>\n<p>Los efectos del covid-19 en la esperanza de vida de los mexicanos son muy desalentadoras. Las estimaciones para 2020, aunque est\u00e1n por confirmarse, apuntan hacia un descenso in\u00e9dito. Es posible que se pierdan cuatro a\u00f1os en promedio, que los hombres pasen de 72.2 a\u00f1os de esperanza de vida al nacer a 67.09, y que ellas pasen de 78.6 a 75.13 a\u00f1os. Es tambi\u00e9n probable que esta trayectoria se recupere en algunos a\u00f1os.<\/p>\n<p>No hay duda de que la pandemia desnud\u00f3 las debilidades del sistema de salud y las desigualdades sociales, el gran reto est\u00e1 en fortalecer y ampliar el acceso a los servicios de salud, pero adem\u00e1s es importante el esfuerzo que se est\u00e1 haciendo en educaci\u00f3n alimentaria, en la escuela y en los medios, toda vez que muchas enfermedes cr\u00f3nicas son comorbilidades de covid-19 y son las que provocan cada vez m\u00e1s muertes; las enfermedades del coraz\u00f3n y la diabetes est\u00e1n relacionadas con el sobrepeso y la obesidad y requieren un cambio de r\u00e9gimen alimentario y de \u00admovilidad.<\/p>\n<p>Ampliar la esperanza de vida es un reto global antes y despu\u00e9s de la pandemia; el Estado y la sociedad entera tenemos que anticipar estrategias que garanticen que vivir m\u00e1s a\u00f1os sean un motivo para \u00a1seguir celebrando la vida!<\/p>\n<p><em>*Secretaria general del Conapo<\/em><\/p>\n<p>Twitter:\u00a0<a href=\"https:\/\/www.twitter.com\/Gabrielarodr108\" target=\"_blank\" rel=\"noopener\">Gabrielarodr108<\/a><\/p>\n<p class=\"email\">\n<\/div>\n<\/div>\n<div class=\"go gui\">\n<div class=\"go-up\"><\/div>\n<\/div>\n<\/div>\n<div id=\"taboola-below-content-thumbnails\" class=\" trc_related_container trc_spotlight_widget tbl-feed-container tbl-feed-frame-DIVIDER  render-late-effect\" data-feed-container-num=\"1\" data-feed-main-container-id=\"taboola-below-content-thumbnails\" data-parent-placement-name=\"Below Content Thumbnails\" data-pub-lang=\"es\">\n<div class=\" tbl-feed-header tbl-logo-right-position\">\n<div class=\"tbl-feed-header-logo\"><\/div>\n<\/div>\n<div id=\"taboola-below-content-thumbnails-pl1\" class=\" trc_related_container trc_spotlight_widget trc_elastic trc_elastic_organic-thumbs-feed-02  tbl-feed-card \" data-card-index=\"1\" data-batch-num=\"1\" data-placement-name=\"Below Content Thumbnails | Card 1\">\n<div class=\"trc_rbox_container\">\n<div>\n<div id=\"trc_wrapper_45309\" class=\"trc_rbox organic-thumbs-feed-02 trc-content-organic \">\n<div id=\"outer_45309\" class=\"trc_rbox_outer\">\n<div id=\"rbox-t2v\" class=\"trc_rbox_div trc_rbox_border_elm\">\n<div id=\"internal_trc_45309\">\n<div class=\"videoCube trc_spotlight_item origin-undefined thumbnail_top textItem videoCube_1_child trc-first-recommendation trc-spotlight-first-recommendation  trc_excludable \" data-item-id=\"5916893285944369192\" data-item-title=\"El estante de lo ins\u00f3lito\" data-item-thumb=\"https:\/\/www.jornada.com.mx\/2022\/07\/22\/fotos\/a12o1esp-1.jpg\" data-item-syndicated=\"false\">\n<div class=\"thumbBlock_holder\"><\/div>\n<\/div>\n<\/div>\n<\/div>\n<\/div>\n<\/div>\n<\/div>\n<\/div>\n<\/div>\n<\/div>\n","protected":false},"excerpt":{"rendered":"<p>Esperanza de vida al nacer Gabriela Rodr\u00edguez R.* El n\u00famero de a\u00f1os que en promedio\u00a0se espera que viva una persona al momento del nacimiento configura\u00a0la esperanza de vida al nacer, un indicador del desarrollo econ\u00f3mico y social de la poblaci\u00f3n. En Me?xico se ha presentado un importante incremento de este indicador a lo largo de [&hellip;]<\/p>\n","protected":false},"author":249,"featured_media":28699,"comment_status":"open","ping_status":"closed","sticky":false,"template":"","format":"standard","meta":{"footnotes":""},"categories":[26],"tags":[],"class_list":["post-28698","post","type-post","status-publish","format-standard","has-post-thumbnail","hentry","category-mundo"],"_links":{"self":[{"href":"https:\/\/eloficiodehistoriar.com.mx\/index.php?rest_route=\/wp\/v2\/posts\/28698","targetHints":{"allow":["GET"]}}],"collection":[{"href":"https:\/\/eloficiodehistoriar.com.mx\/index.php?rest_route=\/wp\/v2\/posts"}],"about":[{"href":"https:\/\/eloficiodehistoriar.com.mx\/index.php?rest_route=\/wp\/v2\/types\/post"}],"author":[{"embeddable":true,"href":"https:\/\/eloficiodehistoriar.com.mx\/index.php?rest_route=\/wp\/v2\/users\/249"}],"replies":[{"embeddable":true,"href":"https:\/\/eloficiodehistoriar.com.mx\/index.php?rest_route=%2Fwp%2Fv2%2Fcomments&post=28698"}],"version-history":[{"count":1,"href":"https:\/\/eloficiodehistoriar.com.mx\/index.php?rest_route=\/wp\/v2\/posts\/28698\/revisions"}],"predecessor-version":[{"id":28700,"href":"https:\/\/eloficiodehistoriar.com.mx\/index.php?rest_route=\/wp\/v2\/posts\/28698\/revisions\/28700"}],"wp:featuredmedia":[{"embeddable":true,"href":"https:\/\/eloficiodehistoriar.com.mx\/index.php?rest_route=\/wp\/v2\/media\/28699"}],"wp:attachment":[{"href":"https:\/\/eloficiodehistoriar.com.mx\/index.php?rest_route=%2Fwp%2Fv2%2Fmedia&parent=28698"}],"wp:term":[{"taxonomy":"category","embeddable":true,"href":"https:\/\/eloficiodehistoriar.com.mx\/index.php?rest_route=%2Fwp%2Fv2%2Fcategories&post=28698"},{"taxonomy":"post_tag","embeddable":true,"href":"https:\/\/eloficiodehistoriar.com.mx\/index.php?rest_route=%2Fwp%2Fv2%2Ftags&post=28698"}],"curies":[{"name":"wp","href":"https:\/\/api.w.org\/{rel}","templated":true}]}}