{"id":28704,"date":"2022-07-29T08:54:55","date_gmt":"2022-07-29T14:54:55","guid":{"rendered":"https:\/\/eloficiodehistoriar.com.mx\/?p=28704"},"modified":"2022-07-29T08:54:55","modified_gmt":"2022-07-29T14:54:55","slug":"silvio-zavala-expresa-entre-usa-y-mexico-media-un-acuerdo-historico-que-fecta-la-nacionalidad","status":"publish","type":"post","link":"https:\/\/eloficiodehistoriar.com.mx\/?p=28704","title":{"rendered":"Silvio Zavala, expresa:  Entre USA y M\u00e9xico media un acuerdo hist\u00f3rico que fecta  la nacionalidad."},"content":{"rendered":"<div id=\"article-cont\" class=\"main-cont article-cont analysis\">\n<div class=\"cabeza\">Nuestra historia nos salvar\u00e1<\/div>\n<div class=\"sumarios\"><\/div>\n<div class=\"credito-articulo\">Jos\u00e9 Cueli<\/div>\n<div><\/div>\n<div id=\"article-text\" class=\"text\">\n<div class=\"col col1\">\n<div class=\"inicial\">Donald Trump, ex\u00a0presidente de Estados Unidos, y el actual presidente Joe Biden juegan a las vencidas, el mundo tiembla y M\u00e9xico repite su historia. Ante este jueguito desde el imperio, uno de nuestros grandes historiadores, don Silvio Zavala, expresa:<\/div>\n<p><q>Entre Estados Unidos y M\u00e9xico media un acuerdo hist\u00f3rico de conflicto territorial que ha pasado a los manuales escolares y que afecta el coraz\u00f3n de la nacionalidad.<\/q><\/p>\n<p>La desigualdad en la riqueza y en el desenvolvimiento t\u00e9cnico produce reacciones de molestia ante el vecino omnipotente, con capacidades para la civilizaci\u00f3n progresista, moderna, que unas veces es admirado y otras visto como un peligro creciente.<\/p>\n<p>La imagen que puede acercarse m\u00e1s a esta situaci\u00f3n (la relaci\u00f3n entre Estados Unidos y M\u00e9xico) es la de un rascacielos que se yergue junto a la casa menor vecina, que la resquebraja y amenaza (nuestra econom\u00eda descuadrada: la inflaci\u00f3n, ni para las tortillas alcanza), convierte la vecindad en una constante \u00e1rea hist\u00f3rica, en un apu\u00f1alamiento penoso del propietario peque\u00f1o, que no quiere renunciar a lo perdido, y aparece siempre en el momento de las reclamaciones como deudor y no como acreedor del vecino poderoso.<\/p>\n<p>Nuestra historia s\u00f3lo se comprende con base en la monta\u00f1a. El asiento de nuestras grandes formaciones culturales, el mundo n\u00e1huatl, est\u00e1 centrado en medio de monta\u00f1as, entre el mar y el hombre del altiplano, una cadena de interminables monta\u00f1as: naranjas, rosas, violetas, agudas, \u00e1speras, sedosas, pero siempre en la monta\u00f1a, la interminable monta\u00f1a que dice don Silvio Zavala.<\/p>\n<\/div>\n<div class=\"col col2\">\n<p>El intrincado complejo cultural n\u00e1huatl se estructura, define y asila en valles y cuencas rodeados por monta\u00f1as.<\/p>\n<p>En el pasado m\u00e1s remoto, complejas migraciones y horizontes culturales convirtieron al altiplano. El jaguar con su sonrisa, los hombres del pa\u00eds del hule, los olmecas, mutaron la expresi\u00f3n pl\u00e1stica del horizonte cultural mexicano. Santiago Ram\u00edrez, el fundador del sicoan\u00e1lisis en M\u00e9xico, opina que la convergencia se hizo; cuando la cultura cristaliz\u00f3, la cosmovisi\u00f3n abarc\u00f3 las artes, las ciencias, la religi\u00f3n, el culto y la pol\u00edtica, fuerza cristalizadora que mantuvo una coherencia y una cohesi\u00f3n extraordinarias. La estructura del mundo n\u00e1huatl m\u00e1gico religioso en sus ra\u00edces es profundamente centralista.<\/p>\n<p>Aunque el rascacielos de los vecinos se tambalee por el combate entre sus m\u00e1ximos dirigentes y haga temblar nuestro centro, con sus art\u00edsticas casitas, nuestra historia, a pesar de lo traum\u00e1tico, nos ha salvado y salvar\u00e1.<\/p>\n<p class=\"email\">\n<\/div>\n<\/div>\n<div class=\"go gui\">\n<div class=\"go-up\"><\/div>\n<\/div>\n<\/div>\n<div id=\"taboola-below-content-thumbnails\" class=\" trc_related_container trc_spotlight_widget tbl-feed-container tbl-feed-frame-DIVIDER  render-late-effect\" data-feed-container-num=\"1\" data-feed-main-container-id=\"taboola-below-content-thumbnails\" data-parent-placement-name=\"Below Content Thumbnails\" data-pub-lang=\"es\">\n<div class=\" tbl-feed-header tbl-logo-right-position\">\n<div class=\"tbl-feed-header-logo\"><\/div>\n<\/div>\n<\/div>\n","protected":false},"excerpt":{"rendered":"<p>Nuestra historia nos salvar\u00e1 Jos\u00e9 Cueli Donald Trump, ex\u00a0presidente de Estados Unidos, y el actual presidente Joe Biden juegan a las vencidas, el mundo tiembla y M\u00e9xico repite su historia. Ante este jueguito desde el imperio, uno de nuestros grandes historiadores, don Silvio Zavala, expresa: Entre Estados Unidos y M\u00e9xico media un acuerdo hist\u00f3rico de [&hellip;]<\/p>\n","protected":false},"author":249,"featured_media":28705,"comment_status":"open","ping_status":"closed","sticky":false,"template":"","format":"standard","meta":{"footnotes":""},"categories":[26],"tags":[],"class_list":["post-28704","post","type-post","status-publish","format-standard","has-post-thumbnail","hentry","category-mundo"],"_links":{"self":[{"href":"https:\/\/eloficiodehistoriar.com.mx\/index.php?rest_route=\/wp\/v2\/posts\/28704","targetHints":{"allow":["GET"]}}],"collection":[{"href":"https:\/\/eloficiodehistoriar.com.mx\/index.php?rest_route=\/wp\/v2\/posts"}],"about":[{"href":"https:\/\/eloficiodehistoriar.com.mx\/index.php?rest_route=\/wp\/v2\/types\/post"}],"author":[{"embeddable":true,"href":"https:\/\/eloficiodehistoriar.com.mx\/index.php?rest_route=\/wp\/v2\/users\/249"}],"replies":[{"embeddable":true,"href":"https:\/\/eloficiodehistoriar.com.mx\/index.php?rest_route=%2Fwp%2Fv2%2Fcomments&post=28704"}],"version-history":[{"count":1,"href":"https:\/\/eloficiodehistoriar.com.mx\/index.php?rest_route=\/wp\/v2\/posts\/28704\/revisions"}],"predecessor-version":[{"id":28706,"href":"https:\/\/eloficiodehistoriar.com.mx\/index.php?rest_route=\/wp\/v2\/posts\/28704\/revisions\/28706"}],"wp:featuredmedia":[{"embeddable":true,"href":"https:\/\/eloficiodehistoriar.com.mx\/index.php?rest_route=\/wp\/v2\/media\/28705"}],"wp:attachment":[{"href":"https:\/\/eloficiodehistoriar.com.mx\/index.php?rest_route=%2Fwp%2Fv2%2Fmedia&parent=28704"}],"wp:term":[{"taxonomy":"category","embeddable":true,"href":"https:\/\/eloficiodehistoriar.com.mx\/index.php?rest_route=%2Fwp%2Fv2%2Fcategories&post=28704"},{"taxonomy":"post_tag","embeddable":true,"href":"https:\/\/eloficiodehistoriar.com.mx\/index.php?rest_route=%2Fwp%2Fv2%2Ftags&post=28704"}],"curies":[{"name":"wp","href":"https:\/\/api.w.org\/{rel}","templated":true}]}}