{"id":28707,"date":"2022-07-29T09:06:50","date_gmt":"2022-07-29T15:06:50","guid":{"rendered":"https:\/\/eloficiodehistoriar.com.mx\/?p=28707"},"modified":"2022-07-29T09:06:50","modified_gmt":"2022-07-29T15:06:50","slug":"nereidas-sonara-en-xalapa-baile-anunciada-para-las-11-horas-del-31-de-julio-en-el-parque-juarez","status":"publish","type":"post","link":"https:\/\/eloficiodehistoriar.com.mx\/?p=28707","title":{"rendered":"\u00abNereidas\u00bb\u00a0sonar\u00e1 en Xalapa baile\u00a0anunciada para las\u00a011 horas del 31 de julio\u00a0en el parque Ju\u00e1rez."},"content":{"rendered":"<div>\n<h1 class=\"title\">Fest\u00edn jarocho:<\/h1>\n<h1 class=\"title\">M\u00e1s de 100 danzoneros bailar\u00e1n<\/h1>\n<h1 class=\"title\">En Parque Ju\u00e1rez<\/h1>\n<h1 class=\"title\">fecha y horario<\/h1>\n<\/div>\n<h3 class=\"subtitle\">\u00a1El danz\u00f3n sigue vivo!, dicen promotores de este baile tradicional de Veracruz<\/h3>\n<div class=\"lead-gallery \">\n<div class=\"teaser  owl-carousel owl-theme\">\n<div class=\"owl-wrapper-outer\">\n<div class=\"owl-wrapper\">\n<div class=\"owl-item\">\n<div class=\"img-container picture\">\n<div id=\"standard_1\" class=\"st-placement standard_1 inImage\">\n<div class=\"st-adunit st-adunit-tagged st-reset st-show\">\n<div class=\"st-adunit-ad st-reset\">\n<div class=\"st-display-render st-reset\">\n<div class=\"st-reset\">\n<div class=\"important-styled st-canvas-container open LeaderboardModule display-standard fssquz2\">\n<div class=\"important-styled st-canvas-el fhxwyqa\">\n<div class=\"important-styled st-canvas-container undefined fssquz2\">\n<div class=\"important-styled st-canvas-el f13recig\">\n<div class=\"important-styled st-canvas-container undefined fssquz2\">\n<div class=\"important-styled st-canvas-el fhxwyqa\">\n<div class=\"important-styled f1u5e9na\">\n<div class=\"important-styled display-render-wrapper f1u5e9na\">El danz\u00f3n sigue vigente y requiere habilidades especiales, se\u00f1alan<\/div>\n<\/div>\n<\/div>\n<\/div>\n<\/div>\n<\/div>\n<\/div>\n<\/div>\n<\/div>\n<\/div>\n<\/div>\n<\/div>\n<\/div>\n<\/div>\n<\/div>\n<\/div>\n<\/div>\n<\/div>\n<\/div>\n<div id=\"affix-share\" class=\"sharing-menu affix\">\n<ul>\n<li>Maribel S\u00e1nchez<\/li>\n<li>Diario de Xalapa<\/li>\n<\/ul>\n<\/div>\n<div class=\"content-body clearfix \">\n<div id=\"content-body-225-8662069\">\n<p><b>Nereidas<\/b>, uno de los danzones m\u00e1s populares de M\u00e9xico,\u00a0<b>sonar\u00e1 en Xalapa en una muestra masiva de baile<\/b>\u00a0anunciada para las<b>\u00a011 horas del 31 de julio<\/b>\u00a0en el parque Ju\u00e1rez. Por tercera ocasi\u00f3n, m\u00e1s de\u00a0<b>100 danzoneros<\/b>\u00a0se reunir\u00e1n con el fin de demostrar que \u00abel danz\u00f3n en Veracruz sigue vivo, de norte a sur de la entidad\u00bb, expresa el promotor cultural\u00a0<b>H\u00e9ctor Carmona.<\/b><\/p>\n<p>A pesar de que por la contingencia sanitaria no se espera alcanzar el r\u00e9cord de 2018, cuando se congregaron m\u00e1s de 500 bailarines, hay ya 150 personas inscritas. Previo a este encuentro masivo se desarrollar\u00e1 un baile descrito por H\u00e9ctor Carmona como \u201chist\u00f3rico\u201d. Se trata del\u00a0<b>Primer Encuentro de Danzoneras<\/b>, con cinco grupos y representantes de clubes locales, as\u00ed como de Puebla, Ciudad de M\u00e9xico, San Luis Potos\u00ed y Tampico.<\/p>\n<p>En el sal\u00f3n Bazar, el 30 de julio desde las 15:30 horas se podr\u00e1 escuchar a las danzoneras Algarab\u00eda, Alma del Tr\u00f3pico, \u00c1ngel Mu\u00f1oz, Cultura Danz\u00f3n y Quimera. Se solicitar\u00e1 un donativo. H\u00e9ctor Carmona invita a no perderse estas actividades y comprobar que el danz\u00f3n es una gimnasia cerebral completa, un g\u00e9nero danc\u00edstico para el que se necesita agilidad y coordinaci\u00f3n.<\/p>\n<p><b>\u201cBailar danz\u00f3n es complejo.<\/b>\u00a0Tiene un estructura musical que se debe entender y saber d\u00f3nde est\u00e1n los descansos; cuando se baila ya de forma t\u00e9cnica, hay que saber c\u00f3mo dirigir a la pareja y hacer giros\u201d. Bailar danz\u00f3n conlleva bondades, a\u00f1ade el tambi\u00e9n bailar\u00edn y m\u00fasico, quien destaca la activaci\u00f3n f\u00edsica y la de los neurotransmisores con la mejora del estado de \u00e1nimo.<\/p>\n<\/div>\n<\/div>\n<article class=\"content-continued-body clearfix \">\n<div id=\"content-body-5851641-8662069\">\n<h2><b>\u00bfCu\u00e1les son los or\u00edgenes del danz\u00f3n en Veracruz?<\/b><\/h2>\n<p>De acuerdo con el soci\u00f3logo Jos\u00e9 Luis Cer\u00f3n, M\u00e9xico recibi\u00f3 de Cuba y de algunas otras naciones caribe\u00f1as distintas corrientes musicales, sobre todo desde fines del siglo XVIII y hasta el siglo XX.<\/p>\n<ul>\n<li><b>Vuelve a leer:\u00a0<a href=\"https:\/\/www.diariodexalapa.com.mx\/cultura\/un-buen-maestro-nos-toca-el-corazon-y-la-inteligencia-afirma-jose-gordon-la-entrevista-8641044.html\" target=\"_blank\" rel=\"Follow noopener\">Un buen maestro nos toca el coraz\u00f3n y la inteligencia, afirma Jos\u00e9 Gordon; la entrevista<\/a><\/b><\/li>\n<\/ul>\n<p><b>\u201cEl danz\u00f3n proviene de una fusi\u00f3n de ritmos haitianos, como la contradanza inglesa (<i>country dance<\/i>) adoptada en Francia en el siglo XVII, y de cubanos de ascendencia africana, tambi\u00e9n de ritmos europeos aclimatados como el minueto, el rigod\u00f3n, los lanceros y otros bailes del mismo origen\u201d.<\/b><\/p>\n<p>En la actualidad, se han popularizado danzones como Nereidas, Ju\u00e1rez, No debi\u00f3 de Morir y Pulque para dos, por mencionar algunos. El investigador apunta que \u201cel danz\u00f3n forma parte de la memoria musical y emocional de miles de mexicanos\u201d.<\/p>\n<h2><b>Urge difusi\u00f3n del danz\u00f3n en los j\u00f3venes<\/b><\/h2>\n<article class=\"cultura\nmedia col-md-4 inline-story \"><\/p>\n<div class=\"teaser \">\n<h4 class=\"title \"><i>\u00abLa difusi\u00f3n y la pr\u00e1ctica del danz\u00f3n se debe promover en los j\u00f3venes, de lo contrario, hay el riesgo de que en el futuro solo se vea como un baile de espect\u00e1culo y para viejitos\u00bb, alerta el director de la Danzonera Veracruzana, H\u00e9ctor Carmona.<\/i><\/h4>\n<\/div>\n<\/article>\n<p>En v\u00edspera de demostraci\u00f3n masiva en Xalapa, lamenta que este estilo de baile tenga que enfrentarse a estereotipos como el de la edad. Y es que acepta que se requiere tiempo para la pr\u00e1ctica, por eso se acercan muchas personas jubiladas.<\/p>\n<p><b>Por la edad de estos practicantes, menciona que hay instructores que les ponen pasos que previenen alguna lesi\u00f3n, son suaves, sin embargo, indica que el danz\u00f3n es para personas de todas las edades.<\/b><\/p>\n<p><b>\u201cEl danz\u00f3n no es aburrido. Es complejo y desarrolla varias habilidades. Actualmente hay danzones nuevos. Hay m\u00fasicos y danzoneras que no se quedaron en las canciones cl\u00e1sicas. Hay buen danz\u00f3n, sigue vigente y hay que acercase a \u00e9l\u201d, expresa. Quien quiera sumarse puede seguir Facebook Danz\u00f3n Xalapa.<\/b><\/p>\n<\/div>\n<\/article>\n","protected":false},"excerpt":{"rendered":"<p>Fest\u00edn jarocho: M\u00e1s de 100 danzoneros bailar\u00e1n En Parque Ju\u00e1rez fecha y horario \u00a1El danz\u00f3n sigue vivo!, dicen promotores de este baile tradicional de Veracruz El danz\u00f3n sigue vigente y requiere habilidades especiales, se\u00f1alan Maribel S\u00e1nchez Diario de Xalapa Nereidas, uno de los danzones m\u00e1s populares de M\u00e9xico,\u00a0sonar\u00e1 en Xalapa en una muestra masiva de [&hellip;]<\/p>\n","protected":false},"author":249,"featured_media":28708,"comment_status":"open","ping_status":"closed","sticky":false,"template":"","format":"standard","meta":{"footnotes":""},"categories":[26],"tags":[],"class_list":["post-28707","post","type-post","status-publish","format-standard","has-post-thumbnail","hentry","category-mundo"],"_links":{"self":[{"href":"https:\/\/eloficiodehistoriar.com.mx\/index.php?rest_route=\/wp\/v2\/posts\/28707","targetHints":{"allow":["GET"]}}],"collection":[{"href":"https:\/\/eloficiodehistoriar.com.mx\/index.php?rest_route=\/wp\/v2\/posts"}],"about":[{"href":"https:\/\/eloficiodehistoriar.com.mx\/index.php?rest_route=\/wp\/v2\/types\/post"}],"author":[{"embeddable":true,"href":"https:\/\/eloficiodehistoriar.com.mx\/index.php?rest_route=\/wp\/v2\/users\/249"}],"replies":[{"embeddable":true,"href":"https:\/\/eloficiodehistoriar.com.mx\/index.php?rest_route=%2Fwp%2Fv2%2Fcomments&post=28707"}],"version-history":[{"count":1,"href":"https:\/\/eloficiodehistoriar.com.mx\/index.php?rest_route=\/wp\/v2\/posts\/28707\/revisions"}],"predecessor-version":[{"id":28709,"href":"https:\/\/eloficiodehistoriar.com.mx\/index.php?rest_route=\/wp\/v2\/posts\/28707\/revisions\/28709"}],"wp:featuredmedia":[{"embeddable":true,"href":"https:\/\/eloficiodehistoriar.com.mx\/index.php?rest_route=\/wp\/v2\/media\/28708"}],"wp:attachment":[{"href":"https:\/\/eloficiodehistoriar.com.mx\/index.php?rest_route=%2Fwp%2Fv2%2Fmedia&parent=28707"}],"wp:term":[{"taxonomy":"category","embeddable":true,"href":"https:\/\/eloficiodehistoriar.com.mx\/index.php?rest_route=%2Fwp%2Fv2%2Fcategories&post=28707"},{"taxonomy":"post_tag","embeddable":true,"href":"https:\/\/eloficiodehistoriar.com.mx\/index.php?rest_route=%2Fwp%2Fv2%2Ftags&post=28707"}],"curies":[{"name":"wp","href":"https:\/\/api.w.org\/{rel}","templated":true}]}}