{"id":28720,"date":"2022-07-30T09:11:57","date_gmt":"2022-07-30T15:11:57","guid":{"rendered":"https:\/\/eloficiodehistoriar.com.mx\/?p=28720"},"modified":"2022-07-30T09:11:57","modified_gmt":"2022-07-30T15:11:57","slug":"el-salon-los-angeles-cumple-85-anos-y-seguira-mientras-el-tiempo-dure-y-el-alma-baile","status":"publish","type":"post","link":"https:\/\/eloficiodehistoriar.com.mx\/?p=28720","title":{"rendered":"El sal\u00f3n Los \u00c1ngeles cumple 85 a\u00f1os,\u00a0y seguir\u00e1 mientras el tiempo dure y el alma baile"},"content":{"rendered":"<div id=\"main-cont\">\n<article>\n<div id=\"article-cont\" class=\"main-cont article-cont actuality\">\n<div class=\"cabeza\">Cumple Los \u00c1ngeles 85 a\u00f1os como sal\u00f3n de baile y referente cultural<\/div>\n<div class=\"sumarios\">\n<p>En el m\u00edtico lugar, donde han gozado 5 millones de personas, se han gestado desde historias de amor hasta revoluciones, dice su propietario Miguel Nieto<\/p>\n<\/div>\n<div id=\"article-text\" class=\"text\">\n<div class=\"foto\">\n<div class=\"pie-foto\">El sal\u00f3n Los \u00c1ngeles cumple 85 a\u00f1os y hoy comienza la celebraci\u00f3n, que se prolongar\u00e1 hasta el 2 de agosto.<\/div>\n<div><\/div>\n<\/div>\n<div class=\"col\">\n<div class=\"credito-autor\">M\u00f3nica Mateos-Vega<\/div>\n<div class=\"credito-titulo\"><\/div>\n<div class=\"hemero\">La Jornada<\/p>\n<\/div>\n<p class=\"s-s\">El sal\u00f3n Los \u00c1ngeles cumple 85 a\u00f1os,\u00a0<q>y seguir\u00e1 mientras el tiempo dure y el alma baile<\/q>, como vaticin\u00f3 el escritor Carlos Fuentes en 1998, cuando festej\u00f3 ah\u00ed los 40 a\u00f1os de su novela\u00a0<em>La regi\u00f3n m\u00e1s transparente<\/em>.<\/p>\n<p>Hoy comienza la celebraci\u00f3n, que se prolongar\u00e1 hasta el 2 de agosto, sobre todo con la idea de mirar al futuro al convocar a amigos, as\u00ed como a la asidua y nueva clientela y, sobre todo, a emprendedores visionarios para que juntos impulsen los a\u00f1os venideros de ese espacio, donde se han gestado desde historias de amor hasta revoluciones.<\/p>\n<p>M\u00e1s que como sal\u00f3n de baile, Miguel Nieto Applebaum, actual propietario, describe al recinto como un centro cultural que buscar\u00e1 posicionarse a escala internacional, luego de los dos\u00a0<q>dolorosos<\/q>\u00a0a\u00f1os debido a la crisis sanitaria por el covid-19, en los que tuvieron que cerrar y afrontar la p\u00e9rdida de seres queridos. Reinventarse o morir.<\/p>\n<p>El nuevo modelo de administraci\u00f3n buscar\u00e1\u00a0<q>ser innovador en el campo de las industrias creativas, haciendo \u00e9nfasis en la producci\u00f3n de actos y actividades culturales, as\u00ed como en la de contenidos destinados a los medios audiovisuales. Tambi\u00e9n queremos crear un proyecto que fomente la integraci\u00f3n social por medio de un enfoque incluyente, y que funcione como motor de un modelo de desarrollo urbano que sea sustentable en el sentido ecol\u00f3gico y conciliatorio en el sentido social. Todo ello sin perder su esencia y tradici\u00f3n<\/q>, explic\u00f3 Nieto en entrevista con\u00a0<em>La Jornada<\/em>.<\/p>\n<p><q>Vamos a tratar de hacerlo<\/q>, continu\u00f3, \u201cpues para nosotros es mucho m\u00e1s dif\u00edcil porque ahora todo se divide en virtual y presencial. Nosotros estamos del lado presencial, que est\u00e1 muy golpeado y, adem\u00e1s, tenemos la competencia continua de los lugares que ponen m\u00fasica grabada, cuyos costos de producci\u00f3n son menores.<\/p>\n<p class=\"sumario\">Sorpresa<\/p>\n<p class=\"s-s\"><q>Pero precisamente, cuando las personas entran aqu\u00ed y nunca han estado en un lugar con m\u00fasica en vivo, se sorprenden de que existan este tipo de lugares y sucedan cosas como que hay parejas que se encuentran s\u00f3lo para bailar y luego nunca m\u00e1s se vuelven a ver, mientras otros vienen a mirar o pensar, conspirar o s\u00f3lo a recuperarse de una ardua semana de trabajo<\/q>.<\/p>\n<p>En la pista de baile del sal\u00f3n Los \u00c1ngeles, narr\u00f3 don Miguel, se han deslizado las suelas de Ernesto\u00a0<em>Che\u00a0<\/em>Guevara,\u00a0<q>quien ven\u00eda con Ra\u00fal y Fidel Castro, a quien no le gustaba bailar ni tomar<\/q>, pero s\u00ed conversar con sus camaradas. Tambi\u00e9n le han sacado lustre a la duela los premios Nobel de Literatura Gabriel Garc\u00eda M\u00e1rquez y Jos\u00e9 Saramago, as\u00ed como el cronista Carlos Monsiv\u00e1is,\u00a0<q>que a escondidas llegaba a la taquilla a comprar su entrada, para que no lo invit\u00e1ramos y pasar inadvertido entre la clientela<\/q>.<\/p>\n<p>Diego Rivera, Frida Kahlo, Mario Moreno\u00a0<em>Cantinflas<\/em>, Adalberto Mart\u00ednez\u00a0<em>Resortes<\/em>, Nin\u00f3n Sevilla, el ex presidente Miguel Alem\u00e1n, embajadores de Estados Unidos, el abolengo de la Ciudad de M\u00e9xico de la intensa vida nocturna de los a\u00f1os 50 y 60, estrellas de cine, periodistas, l\u00edderes pol\u00edticos y, m\u00e1s recientemente, figuras como el director de orquesta venezolano Gustavo Dudamel o el subsecretario de Salud, Hugo L\u00f3pez-Gatell, han sumado su presencia a la de an\u00f3nimos hijos de vecino, alguno de los cuales, antes de morir, pidi\u00f3 a su familia esparcir sus cenizas en el lugar donde fue tan feliz bailando.<\/p>\n<p>Los \u00c1ngeles tambi\u00e9n fue el lugar donde Valent\u00edn Campa, Demetrio Vallejo y los trabajadores sindicalistas ferrocarrileros hac\u00edan sus reuniones clandestinas para organizar su movimiento social,\u00a0<q>encuentros de los que seguramente no se enteraba mi familia<\/q>, dijo Nieto.<\/p>\n<p>Porque la historia del sal\u00f3n Los \u00c1ngeles es comunitaria y siempre ha estado vinculada con su administraci\u00f3n, detall\u00f3 quien pr\u00e1cticamente naci\u00f3 en el lugar. Don Miguel aprendi\u00f3 a gatear en la pista de baile, dio sus primeros pasos, disfrut\u00f3 largas horas infantiles pedaleando su triciclo, hasta que en octubre de 1972 tom\u00f3 las riendas administrativas.<\/p>\n<p class=\"sumario\">Los inicios<\/p>\n<p class=\"s-s\">Pero todo comenz\u00f3 en 1937 cuando su abuelo, Miguel Nieto Alc\u00e1ntara y su socio Alberto Rojas decidieron transformar una bodega de camiones y costales de carb\u00f3n, ubicada entonces en los m\u00e1rgenes de la ciudad, en un sal\u00f3n para ofrecer a los vecinos del barrio popular de Nuestra Se\u00f1ora de Los \u00c1ngeles, enclavado en la colonia Guerrero, muy cerquita de Tlatelolco, los ritmos de moda, siempre con m\u00fasica en vivo, para mover el bote con el danz\u00f3n o el\u00a0<em>swing<\/em>.<\/p>\n<p>Luego, continu\u00f3, \u201cmi padre, Miguel Nieto Hern\u00e1ndez, se hizo cargo del sal\u00f3n de 1948 a 1971. \u00c9l invent\u00f3 el lema \u2018Quien no conoce Los \u00c1ngeles no conoce M\u00e9xico\u2019 y meti\u00f3 los letreros de ne\u00f3n. Cuando muri\u00f3, en el 71, retom\u00f3 de nuevo mi abuelo, pero la operaci\u00f3n, as\u00ed como la contrataci\u00f3n de orquestas, qued\u00f3 en manos de la familia Parrales, que conoc\u00edan muy bien el manejo.<\/p>\n<p><q>Con ellos lleg\u00f3 la Sonora Santanera, toda la cumbia mexicana, Los Gatos Negros, el conjunto \u00c1frica. Les toc\u00f3 Rigo Tovar en los a\u00f1os 80 y la Sonora Matancera, que festej\u00f3 aqu\u00ed sus 50 a\u00f1os. Cuando yo entr\u00e9, por mis propios gustos comenc\u00e9 a promover la m\u00fasica de la disquera Fania y todo el movimiento de salsa de Nueva York, Colombia, Puerto Rico, Venezuela y Per\u00fa. Hubo un desfile de artistas que apenas empezaban y que por fortuna vivieron una excelente \u00e9poca aqu\u00ed.<\/q><\/p>\n<p>Son ya m\u00e1s de ocho d\u00e9cadas las que el sal\u00f3n Los \u00c1ngeles ha seguido una misma t\u00f3nica, reiter\u00f3 don Miguel:\u00a0<q>M\u00fasica para gente mayor y conservadora, sin olvidarnos de los j\u00f3venes. El mambo en su momento fue un ritmo para los chavos, lo mismo el chachach\u00e1 o la salsa. Eso s\u00ed, nosotros no promovemos el reguet\u00f3n porque creemos que es un ritmo que tiene ya suficientes apoyos comerciales y porque hay ciertas formas de baile innecesarias, como el perreo, que ser\u00e1 muy divertido para algunos j\u00f3venes, pero que no a todos gusta. Esa m\u00fasica no es ni buena ni mala, todo depende del uso<\/q>.<\/p>\n<p>Como buen actuario, carrera que estudi\u00f3 en la Facultad de Ciencias de la Universidad Nacional Aut\u00f3noma de M\u00e9xico, Miguel Nieto Applebaum calcula que en 85 a\u00f1os han bailado y gozado en Los \u00c1ngeles alrededor de 5 millones de personas.<\/p>\n<p>Decano de los salones de baile en la Ciudad de M\u00e9xico, el lugar es, sobre todo, \u201cun punto de encuentro para todos los gustos, donde se ha conformado una comunidad alrededor de un concepto, no tanto de un edificio. Al sal\u00f3n Los \u00c1ngeles afortunadamente le toc\u00f3 estar aqu\u00ed y ser testigo de m\u00faltiples acontecimientos desde los a\u00f1os 30. Ha sido set cinematogr\u00e1fico y ahora es un \u00edcono donde se puede recrear cualquier \u00e9poca, porque ha estado aqu\u00ed ocho d\u00e9cadas.<\/p>\n<p><q>Es un centro de reuni\u00f3n social, donde conviven personas de cualquier c\u00f3digo postal, donde quien no conoce lo que pasa aqu\u00ed sale encantado, porque en esencia, el sal\u00f3n est\u00e1 conectado con el pueblo<\/q>, concluy\u00f3 Miguel Nieto.<\/p>\n<p>Para conocer la programaci\u00f3n de aniversario, cuyo primer bailongo de este s\u00e1bado est\u00e1 dedicado a las nuevas generaciones, se puede consultar la cartelera en\u00a0<a href=\"http:\/\/salonlosangeles.mx\/cartelera-2022\/\" target=\"_blank\" rel=\"noopener\">http:\/\/salonlosangeles.mx\/cartelera-2022\/<\/a><\/p>\n<\/div>\n<\/div>\n<div class=\"go gui\">\n<div class=\"go-next\"><\/div>\n<div class=\"go-up\"><\/div>\n<\/div>\n<\/div>\n<div id=\"taboola-below-content-thumbnails\" class=\" trc_related_container trc_spotlight_widget\"><\/div>\n<\/article>\n<\/div>\n<div id=\"interstitialdfpportadas\"><\/div>\n","protected":false},"excerpt":{"rendered":"<p>Cumple Los \u00c1ngeles 85 a\u00f1os como sal\u00f3n de baile y referente cultural En el m\u00edtico lugar, donde han gozado 5 millones de personas, se han gestado desde historias de amor hasta revoluciones, dice su propietario Miguel Nieto El sal\u00f3n Los \u00c1ngeles cumple 85 a\u00f1os y hoy comienza la celebraci\u00f3n, que se prolongar\u00e1 hasta el 2 [&hellip;]<\/p>\n","protected":false},"author":249,"featured_media":28721,"comment_status":"open","ping_status":"closed","sticky":false,"template":"","format":"standard","meta":{"footnotes":""},"categories":[26],"tags":[],"class_list":["post-28720","post","type-post","status-publish","format-standard","has-post-thumbnail","hentry","category-mundo"],"_links":{"self":[{"href":"https:\/\/eloficiodehistoriar.com.mx\/index.php?rest_route=\/wp\/v2\/posts\/28720","targetHints":{"allow":["GET"]}}],"collection":[{"href":"https:\/\/eloficiodehistoriar.com.mx\/index.php?rest_route=\/wp\/v2\/posts"}],"about":[{"href":"https:\/\/eloficiodehistoriar.com.mx\/index.php?rest_route=\/wp\/v2\/types\/post"}],"author":[{"embeddable":true,"href":"https:\/\/eloficiodehistoriar.com.mx\/index.php?rest_route=\/wp\/v2\/users\/249"}],"replies":[{"embeddable":true,"href":"https:\/\/eloficiodehistoriar.com.mx\/index.php?rest_route=%2Fwp%2Fv2%2Fcomments&post=28720"}],"version-history":[{"count":1,"href":"https:\/\/eloficiodehistoriar.com.mx\/index.php?rest_route=\/wp\/v2\/posts\/28720\/revisions"}],"predecessor-version":[{"id":28722,"href":"https:\/\/eloficiodehistoriar.com.mx\/index.php?rest_route=\/wp\/v2\/posts\/28720\/revisions\/28722"}],"wp:featuredmedia":[{"embeddable":true,"href":"https:\/\/eloficiodehistoriar.com.mx\/index.php?rest_route=\/wp\/v2\/media\/28721"}],"wp:attachment":[{"href":"https:\/\/eloficiodehistoriar.com.mx\/index.php?rest_route=%2Fwp%2Fv2%2Fmedia&parent=28720"}],"wp:term":[{"taxonomy":"category","embeddable":true,"href":"https:\/\/eloficiodehistoriar.com.mx\/index.php?rest_route=%2Fwp%2Fv2%2Fcategories&post=28720"},{"taxonomy":"post_tag","embeddable":true,"href":"https:\/\/eloficiodehistoriar.com.mx\/index.php?rest_route=%2Fwp%2Fv2%2Ftags&post=28720"}],"curies":[{"name":"wp","href":"https:\/\/api.w.org\/{rel}","templated":true}]}}